{"id":86463,"date":"2019-01-04T19:31:58","date_gmt":"2019-01-04T22:31:58","guid":{"rendered":"http:\/\/www.hoymercedes.com.ar\/principal\/?p=86463"},"modified":"2019-01-04T22:47:23","modified_gmt":"2019-01-05T01:47:23","slug":"realizar-trabajos-de-embellecimiento-en-la-plaza-san-martin","status":"publish","type":"post","link":"https:\/\/www.hoymercedes.com.ar\/principal\/2019\/01\/04\/realizar-trabajos-de-embellecimiento-en-la-plaza-san-martin\/","title":{"rendered":"Realizar trabajos de embellecimiento en la Plaza San Mart\u00edn"},"content":{"rendered":"\n<p>Nuevas farolas de luminaria led, parquizaci\u00f3n, embellecimiento, automatizaci\u00f3n del riego y cuidados generales. El Municipio de Mercedes contin\u00faa con los trabajos de embellecimiento y recuperaci\u00f3n de los espacios p\u00fablicos de la ciudad. <\/p>\n\n\n\n<figure class=\"wp-block-image\"><img loading=\"lazy\" decoding=\"async\" width=\"750\" height=\"500\" data-attachment-id=\"86464\" data-permalink=\"https:\/\/www.hoymercedes.com.ar\/principal\/2019\/01\/04\/realizar-trabajos-de-embellecimiento-en-la-plaza-san-martin\/04-plaza2\/#main\" data-orig-file=\"https:\/\/www.hoymercedes.com.ar\/principal\/wp-content\/uploads\/2019\/01\/04-plaza2.jpg\" data-orig-size=\"750,500\" data-comments-opened=\"0\" data-image-meta=\"{&quot;aperture&quot;:&quot;0&quot;,&quot;credit&quot;:&quot;SEBASTIANAMBROSSIO&quot;,&quot;camera&quot;:&quot;&quot;,&quot;caption&quot;:&quot;&quot;,&quot;created_timestamp&quot;:&quot;0&quot;,&quot;copyright&quot;:&quot;SebastianAmbrossio&quot;,&quot;focal_length&quot;:&quot;0&quot;,&quot;iso&quot;:&quot;0&quot;,&quot;shutter_speed&quot;:&quot;0&quot;,&quot;title&quot;:&quot;&quot;,&quot;orientation&quot;:&quot;0&quot;}\" data-image-title=\"04 plaza2\" data-image-description=\"\" data-image-caption=\"\" data-large-file=\"https:\/\/www.hoymercedes.com.ar\/principal\/wp-content\/uploads\/2019\/01\/04-plaza2.jpg\" src=\"https:\/\/www.hoymercedes.com.ar\/principal\/wp-content\/uploads\/2019\/01\/04-plaza2.jpg\" alt=\"\" class=\"wp-image-86464\" srcset=\"https:\/\/www.hoymercedes.com.ar\/principal\/wp-content\/uploads\/2019\/01\/04-plaza2.jpg 750w, https:\/\/www.hoymercedes.com.ar\/principal\/wp-content\/uploads\/2019\/01\/04-plaza2-150x100.jpg 150w, https:\/\/www.hoymercedes.com.ar\/principal\/wp-content\/uploads\/2019\/01\/04-plaza2-630x420.jpg 630w\" sizes=\"auto, (max-width: 750px) 100vw, 750px\" \/><\/figure>\n\n\n\n<p>En esta oportunidad, el intendente Juan Ignacio Ustarroz recorri\u00f3 el comienzo de las obras en la emblem\u00e1tica plaza San Mart\u00edn. Estos trabajos se enmarcan dentro del plan de ejecuci\u00f3n por m\u00e1s de 100 millones de pesos que lleva a cabo la comuna. <\/p>\n\n\n\n<p>\u201cLa verdad que este espacio necesitaba una puesta en valor, tenemos una ciudad muy linda y este lugar neur\u00e1lgico realzado ser\u00e1 una propuesta realmente transformadora\u201d, expres\u00f3 el Jefe Comunal al Jefe de Gabinete, Mat\u00edas Dematei y Leonardo Belforte, director del \u00e1rea de Espacios verdes.<\/p>\n\n\n\n<p>El jefe comunal inform\u00f3 \u201clo que respecta a obras, se est\u00e1n modificando todas las estructuras de las luminarias\u201d y agreg\u00f3 \u201cse implementaran nuevos faroles y luces led\u201d.<\/p>\n\n\n\n<p>Por otro lado, desde la direcci\u00f3n de Espacios Verdes se realizar\u00e1 un proyecto de parquizaci\u00f3n de la plaza San Mart\u00edn \u201ccreo que este es el camino que nos hemos trazado desde el primer d\u00eda, trabajar cualquiera fuera la \u00e9poca del a\u00f1o\u201d y sostuvo \u201chaber empezado en el mes de enero con tanto trabajo nos llena de orgullo\u201d.<\/p>\n\n\n\n<p>\u201cVe\u00edamos a nuestros trabajadores municipales, quienes llevan adelante estos trabajos, y denotaban su felicidad por lo lindo que quedan estos faroles, que modifica la estructura y la puesta en valor de la plaza\u201d destac\u00f3 el intendente Ustarroz.<\/p>\n\n\n\n<figure class=\"wp-block-image\"><img loading=\"lazy\" decoding=\"async\" width=\"750\" height=\"500\" data-attachment-id=\"86465\" data-permalink=\"https:\/\/www.hoymercedes.com.ar\/principal\/2019\/01\/04\/realizar-trabajos-de-embellecimiento-en-la-plaza-san-martin\/04-farolas-sanmartin\/#main\" data-orig-file=\"https:\/\/www.hoymercedes.com.ar\/principal\/wp-content\/uploads\/2019\/01\/04-farolas.sanmartin.jpg\" data-orig-size=\"750,500\" data-comments-opened=\"0\" data-image-meta=\"{&quot;aperture&quot;:&quot;0&quot;,&quot;credit&quot;:&quot;SEBASTIANAMBROSSIO&quot;,&quot;camera&quot;:&quot;&quot;,&quot;caption&quot;:&quot;&quot;,&quot;created_timestamp&quot;:&quot;0&quot;,&quot;copyright&quot;:&quot;SebastianAmbrossio&quot;,&quot;focal_length&quot;:&quot;0&quot;,&quot;iso&quot;:&quot;0&quot;,&quot;shutter_speed&quot;:&quot;0&quot;,&quot;title&quot;:&quot;&quot;,&quot;orientation&quot;:&quot;0&quot;}\" data-image-title=\"04 farolas.sanmartin\" data-image-description=\"\" data-image-caption=\"\" data-large-file=\"https:\/\/www.hoymercedes.com.ar\/principal\/wp-content\/uploads\/2019\/01\/04-farolas.sanmartin.jpg\" src=\"https:\/\/www.hoymercedes.com.ar\/principal\/wp-content\/uploads\/2019\/01\/04-farolas.sanmartin.jpg\" alt=\"\" class=\"wp-image-86465\" srcset=\"https:\/\/www.hoymercedes.com.ar\/principal\/wp-content\/uploads\/2019\/01\/04-farolas.sanmartin.jpg 750w, https:\/\/www.hoymercedes.com.ar\/principal\/wp-content\/uploads\/2019\/01\/04-farolas.sanmartin-150x100.jpg 150w, https:\/\/www.hoymercedes.com.ar\/principal\/wp-content\/uploads\/2019\/01\/04-farolas.sanmartin-630x420.jpg 630w\" sizes=\"auto, (max-width: 750px) 100vw, 750px\" \/><\/figure>\n\n\n\n<p>Conjuntamente el jefe comunal indic\u00f3 \u201ceste es el inicio de un trabajo intenso que se va a hacer aqu\u00ed\u201d y a\u00f1adi\u00f3 \u201choy estamos trabajando tambi\u00e9n en 20 plazas de la ciudad, las cuales ser\u00e1n refaccionadas a cero, que contendr\u00e1n, adem\u00e1s, juegos inclusivos\u201d.<\/p>\n\n\n\n<p>Leonardo Belforte, director del \u00e1rea de Espacios verdes \u201cen primera instancia trabajamos en lo que fue la fumigaci\u00f3n de los \u00e1rboles para mejorar su calidad sanitaria, luego trataremos de regenerar los \u00e1rboles que est\u00e1n en mal estado, haremos podas correctivas del lugar, nivelaremos canteros y cambiaremos plantas\u201d y afirm\u00f3 \u201ccon estos trabajos intentaremos mejorar la est\u00e9tica del lugar y poner en valor la plaza\u201d.<\/p>\n\n\n\n<p>El tiempo que conllevar\u00e1n estas modificaciones es de aproximadamente dos meses, seg\u00fan se inform\u00f3 desde el \u00e1rea que conduce Belforte.<\/p>\n\n\n\n<p>Por su parte, Mat\u00edas Dematei expuso \u201cestamos trabajando, adem\u00e1s, en la recuperaci\u00f3n del riego artificial\u201d y subray\u00f3 \u201cllevando una tarea en conjunto desde todas las \u00e1reas del municipio, esto tiene que ver con esta puesta en valor de los distintos espacios p\u00fablicos que el intendente Ustarroz lleva adelante en los diferentes \u00e1mbitos de la ciudad\u201d.<\/p>\n\n\n\n<p>En otro orden de cosas, el intendente Ustarroz sostuvo \u201cnuestra experiencia en cuanto al cuidado de los vecinos es bastante buena, todos los lugares donde se ha intervenido poniendo flores y plantas \u2013referido al plan de forestaci\u00f3n- la gente lo est\u00e1 cuidando mucho y estamos contentos con el nivel de compromiso y responsabilidad de la gente\u201d.<\/p>\n\n\n\n<p>\u201cDe todas maneras, en esta plaza que quiz\u00e1s es m\u00e1s transitada, vamos a pedir la conciencia y el cuidado del espacio p\u00fablico porque cuesta trabajo, esfuerzo y dinero\u201d.<\/p>\n","protected":false},"excerpt":{"rendered":"<p>Nuevas farolas de luminaria led, parquizaci\u00f3n, embellecimiento, automatizaci\u00f3n del riego y cuidados generales. El Municipio de Mercedes contin\u00faa con los &#8230; <a title=\"Realizar trabajos de embellecimiento en la Plaza San Mart\u00edn\" class=\"read-more\" href=\"https:\/\/www.hoymercedes.com.ar\/principal\/2019\/01\/04\/realizar-trabajos-de-embellecimiento-en-la-plaza-san-martin\/\" aria-label=\"Leer m\u00e1s sobre Realizar trabajos de embellecimiento en la Plaza San Mart\u00edn\">Leer m\u00e1s<\/a><\/p>\n","protected":false},"author":1,"featured_media":86465,"comment_status":"closed","ping_status":"open","sticky":false,"template":"","format":"standard","meta":{"_monsterinsights_skip_tracking":false,"_monsterinsights_sitenote_active":false,"_monsterinsights_sitenote_note":"","_monsterinsights_sitenote_category":0,"jetpack_post_was_ever_published":false,"_jetpack_newsletter_access":"","_jetpack_dont_email_post_to_subs":false,"_jetpack_newsletter_tier_id":0,"_jetpack_memberships_contains_paywalled_content":false,"_jetpack_memberships_contains_paid_content":false,"footnotes":"","jetpack_publicize_message":"","jetpack_publicize_feature_enabled":true,"jetpack_social_post_already_shared":true,"jetpack_social_options":{"image_generator_settings":{"template":"highway","default_image_id":0,"font":"","enabled":false},"version":2},"_wpas_customize_per_network":false},"categories":[30],"tags":[12412,244,1005],"class_list":["post-86463","post","type-post","status-publish","format-standard","has-post-thumbnail","hentry","category-municipio","tag-espacios-verdes","tag-municipio-2","tag-plaza-san-martin","generate-columns","tablet-grid-50","mobile-grid-100","grid-parent","grid-50"],"jetpack_publicize_connections":[],"jetpack_featured_media_url":"https:\/\/www.hoymercedes.com.ar\/principal\/wp-content\/uploads\/2019\/01\/04-farolas.sanmartin.jpg","wps_subtitle":"","jetpack_sharing_enabled":true,"_links":{"self":[{"href":"https:\/\/www.hoymercedes.com.ar\/principal\/wp-json\/wp\/v2\/posts\/86463","targetHints":{"allow":["GET"]}}],"collection":[{"href":"https:\/\/www.hoymercedes.com.ar\/principal\/wp-json\/wp\/v2\/posts"}],"about":[{"href":"https:\/\/www.hoymercedes.com.ar\/principal\/wp-json\/wp\/v2\/types\/post"}],"author":[{"embeddable":true,"href":"https:\/\/www.hoymercedes.com.ar\/principal\/wp-json\/wp\/v2\/users\/1"}],"replies":[{"embeddable":true,"href":"https:\/\/www.hoymercedes.com.ar\/principal\/wp-json\/wp\/v2\/comments?post=86463"}],"version-history":[{"count":0,"href":"https:\/\/www.hoymercedes.com.ar\/principal\/wp-json\/wp\/v2\/posts\/86463\/revisions"}],"wp:featuredmedia":[{"embeddable":true,"href":"https:\/\/www.hoymercedes.com.ar\/principal\/wp-json\/wp\/v2\/media\/86465"}],"wp:attachment":[{"href":"https:\/\/www.hoymercedes.com.ar\/principal\/wp-json\/wp\/v2\/media?parent=86463"}],"wp:term":[{"taxonomy":"category","embeddable":true,"href":"https:\/\/www.hoymercedes.com.ar\/principal\/wp-json\/wp\/v2\/categories?post=86463"},{"taxonomy":"post_tag","embeddable":true,"href":"https:\/\/www.hoymercedes.com.ar\/principal\/wp-json\/wp\/v2\/tags?post=86463"}],"curies":[{"name":"wp","href":"https:\/\/api.w.org\/{rel}","templated":true}]}}