{"id":8648,"date":"2011-10-26T11:26:42","date_gmt":"2011-10-26T11:26:42","guid":{"rendered":"http:\/\/www.hoymercedes.com.ar\/principal\/?p=8648"},"modified":"2011-10-26T11:26:42","modified_gmt":"2011-10-26T11:26:42","slug":"vecinos-preocupados-por-antenas-de-enlaces-de-micro-ondas-se-autoconvocan","status":"publish","type":"post","link":"https:\/\/www.hoymercedes.com.ar\/principal\/2011\/10\/26\/vecinos-preocupados-por-antenas-de-enlaces-de-micro-ondas-se-autoconvocan\/","title":{"rendered":"Vecinos preocupados por antenas de enlaces de micro ondas se autoconvocan"},"content":{"rendered":"<p>Un grupo de vecinos de nuestra ciudad alarmados por la instalaci\u00f3n de antenas de enlaces para comunicaciones en diferentes puntos poblados urbanos y suburbanos ha decidido auto convocarse programando una reuni\u00f3n que seg\u00fan lo manifestaron se llevar\u00e1 a cabo el d\u00eda 2 de noviembre en el sal\u00f3n de la C\u00e1mara Econ\u00f3mica a las 19.00 para elaborar una estrategia de lucha en com\u00fan buscando la manera adecuada para que se desista de continuar colocando las mismas en dichos lugares.<\/p>\n<p>De acuerdo a lo informado <em>\u201cla idea es reunirnos para analizar la colocaci\u00f3n de dichos m\u00e1stiles en la zona poblado luego que en nuestra ciudad se registraran en los \u00faltimos tiempos dos casos que bien se podr\u00edan denominar instalaci\u00f3n clandestina porque en ninguno de los mismos se hab\u00eda solicitado el permiso correspondiente al correspondiente organismo de control y gracias a la tarea de los vecinos que detectaron y denunciaron los trabajos en dichas instalaciones debieron ser paralizados debido a una orden emanada desde el municipio.<\/em><\/p>\n<p><em>La primera de estas torres o m\u00e1stiles estaba siendo levantada en la calle 44 y 103 y la segunda, ya algo m\u00e1s preocupante casi en pleno centro porque era en calle 20 entre 9 y 11 pero gracias a la r\u00e1pida intervenci\u00f3n de los vecinos pudieron paralizarse los dos trabajos debido a que ninguno de ellos contaba con la autorizaci\u00f3n correspondiente emanada de la Secretar\u00eda de Control Urbano de la Municipalidad\u201d<\/em><\/p>\n<p>M\u00e1s adelante el informe dado a conocer por este grupo de vecinos indica que el primero de los casos mencionados, el de 44 y 103, fue oportunamente denunciado en el mes de julio pr\u00f3ximo pasado por los vecinos que residen en los sectores conocidos con los nombres de Pago Chico, Las Acacias y Santa Mar\u00eda; mientras que el segundo, hace poco m\u00e1s de un mes, la preocupaci\u00f3n fue mucho mayor ya que se intentaba ubicarla en un radio pr\u00e1cticamente c\u00e9ntrico como lo es el que se encuentra en las inmediaciones de la conocida Plaza San Luis.<\/p>\n<p>Posteriormente agregaron que durante el encuentro que se llevar\u00e1 a cabo el mi\u00e9rcoles 2 del mes pr\u00f3ximo, ser\u00e1 Claudio Guevara qui\u00e9n se referira a los peligros que genera en la salud de la poblaci\u00f3n las irradiaciones producidas por los equipos colocados en dichas torres, ya que se encuentra trabajando en un programa relacionado con dicha problem\u00e1tica en el cual se encuentra capacit\u00e1ndose en la Universidad Veracruzana.<\/p>\n<p>Las irradiaciones ser\u00edan de acuerdo a informes m\u00e9dicos causante de aumento de estr\u00e9s, insomnio, problemas de concentraci\u00f3n y hasta de algo mucho m\u00e1s grave como lo es el C\u00e1ncer generando en las personas afectadas un estado de irritabilidad muy grande, intranquilidad y falta de conciliaci\u00f3n del sue\u00f1o con el consiguiente mal descanso del cuerpo en horas de la noche y experimentan confusi\u00f3n y trastornos para poder concentrase.<\/p>\n<p>No es la primera vez que los vecinos de Mercedes tratan de organizarse para evitar la proliferaci\u00f3n de este tipo de elementos que generalmente debido a que las empresas que necesitan de los mismos para poder intensificar la gama de comunicaciones que se ha generado en todo el mundo a partir delas ultima parte de la d\u00e9cada de los 70 aumentando a nuestros d\u00edas de manera muy significativa debido al notable incremento de los datos que se trasmiten a trav\u00e9s de microondas cuya radiaciones en principio tambi\u00e9n estar\u00eda afectando y debilitando los sistemas de defensas propios que dispone el organismo humano.<\/p>\n<p>Se invita entonces a esta reuni\u00f3n abierta para analizar entre todos la situaci\u00f3n existente en la actualidad y a partir de la misma buscar una estrategia de trabajo com\u00fan.<\/p>\n","protected":false},"excerpt":{"rendered":"<p>Un grupo de vecinos de nuestra ciudad alarmados por la instalaci\u00f3n de antenas de enlaces para comunicaciones en diferentes puntos &#8230; <a title=\"Vecinos preocupados por antenas de enlaces de micro ondas se autoconvocan\" class=\"read-more\" href=\"https:\/\/www.hoymercedes.com.ar\/principal\/2011\/10\/26\/vecinos-preocupados-por-antenas-de-enlaces-de-micro-ondas-se-autoconvocan\/\" aria-label=\"Leer m\u00e1s sobre Vecinos preocupados por antenas de enlaces de micro ondas se autoconvocan\">Leer m\u00e1s<\/a><\/p>\n","protected":false},"author":1,"featured_media":0,"comment_status":"open","ping_status":"open","sticky":false,"template":"","format":"standard","meta":{"_monsterinsights_skip_tracking":false,"_monsterinsights_sitenote_active":false,"_monsterinsights_sitenote_note":"","_monsterinsights_sitenote_category":0,"jetpack_post_was_ever_published":false,"_jetpack_newsletter_access":"","_jetpack_dont_email_post_to_subs":false,"_jetpack_newsletter_tier_id":0,"_jetpack_memberships_contains_paywalled_content":false,"_jetpack_memberships_contains_paid_content":false,"footnotes":"","jetpack_publicize_message":"","jetpack_publicize_feature_enabled":true,"jetpack_social_post_already_shared":false,"jetpack_social_options":{"image_generator_settings":{"template":"highway","default_image_id":0,"font":"","enabled":false},"version":2},"_wpas_customize_per_network":false},"categories":[8],"tags":[1514,1513],"class_list":["post-8648","post","type-post","status-publish","format-standard","hentry","category-sociedad","tag-antenas","tag-vecinos-preocupados","generate-columns","tablet-grid-50","mobile-grid-100","grid-parent","grid-50"],"jetpack_publicize_connections":[],"jetpack_featured_media_url":"","wps_subtitle":"","jetpack_sharing_enabled":true,"_links":{"self":[{"href":"https:\/\/www.hoymercedes.com.ar\/principal\/wp-json\/wp\/v2\/posts\/8648","targetHints":{"allow":["GET"]}}],"collection":[{"href":"https:\/\/www.hoymercedes.com.ar\/principal\/wp-json\/wp\/v2\/posts"}],"about":[{"href":"https:\/\/www.hoymercedes.com.ar\/principal\/wp-json\/wp\/v2\/types\/post"}],"author":[{"embeddable":true,"href":"https:\/\/www.hoymercedes.com.ar\/principal\/wp-json\/wp\/v2\/users\/1"}],"replies":[{"embeddable":true,"href":"https:\/\/www.hoymercedes.com.ar\/principal\/wp-json\/wp\/v2\/comments?post=8648"}],"version-history":[{"count":0,"href":"https:\/\/www.hoymercedes.com.ar\/principal\/wp-json\/wp\/v2\/posts\/8648\/revisions"}],"wp:attachment":[{"href":"https:\/\/www.hoymercedes.com.ar\/principal\/wp-json\/wp\/v2\/media?parent=8648"}],"wp:term":[{"taxonomy":"category","embeddable":true,"href":"https:\/\/www.hoymercedes.com.ar\/principal\/wp-json\/wp\/v2\/categories?post=8648"},{"taxonomy":"post_tag","embeddable":true,"href":"https:\/\/www.hoymercedes.com.ar\/principal\/wp-json\/wp\/v2\/tags?post=8648"}],"curies":[{"name":"wp","href":"https:\/\/api.w.org\/{rel}","templated":true}]}}