{"id":86480,"date":"2019-01-04T23:18:55","date_gmt":"2019-01-05T02:18:55","guid":{"rendered":"http:\/\/www.hoymercedes.com.ar\/principal\/?p=86480"},"modified":"2019-01-04T23:20:05","modified_gmt":"2019-01-05T02:20:05","slug":"el-comercio-tuvo-su-fiesta-y-entrego-premios-entre-sus-clientes","status":"publish","type":"post","link":"https:\/\/www.hoymercedes.com.ar\/principal\/2019\/01\/04\/el-comercio-tuvo-su-fiesta-y-entrego-premios-entre-sus-clientes\/","title":{"rendered":"El comercio tuvo su fiesta y entreg\u00f3 premios entre sus clientes"},"content":{"rendered":"\n<p>La C\u00e1mara Econ\u00f3mica Mercedina llev\u00f3 adelante la VII Fiesta\ndel Comercio Mercedino en la noche del viernes. Una fiesta que signific\u00f3 un\ngran esfuerzo para la instituci\u00f3n al cubrir los premios sorteados, quince\n\u00f3rdenes de compras p por un total de 70 mil pesos para utilizar en los\ncomercios que adhirieron a la propuesta. <\/p>\n\n\n\n<figure class=\"wp-block-image\"><img loading=\"lazy\" decoding=\"async\" width=\"1024\" height=\"683\" data-attachment-id=\"86472\" data-permalink=\"https:\/\/www.hoymercedes.com.ar\/principal\/2019\/01\/05\/nuevos-bebederos-y-bicicleteros-en-40-y-1\/2019-fiesta-premio-norma-martinez\/#main\" data-orig-file=\"https:\/\/www.hoymercedes.com.ar\/principal\/wp-content\/uploads\/2019\/01\/2019-fiesta-premio-Norma-Mart\u00ednez.jpg\" data-orig-size=\"1024,683\" data-comments-opened=\"0\" data-image-meta=\"{&quot;aperture&quot;:&quot;4&quot;,&quot;credit&quot;:&quot;&quot;,&quot;camera&quot;:&quot;NIKON D3100&quot;,&quot;caption&quot;:&quot;????????????????????????????????????&quot;,&quot;created_timestamp&quot;:&quot;1546637676&quot;,&quot;copyright&quot;:&quot;&quot;,&quot;focal_length&quot;:&quot;28&quot;,&quot;iso&quot;:&quot;3200&quot;,&quot;shutter_speed&quot;:&quot;0.016666666666667&quot;,&quot;title&quot;:&quot;&quot;,&quot;orientation&quot;:&quot;1&quot;}\" data-image-title=\"2019 fiesta premio Norma Mart\u00ednez\" data-image-description=\"\" data-image-caption=\"&lt;p&gt;Norma Mart\u00ednez gan\u00f3 una orden de compra por 5 mil pesos. &lt;\/p&gt;\n\" data-large-file=\"https:\/\/www.hoymercedes.com.ar\/principal\/wp-content\/uploads\/2019\/01\/2019-fiesta-premio-Norma-Mart\u00ednez-1024x683.jpg\" src=\"https:\/\/www.hoymercedes.com.ar\/principal\/wp-content\/uploads\/2019\/01\/2019-fiesta-premio-Norma-Mart\u00ednez-1024x683.jpg\" alt=\"\" class=\"wp-image-86472\" srcset=\"https:\/\/www.hoymercedes.com.ar\/principal\/wp-content\/uploads\/2019\/01\/2019-fiesta-premio-Norma-Mart\u00ednez.jpg 1024w, https:\/\/www.hoymercedes.com.ar\/principal\/wp-content\/uploads\/2019\/01\/2019-fiesta-premio-Norma-Mart\u00ednez-150x100.jpg 150w, https:\/\/www.hoymercedes.com.ar\/principal\/wp-content\/uploads\/2019\/01\/2019-fiesta-premio-Norma-Mart\u00ednez-630x420.jpg 630w\" sizes=\"auto, (max-width: 1024px) 100vw, 1024px\" \/><figcaption>Norma Mart\u00ednez gan\u00f3 una orden de compra por 5 mil pesos. <\/figcaption><\/figure>\n\n\n\n<p>Cuando el sol ca\u00eda arrancaron los primeros sorteos. Quince\npremios en total en \u00f3rdenes de compras. Sorteos que fueron enmarcados con la\nm\u00fasica en vivo de Maldita M\u00e1quina. El primero premio era una orden de 10.000\npesos, hubo cuatro de 5 mil pesos y los diez restantes fueron de 4.000 pesos. A\nesto se le sum\u00f3 una orden de compra de Giro Did\u00e1ctico de mil pesos.<\/p>\n\n\n\n<p>La apertura oficial estuvo a cargo del Gerente de la CEM\nAriel Pietrucha junto al Intendente Municipal Juan Ignacio Ustarroz que con el\nMunicipio brind\u00f3 su apoyo y que, con el \u00e1rea de Seguridad, aprovech\u00f3 la\noportunidad para entregar una moto 110 y el televisor LED a Dami\u00e1n Ortol\u00e1 y Antonella\nMedia, respectivamente, ganadores de los sorteos entre los vecinos que reciben\nun bono por circular en motos con cascos. <\/p>\n\n\n\n<figure class=\"wp-block-image\"><img loading=\"lazy\" decoding=\"async\" width=\"750\" height=\"500\" data-attachment-id=\"86481\" data-permalink=\"https:\/\/www.hoymercedes.com.ar\/principal\/2019\/01\/04\/el-comercio-tuvo-su-fiesta-y-entrego-premios-entre-sus-clientes\/04-fiesta-comercio\/#main\" data-orig-file=\"https:\/\/www.hoymercedes.com.ar\/principal\/wp-content\/uploads\/2019\/01\/04-fiesta-comercio.jpg\" data-orig-size=\"750,500\" data-comments-opened=\"0\" data-image-meta=\"{&quot;aperture&quot;:&quot;4&quot;,&quot;credit&quot;:&quot;&quot;,&quot;camera&quot;:&quot;NIKON D3100&quot;,&quot;caption&quot;:&quot;????????????????????????????????????&quot;,&quot;created_timestamp&quot;:&quot;1546635317&quot;,&quot;copyright&quot;:&quot;&quot;,&quot;focal_length&quot;:&quot;26&quot;,&quot;iso&quot;:&quot;2200&quot;,&quot;shutter_speed&quot;:&quot;0.016666666666667&quot;,&quot;title&quot;:&quot;&quot;,&quot;orientation&quot;:&quot;1&quot;}\" data-image-title=\"04 fiesta comercio\" data-image-description=\"\" data-image-caption=\"&lt;p&gt;????????????????????????????????????&lt;\/p&gt;\n\" data-large-file=\"https:\/\/www.hoymercedes.com.ar\/principal\/wp-content\/uploads\/2019\/01\/04-fiesta-comercio.jpg\" src=\"https:\/\/www.hoymercedes.com.ar\/principal\/wp-content\/uploads\/2019\/01\/04-fiesta-comercio.jpg\" alt=\"\" class=\"wp-image-86481\" srcset=\"https:\/\/www.hoymercedes.com.ar\/principal\/wp-content\/uploads\/2019\/01\/04-fiesta-comercio.jpg 750w, https:\/\/www.hoymercedes.com.ar\/principal\/wp-content\/uploads\/2019\/01\/04-fiesta-comercio-150x100.jpg 150w, https:\/\/www.hoymercedes.com.ar\/principal\/wp-content\/uploads\/2019\/01\/04-fiesta-comercio-630x420.jpg 630w\" sizes=\"auto, (max-width: 750px) 100vw, 750px\" \/><figcaption>Dami\u00e1n Ortol\u00e1 se gan\u00f3 una moto por andar con casco<\/figcaption><\/figure>\n\n\n\n<p>Los sorteos fueron realizados con la colaboraci\u00f3n de ni\u00f1os y\nni\u00f1as que participaron de la Fiesta del Comercio. Mientras que los premios\nfueron entregados por Carlos Garanzini y Julio Leconte, dos integrantes de la\nComisi\u00f3n Directiva de la CEM. <\/p>\n\n\n\n<p>El beneficiado con la orden de compra de Giro Did\u00e1ctico fue\npara Marta Moreno. En tanto, las ordenes de 4000 pesos fueron para Pablo\nBarbella, que estaba presente en el evento; Mabel Arzani que lleg\u00f3 unos minutos\ndespu\u00e9s; Gabriela Moilto; Nicol Calder\u00f3n; Juan Cabrera; Raul Schenone, presente\nen la Fiesta tambi\u00e9n; Graciela Romero; Emma Zunino y Gloria Vega que se fue con\nsu orden de compra.<\/p>\n\n\n\n<p>Las cuatro \u00f3rdenes de cinco mil pesos fueron para Camila\nContin, Andrea Sotillo; Luis Laboral; y Norma Mart\u00ednez que se fue con su orden\nde compra. Por \u00faltimo, la orden de compra de diez mil pesos fue para Melisa Pedernera.<\/p>\n\n\n\n<figure class=\"wp-block-image\"><img loading=\"lazy\" decoding=\"async\" width=\"1024\" height=\"683\" data-attachment-id=\"86471\" data-permalink=\"https:\/\/www.hoymercedes.com.ar\/principal\/2019\/01\/05\/nuevos-bebederos-y-bicicleteros-en-40-y-1\/2019-fiesta-premio-gloria-vega\/#main\" data-orig-file=\"https:\/\/www.hoymercedes.com.ar\/principal\/wp-content\/uploads\/2019\/01\/2019-fiesta-premio-Gloria-Vega.jpg\" data-orig-size=\"1024,683\" data-comments-opened=\"0\" data-image-meta=\"{&quot;aperture&quot;:&quot;3.5&quot;,&quot;credit&quot;:&quot;&quot;,&quot;camera&quot;:&quot;NIKON D3100&quot;,&quot;caption&quot;:&quot;????????????????????????????????????&quot;,&quot;created_timestamp&quot;:&quot;1546636130&quot;,&quot;copyright&quot;:&quot;&quot;,&quot;focal_length&quot;:&quot;18&quot;,&quot;iso&quot;:&quot;1800&quot;,&quot;shutter_speed&quot;:&quot;0.016666666666667&quot;,&quot;title&quot;:&quot;&quot;,&quot;orientation&quot;:&quot;1&quot;}\" data-image-title=\"2019 fiesta premio Gloria Vega\" data-image-description=\"\" data-image-caption=\"&lt;p&gt;Vega se llev\u00f3 4 mil pesos. &lt;\/p&gt;\n\" data-large-file=\"https:\/\/www.hoymercedes.com.ar\/principal\/wp-content\/uploads\/2019\/01\/2019-fiesta-premio-Gloria-Vega-1024x683.jpg\" src=\"https:\/\/www.hoymercedes.com.ar\/principal\/wp-content\/uploads\/2019\/01\/2019-fiesta-premio-Gloria-Vega-1024x683.jpg\" alt=\"\" class=\"wp-image-86471\" srcset=\"https:\/\/www.hoymercedes.com.ar\/principal\/wp-content\/uploads\/2019\/01\/2019-fiesta-premio-Gloria-Vega.jpg 1024w, https:\/\/www.hoymercedes.com.ar\/principal\/wp-content\/uploads\/2019\/01\/2019-fiesta-premio-Gloria-Vega-150x100.jpg 150w, https:\/\/www.hoymercedes.com.ar\/principal\/wp-content\/uploads\/2019\/01\/2019-fiesta-premio-Gloria-Vega-630x420.jpg 630w\" sizes=\"auto, (max-width: 1024px) 100vw, 1024px\" \/><figcaption>Gloria Vega se llev\u00f3 4 mil pesos. <\/figcaption><\/figure>\n\n\n\n<p>Asimimo, en la Fiesta del Comercio la C\u00e1mara Econ\u00f3mica\nMercedina hizo entrega de un reconocimiento a tres comercios por el dise\u00f1o de\nsus vidrieras en estas fiestas. Las distinciones fueron para Puerto Nogal y a\nGabisor, y el premio a la Gran Vidriera fue para Peperina Juniors. &nbsp;La entrega de sendas distinciones las hicieron\nlos representantes de la CEM acompa\u00f1ados por el Jefe Comunal Juan Ustarroz, la\npresidente del HCD Sabrina Vi\u00f1ales y la concejal Aida Laporta.<\/p>\n\n\n\n<p>Durante la Fiesta se entregaron los premios a quienes estaban presentes. No obstante, quienes no estuvieron deber\u00e1n presentarte con su DNI en la sede de la C\u00e1mara Econ\u00f3mica de avenida 29 casi 28 en un plazo de quince d\u00edas para recibir los premios correspondientes.<\/p>\n\n\n\n<figure class=\"wp-block-image\"><img loading=\"lazy\" decoding=\"async\" width=\"1024\" height=\"683\" data-attachment-id=\"86474\" data-permalink=\"https:\/\/www.hoymercedes.com.ar\/principal\/2019\/01\/05\/nuevos-bebederos-y-bicicleteros-en-40-y-1\/2019-fiesta-vidriera-ganadora-peperina-jr\/#main\" data-orig-file=\"https:\/\/www.hoymercedes.com.ar\/principal\/wp-content\/uploads\/2019\/01\/2019-fiesta-vidriera-ganadora-Peperina-Jr.jpg\" data-orig-size=\"1024,683\" data-comments-opened=\"0\" data-image-meta=\"{&quot;aperture&quot;:&quot;3.5&quot;,&quot;credit&quot;:&quot;&quot;,&quot;camera&quot;:&quot;NIKON D3100&quot;,&quot;caption&quot;:&quot;????????????????????????????????????&quot;,&quot;created_timestamp&quot;:&quot;1546635789&quot;,&quot;copyright&quot;:&quot;&quot;,&quot;focal_length&quot;:&quot;18&quot;,&quot;iso&quot;:&quot;2800&quot;,&quot;shutter_speed&quot;:&quot;0.016666666666667&quot;,&quot;title&quot;:&quot;&quot;,&quot;orientation&quot;:&quot;1&quot;}\" data-image-title=\"2019 fiesta vidriera ganadora Peperina Jr\" data-image-description=\"\" data-image-caption=\"&lt;p&gt;Peperina Junior fue distinguida por el dise\u00f1o de su vidriera.  &lt;\/p&gt;\n\" data-large-file=\"https:\/\/www.hoymercedes.com.ar\/principal\/wp-content\/uploads\/2019\/01\/2019-fiesta-vidriera-ganadora-Peperina-Jr-1024x683.jpg\" src=\"https:\/\/www.hoymercedes.com.ar\/principal\/wp-content\/uploads\/2019\/01\/2019-fiesta-vidriera-ganadora-Peperina-Jr-1024x683.jpg\" alt=\"\" class=\"wp-image-86474\" srcset=\"https:\/\/www.hoymercedes.com.ar\/principal\/wp-content\/uploads\/2019\/01\/2019-fiesta-vidriera-ganadora-Peperina-Jr.jpg 1024w, https:\/\/www.hoymercedes.com.ar\/principal\/wp-content\/uploads\/2019\/01\/2019-fiesta-vidriera-ganadora-Peperina-Jr-150x100.jpg 150w, https:\/\/www.hoymercedes.com.ar\/principal\/wp-content\/uploads\/2019\/01\/2019-fiesta-vidriera-ganadora-Peperina-Jr-630x420.jpg 630w\" sizes=\"auto, (max-width: 1024px) 100vw, 1024px\" \/><figcaption>Peperina Junior fue distinguida por el dise\u00f1o de su vidriera.  <\/figcaption><\/figure>\n","protected":false},"excerpt":{"rendered":"<p>La C\u00e1mara Econ\u00f3mica Mercedina llev\u00f3 adelante la VII Fiesta del Comercio Mercedino en la noche del viernes. Una fiesta que &#8230; <a title=\"El comercio tuvo su fiesta y entreg\u00f3 premios entre sus clientes\" class=\"read-more\" href=\"https:\/\/www.hoymercedes.com.ar\/principal\/2019\/01\/04\/el-comercio-tuvo-su-fiesta-y-entrego-premios-entre-sus-clientes\/\" aria-label=\"Leer m\u00e1s sobre El comercio tuvo su fiesta y entreg\u00f3 premios entre sus clientes\">Leer m\u00e1s<\/a><\/p>\n","protected":false},"author":1,"featured_media":86474,"comment_status":"closed","ping_status":"open","sticky":false,"template":"","format":"standard","meta":{"_monsterinsights_skip_tracking":false,"_monsterinsights_sitenote_active":false,"_monsterinsights_sitenote_note":"","_monsterinsights_sitenote_category":0,"jetpack_post_was_ever_published":false,"_jetpack_newsletter_access":"","_jetpack_dont_email_post_to_subs":false,"_jetpack_newsletter_tier_id":0,"_jetpack_memberships_contains_paywalled_content":false,"_jetpack_memberships_contains_paid_content":false,"footnotes":"","jetpack_publicize_message":"","jetpack_publicize_feature_enabled":true,"jetpack_social_post_already_shared":true,"jetpack_social_options":{"image_generator_settings":{"template":"highway","default_image_id":0,"font":"","enabled":false},"version":2},"_wpas_customize_per_network":false},"categories":[8],"tags":[267,682,1735],"class_list":["post-86480","post","type-post","status-publish","format-standard","has-post-thumbnail","hentry","category-sociedad","tag-camara-economica-mercedina","tag-cem","tag-fiesta-del-comercio-mercedino","generate-columns","tablet-grid-50","mobile-grid-100","grid-parent","grid-50"],"jetpack_publicize_connections":[],"jetpack_featured_media_url":"https:\/\/www.hoymercedes.com.ar\/principal\/wp-content\/uploads\/2019\/01\/2019-fiesta-vidriera-ganadora-Peperina-Jr.jpg","wps_subtitle":"VII Fiesta del Comercio Mercedino","jetpack_sharing_enabled":true,"_links":{"self":[{"href":"https:\/\/www.hoymercedes.com.ar\/principal\/wp-json\/wp\/v2\/posts\/86480","targetHints":{"allow":["GET"]}}],"collection":[{"href":"https:\/\/www.hoymercedes.com.ar\/principal\/wp-json\/wp\/v2\/posts"}],"about":[{"href":"https:\/\/www.hoymercedes.com.ar\/principal\/wp-json\/wp\/v2\/types\/post"}],"author":[{"embeddable":true,"href":"https:\/\/www.hoymercedes.com.ar\/principal\/wp-json\/wp\/v2\/users\/1"}],"replies":[{"embeddable":true,"href":"https:\/\/www.hoymercedes.com.ar\/principal\/wp-json\/wp\/v2\/comments?post=86480"}],"version-history":[{"count":0,"href":"https:\/\/www.hoymercedes.com.ar\/principal\/wp-json\/wp\/v2\/posts\/86480\/revisions"}],"wp:featuredmedia":[{"embeddable":true,"href":"https:\/\/www.hoymercedes.com.ar\/principal\/wp-json\/wp\/v2\/media\/86474"}],"wp:attachment":[{"href":"https:\/\/www.hoymercedes.com.ar\/principal\/wp-json\/wp\/v2\/media?parent=86480"}],"wp:term":[{"taxonomy":"category","embeddable":true,"href":"https:\/\/www.hoymercedes.com.ar\/principal\/wp-json\/wp\/v2\/categories?post=86480"},{"taxonomy":"post_tag","embeddable":true,"href":"https:\/\/www.hoymercedes.com.ar\/principal\/wp-json\/wp\/v2\/tags?post=86480"}],"curies":[{"name":"wp","href":"https:\/\/api.w.org\/{rel}","templated":true}]}}