{"id":86518,"date":"2019-01-06T20:59:59","date_gmt":"2019-01-06T23:59:59","guid":{"rendered":"http:\/\/www.hoymercedes.com.ar\/principal\/?p=86518"},"modified":"2019-01-06T21:00:04","modified_gmt":"2019-01-07T00:00:04","slug":"los-reyes-magos-llegaron-a-la-trocha-para-toda-la-familia","status":"publish","type":"post","link":"https:\/\/www.hoymercedes.com.ar\/principal\/2019\/01\/06\/los-reyes-magos-llegaron-a-la-trocha-para-toda-la-familia\/","title":{"rendered":"Los Reyes Magos llegaron a La Trocha para toda la familia"},"content":{"rendered":"\n<figure class=\"wp-block-image\"><img loading=\"lazy\" decoding=\"async\" width=\"915\" height=\"608\" data-attachment-id=\"86519\" data-permalink=\"https:\/\/www.hoymercedes.com.ar\/principal\/2019\/01\/06\/los-reyes-magos-llegaron-a-la-trocha-para-toda-la-familia\/reyes4\/#main\" data-orig-file=\"https:\/\/www.hoymercedes.com.ar\/principal\/wp-content\/uploads\/2019\/01\/reyes4.jpg\" data-orig-size=\"915,608\" data-comments-opened=\"0\" data-image-meta=\"{&quot;aperture&quot;:&quot;0&quot;,&quot;credit&quot;:&quot;&quot;,&quot;camera&quot;:&quot;&quot;,&quot;caption&quot;:&quot;&quot;,&quot;created_timestamp&quot;:&quot;0&quot;,&quot;copyright&quot;:&quot;&quot;,&quot;focal_length&quot;:&quot;0&quot;,&quot;iso&quot;:&quot;0&quot;,&quot;shutter_speed&quot;:&quot;0&quot;,&quot;title&quot;:&quot;&quot;,&quot;orientation&quot;:&quot;0&quot;}\" data-image-title=\"reyes4\" data-image-description=\"\" data-image-caption=\"\" data-large-file=\"https:\/\/www.hoymercedes.com.ar\/principal\/wp-content\/uploads\/2019\/01\/reyes4.jpg\" src=\"https:\/\/www.hoymercedes.com.ar\/principal\/wp-content\/uploads\/2019\/01\/reyes4.jpg\" alt=\"\" class=\"wp-image-86519\" srcset=\"https:\/\/www.hoymercedes.com.ar\/principal\/wp-content\/uploads\/2019\/01\/reyes4.jpg 915w, https:\/\/www.hoymercedes.com.ar\/principal\/wp-content\/uploads\/2019\/01\/reyes4-150x100.jpg 150w, https:\/\/www.hoymercedes.com.ar\/principal\/wp-content\/uploads\/2019\/01\/reyes4-630x419.jpg 630w\" sizes=\"auto, (max-width: 915px) 100vw, 915px\" \/><figcaption>Repartiendo caramelos y dulces<\/figcaption><\/figure>\n\n\n\n<p>La Fiesta de Reyes en La Trocha\nconvoc\u00f3 una multitud de nenes y nenas junto a las familias mercedinas. Hubo\nactividades circenses, juegos, inflables gigantes, deportes, m\u00fasica y mucha alegr\u00eda.\nLos Reyes Magos llegaron junto a los Amigos del Belgrano en zorrita, dando un\nmarco mayor de espect\u00e1culo a la jornada.<\/p>\n\n\n\n<figure class=\"wp-block-image\"><img loading=\"lazy\" decoding=\"async\" width=\"915\" height=\"608\" data-attachment-id=\"86520\" data-permalink=\"https:\/\/www.hoymercedes.com.ar\/principal\/2019\/01\/06\/los-reyes-magos-llegaron-a-la-trocha-para-toda-la-familia\/reyes78\/#main\" data-orig-file=\"https:\/\/www.hoymercedes.com.ar\/principal\/wp-content\/uploads\/2019\/01\/reyes78.jpg\" data-orig-size=\"915,608\" data-comments-opened=\"0\" data-image-meta=\"{&quot;aperture&quot;:&quot;0&quot;,&quot;credit&quot;:&quot;&quot;,&quot;camera&quot;:&quot;&quot;,&quot;caption&quot;:&quot;&quot;,&quot;created_timestamp&quot;:&quot;0&quot;,&quot;copyright&quot;:&quot;&quot;,&quot;focal_length&quot;:&quot;0&quot;,&quot;iso&quot;:&quot;0&quot;,&quot;shutter_speed&quot;:&quot;0&quot;,&quot;title&quot;:&quot;&quot;,&quot;orientation&quot;:&quot;0&quot;}\" data-image-title=\"reyes78\" data-image-description=\"\" data-image-caption=\"\" data-large-file=\"https:\/\/www.hoymercedes.com.ar\/principal\/wp-content\/uploads\/2019\/01\/reyes78.jpg\" src=\"https:\/\/www.hoymercedes.com.ar\/principal\/wp-content\/uploads\/2019\/01\/reyes78.jpg\" alt=\"\" class=\"wp-image-86520\" srcset=\"https:\/\/www.hoymercedes.com.ar\/principal\/wp-content\/uploads\/2019\/01\/reyes78.jpg 915w, https:\/\/www.hoymercedes.com.ar\/principal\/wp-content\/uploads\/2019\/01\/reyes78-150x100.jpg 150w, https:\/\/www.hoymercedes.com.ar\/principal\/wp-content\/uploads\/2019\/01\/reyes78-630x419.jpg 630w\" sizes=\"auto, (max-width: 915px) 100vw, 915px\" \/><\/figure>\n\n\n\n<p>Durante la tarde del domingo hubo\nmuchas propuestas para las familias y el entretenimiento. Inflables, canchas de\nf\u00fatbol tenis y b\u00e1squet, m\u00fasica, feria de artesanos, magia y circo y el arribo\nde los Reyes Magos. Una actividad gratuita de la mano de la Municipalidad de\nMercedes. <\/p>\n\n\n\n<figure class=\"wp-block-image\"><img loading=\"lazy\" decoding=\"async\" width=\"915\" height=\"608\" data-attachment-id=\"86521\" data-permalink=\"https:\/\/www.hoymercedes.com.ar\/principal\/2019\/01\/06\/los-reyes-magos-llegaron-a-la-trocha-para-toda-la-familia\/reyes9\/#main\" data-orig-file=\"https:\/\/www.hoymercedes.com.ar\/principal\/wp-content\/uploads\/2019\/01\/reyes9.jpg\" data-orig-size=\"915,608\" data-comments-opened=\"0\" data-image-meta=\"{&quot;aperture&quot;:&quot;0&quot;,&quot;credit&quot;:&quot;&quot;,&quot;camera&quot;:&quot;&quot;,&quot;caption&quot;:&quot;&quot;,&quot;created_timestamp&quot;:&quot;0&quot;,&quot;copyright&quot;:&quot;&quot;,&quot;focal_length&quot;:&quot;0&quot;,&quot;iso&quot;:&quot;0&quot;,&quot;shutter_speed&quot;:&quot;0&quot;,&quot;title&quot;:&quot;&quot;,&quot;orientation&quot;:&quot;0&quot;}\" data-image-title=\"reyes9\" data-image-description=\"\" data-image-caption=\"\" data-large-file=\"https:\/\/www.hoymercedes.com.ar\/principal\/wp-content\/uploads\/2019\/01\/reyes9.jpg\" src=\"https:\/\/www.hoymercedes.com.ar\/principal\/wp-content\/uploads\/2019\/01\/reyes9.jpg\" alt=\"\" class=\"wp-image-86521\" srcset=\"https:\/\/www.hoymercedes.com.ar\/principal\/wp-content\/uploads\/2019\/01\/reyes9.jpg 915w, https:\/\/www.hoymercedes.com.ar\/principal\/wp-content\/uploads\/2019\/01\/reyes9-150x100.jpg 150w, https:\/\/www.hoymercedes.com.ar\/principal\/wp-content\/uploads\/2019\/01\/reyes9-630x419.jpg 630w\" sizes=\"auto, (max-width: 915px) 100vw, 915px\" \/><figcaption>Actividades circenses<\/figcaption><\/figure>\n\n\n\n<p>Para el intendente Ustarroz \u201cestamos\ntodos muy contentos, un gran marco de p\u00fablico, con familias, circo, juegos, los\nReyes Magos, con un Complejo Cultural La Trocha recuperado para toda la familia\ny los vecinos lo est\u00e1n disfrutando y usando todos los fines de semana y en este\ndomingo especialmente, con la fiesta de reyes, con actividades gratis para\ntodos\u201d, sostuvo entre otros conceptos.<\/p>\n\n\n\n<figure class=\"wp-block-image\"><img loading=\"lazy\" decoding=\"async\" width=\"915\" height=\"608\" data-attachment-id=\"86522\" data-permalink=\"https:\/\/www.hoymercedes.com.ar\/principal\/2019\/01\/06\/los-reyes-magos-llegaron-a-la-trocha-para-toda-la-familia\/dsc_0557-2\/#main\" data-orig-file=\"https:\/\/www.hoymercedes.com.ar\/principal\/wp-content\/uploads\/2019\/01\/DSC_0557.jpg\" data-orig-size=\"915,608\" data-comments-opened=\"0\" data-image-meta=\"{&quot;aperture&quot;:&quot;0&quot;,&quot;credit&quot;:&quot;&quot;,&quot;camera&quot;:&quot;&quot;,&quot;caption&quot;:&quot;&quot;,&quot;created_timestamp&quot;:&quot;0&quot;,&quot;copyright&quot;:&quot;&quot;,&quot;focal_length&quot;:&quot;0&quot;,&quot;iso&quot;:&quot;0&quot;,&quot;shutter_speed&quot;:&quot;0&quot;,&quot;title&quot;:&quot;&quot;,&quot;orientation&quot;:&quot;0&quot;}\" data-image-title=\"DSC_0557\" data-image-description=\"\" data-image-caption=\"\" data-large-file=\"https:\/\/www.hoymercedes.com.ar\/principal\/wp-content\/uploads\/2019\/01\/DSC_0557.jpg\" src=\"https:\/\/www.hoymercedes.com.ar\/principal\/wp-content\/uploads\/2019\/01\/DSC_0557.jpg\" alt=\"\" class=\"wp-image-86522\" srcset=\"https:\/\/www.hoymercedes.com.ar\/principal\/wp-content\/uploads\/2019\/01\/DSC_0557.jpg 915w, https:\/\/www.hoymercedes.com.ar\/principal\/wp-content\/uploads\/2019\/01\/DSC_0557-150x100.jpg 150w, https:\/\/www.hoymercedes.com.ar\/principal\/wp-content\/uploads\/2019\/01\/DSC_0557-630x419.jpg 630w\" sizes=\"auto, (max-width: 915px) 100vw, 915px\" \/><\/figure>\n\n\n\n<p>Por su parte, la directora de\nni\u00f1ez, Gabriela Olivella, sostuvo que \u201cse ha acercado mucha familia con chicos\u201d\ndijo y manifest\u00f3 \u201cse acercaron muchos nenes y nenas, la lluvia que nos mantuvo\nen vilo nos permiti\u00f3 disfrutar y como siempre el eje puesto en ni\u00f1ez que es\nalgo que nos pide el intendente, haciendo hincapi\u00e9 en la gesti\u00f3n en general y\nen este caso con la alegr\u00eda porque Reyes es una expectativa y quer\u00edamos festejarlo\nde alguna manera diferente, acompa\u00f1ados por los Amigos del Belgrano\u201d, sostuvo.<\/p>\n\n\n\n<figure class=\"wp-block-image\"><img loading=\"lazy\" decoding=\"async\" width=\"915\" height=\"608\" data-attachment-id=\"86523\" data-permalink=\"https:\/\/www.hoymercedes.com.ar\/principal\/2019\/01\/06\/los-reyes-magos-llegaron-a-la-trocha-para-toda-la-familia\/reyes5\/#main\" data-orig-file=\"https:\/\/www.hoymercedes.com.ar\/principal\/wp-content\/uploads\/2019\/01\/reyes5.jpg\" data-orig-size=\"915,608\" data-comments-opened=\"0\" data-image-meta=\"{&quot;aperture&quot;:&quot;0&quot;,&quot;credit&quot;:&quot;&quot;,&quot;camera&quot;:&quot;&quot;,&quot;caption&quot;:&quot;&quot;,&quot;created_timestamp&quot;:&quot;0&quot;,&quot;copyright&quot;:&quot;&quot;,&quot;focal_length&quot;:&quot;0&quot;,&quot;iso&quot;:&quot;0&quot;,&quot;shutter_speed&quot;:&quot;0&quot;,&quot;title&quot;:&quot;&quot;,&quot;orientation&quot;:&quot;0&quot;}\" data-image-title=\"reyes5\" data-image-description=\"\" data-image-caption=\"\" data-large-file=\"https:\/\/www.hoymercedes.com.ar\/principal\/wp-content\/uploads\/2019\/01\/reyes5.jpg\" src=\"https:\/\/www.hoymercedes.com.ar\/principal\/wp-content\/uploads\/2019\/01\/reyes5.jpg\" alt=\"\" class=\"wp-image-86523\" srcset=\"https:\/\/www.hoymercedes.com.ar\/principal\/wp-content\/uploads\/2019\/01\/reyes5.jpg 915w, https:\/\/www.hoymercedes.com.ar\/principal\/wp-content\/uploads\/2019\/01\/reyes5-150x100.jpg 150w, https:\/\/www.hoymercedes.com.ar\/principal\/wp-content\/uploads\/2019\/01\/reyes5-630x419.jpg 630w\" sizes=\"auto, (max-width: 915px) 100vw, 915px\" \/><\/figure>\n\n\n\n<p>La Lic. Jorgelina Silva narr\u00f3 que\n\u201cse trabaja desde distintas miradas, no s\u00f3lo desde la parte de asistir a los ni\u00f1os\ncomo una franja etaria fundamental sino que &nbsp;entendemos es para las nuevas generaciones y\ntambi\u00e9n para su felicidad\u201d y destac\u00f3 que \u201cpara ellos y las familias abrimos el\nmi\u00e9rcoles la pileta del Unzu\u00e9 y desde el lunes pr\u00f3ximo con la colonias de\nverano, tanto en el instituto como en el parque, donde se sumar\u00e1n unos juegos\nde agua inflables muy lindos que decidi\u00f3 adquirir el intendente que siempre\npiensa y nos insta a trabajar por los chicos, para que Mercedes tenga ideas\ninnovadoras y es parte de ello, como la construcci\u00f3n de otros tres jardines\nespacios primera infancia que posiblemente en marzo terminaremos y pondremos en\nfuncionamiento, mostrando que nuestro eje es la ni\u00f1ez y su cuidado\u201d, afirm\u00f3 la\nresponsable de la cartera de desarrollo social.<\/p>\n\n\n\n<p><strong>Fiesta<\/strong><\/p>\n\n\n\n<p>La Fiesta finalizo cerca de as 20hs, pero, desde temprano La Trocha fue escenario de mateadas, juegos y encuentro con una tarde llena de alegr\u00eda para los m\u00e1s peque\u00f1os en el d\u00eda en que los Reyes volvieron a decir presentes. <\/p>\n\n\n\n<p class=\"has-text-color has-cyan-bluish-gray-color\">Info: Desarollo Social <\/p>\n","protected":false},"excerpt":{"rendered":"<p>La Fiesta de Reyes en La Trocha convoc\u00f3 una multitud de nenes y nenas junto a las familias mercedinas. Hubo &#8230; <a title=\"Los Reyes Magos llegaron a La Trocha para toda la familia\" class=\"read-more\" href=\"https:\/\/www.hoymercedes.com.ar\/principal\/2019\/01\/06\/los-reyes-magos-llegaron-a-la-trocha-para-toda-la-familia\/\" aria-label=\"Leer m\u00e1s sobre Los Reyes Magos llegaron a La Trocha para toda la familia\">Leer m\u00e1s<\/a><\/p>\n","protected":false},"author":1,"featured_media":86519,"comment_status":"closed","ping_status":"open","sticky":false,"template":"","format":"standard","meta":{"_monsterinsights_skip_tracking":false,"_monsterinsights_sitenote_active":false,"_monsterinsights_sitenote_note":"","_monsterinsights_sitenote_category":0,"jetpack_post_was_ever_published":false,"_jetpack_newsletter_access":"","_jetpack_dont_email_post_to_subs":false,"_jetpack_newsletter_tier_id":0,"_jetpack_memberships_contains_paywalled_content":false,"_jetpack_memberships_contains_paid_content":false,"footnotes":"","jetpack_publicize_message":"","jetpack_publicize_feature_enabled":true,"jetpack_social_post_already_shared":true,"jetpack_social_options":{"image_generator_settings":{"template":"highway","default_image_id":0,"font":"","enabled":false},"version":2},"_wpas_customize_per_network":false},"categories":[30],"tags":[14347,424],"class_list":["post-86518","post","type-post","status-publish","format-standard","has-post-thumbnail","hentry","category-municipio","tag-reyes","tag-ustarroz","generate-columns","tablet-grid-50","mobile-grid-100","grid-parent","grid-50"],"jetpack_publicize_connections":[],"jetpack_featured_media_url":"https:\/\/www.hoymercedes.com.ar\/principal\/wp-content\/uploads\/2019\/01\/reyes4.jpg","wps_subtitle":"Fiesta familiar","jetpack_sharing_enabled":true,"_links":{"self":[{"href":"https:\/\/www.hoymercedes.com.ar\/principal\/wp-json\/wp\/v2\/posts\/86518","targetHints":{"allow":["GET"]}}],"collection":[{"href":"https:\/\/www.hoymercedes.com.ar\/principal\/wp-json\/wp\/v2\/posts"}],"about":[{"href":"https:\/\/www.hoymercedes.com.ar\/principal\/wp-json\/wp\/v2\/types\/post"}],"author":[{"embeddable":true,"href":"https:\/\/www.hoymercedes.com.ar\/principal\/wp-json\/wp\/v2\/users\/1"}],"replies":[{"embeddable":true,"href":"https:\/\/www.hoymercedes.com.ar\/principal\/wp-json\/wp\/v2\/comments?post=86518"}],"version-history":[{"count":0,"href":"https:\/\/www.hoymercedes.com.ar\/principal\/wp-json\/wp\/v2\/posts\/86518\/revisions"}],"wp:featuredmedia":[{"embeddable":true,"href":"https:\/\/www.hoymercedes.com.ar\/principal\/wp-json\/wp\/v2\/media\/86519"}],"wp:attachment":[{"href":"https:\/\/www.hoymercedes.com.ar\/principal\/wp-json\/wp\/v2\/media?parent=86518"}],"wp:term":[{"taxonomy":"category","embeddable":true,"href":"https:\/\/www.hoymercedes.com.ar\/principal\/wp-json\/wp\/v2\/categories?post=86518"},{"taxonomy":"post_tag","embeddable":true,"href":"https:\/\/www.hoymercedes.com.ar\/principal\/wp-json\/wp\/v2\/tags?post=86518"}],"curies":[{"name":"wp","href":"https:\/\/api.w.org\/{rel}","templated":true}]}}