{"id":86555,"date":"2019-01-07T01:00:45","date_gmt":"2019-01-07T04:00:45","guid":{"rendered":"http:\/\/www.hoymercedes.com.ar\/principal\/?p=86555"},"modified":"2019-01-07T13:01:54","modified_gmt":"2019-01-07T16:01:54","slug":"premiaron-con-moto-0km-y-televisor-a-quienes-utilizan-casco-cuidando-la-vida-y-respetando-normas","status":"publish","type":"post","link":"https:\/\/www.hoymercedes.com.ar\/principal\/2019\/01\/07\/premiaron-con-moto-0km-y-televisor-a-quienes-utilizan-casco-cuidando-la-vida-y-respetando-normas\/","title":{"rendered":"Premiaron con moto 0km y televisor a quienes utilizan casco cuidando la vida y respetando normas"},"content":{"rendered":"\n<figure class=\"wp-block-image\"><img loading=\"lazy\" decoding=\"async\" width=\"1024\" height=\"597\" data-attachment-id=\"86556\" data-permalink=\"https:\/\/www.hoymercedes.com.ar\/principal\/2019\/01\/07\/premiaron-con-moto-0km-y-televisor-a-quienes-utilizan-casco-cuidando-la-vida-y-respetando-normas\/dsc_0047\/#main\" data-orig-file=\"https:\/\/www.hoymercedes.com.ar\/principal\/wp-content\/uploads\/2019\/01\/DSC_0047.jpg\" data-orig-size=\"1126,656\" data-comments-opened=\"0\" data-image-meta=\"{&quot;aperture&quot;:&quot;0&quot;,&quot;credit&quot;:&quot;&quot;,&quot;camera&quot;:&quot;&quot;,&quot;caption&quot;:&quot;&quot;,&quot;created_timestamp&quot;:&quot;0&quot;,&quot;copyright&quot;:&quot;&quot;,&quot;focal_length&quot;:&quot;0&quot;,&quot;iso&quot;:&quot;0&quot;,&quot;shutter_speed&quot;:&quot;0&quot;,&quot;title&quot;:&quot;&quot;,&quot;orientation&quot;:&quot;0&quot;}\" data-image-title=\"DSC_0047\" data-image-description=\"\" data-image-caption=\"\" data-large-file=\"https:\/\/www.hoymercedes.com.ar\/principal\/wp-content\/uploads\/2019\/01\/DSC_0047-1024x597.jpg\" src=\"https:\/\/www.hoymercedes.com.ar\/principal\/wp-content\/uploads\/2019\/01\/DSC_0047-1024x597.jpg\" alt=\"\" class=\"wp-image-86556\" srcset=\"https:\/\/www.hoymercedes.com.ar\/principal\/wp-content\/uploads\/2019\/01\/DSC_0047-1024x597.jpg 1024w, https:\/\/www.hoymercedes.com.ar\/principal\/wp-content\/uploads\/2019\/01\/DSC_0047-150x87.jpg 150w, https:\/\/www.hoymercedes.com.ar\/principal\/wp-content\/uploads\/2019\/01\/DSC_0047-630x367.jpg 630w, https:\/\/www.hoymercedes.com.ar\/principal\/wp-content\/uploads\/2019\/01\/DSC_0047.jpg 1126w\" sizes=\"auto, (max-width: 1024px) 100vw, 1024px\" \/><figcaption>Televisor Led tambi\u00e9n entregado<\/figcaption><\/figure>\n\n\n\n<p><\/p>\n\n\n\n<p>La Municipalidad de Mercedes volvi\u00f3 a premiar a quienes utilizan casco. Es una campa\u00f1a de concientizaci\u00f3n por el cuidado de la vida en \u201cclave positiva\u201d. Se entreg\u00f3 una moto como premio anual y un nuevo televisor con la medida adoptada desde la Secretar\u00eda de Seguridad. Fue en el marco de la fiesta del comercio, en plaza San Mart\u00edn.<\/p>\n\n\n\n<p>Dami\u00e1n Ortol\u00e1 fue el ganador del sorteo que se hab\u00eda efectuado los \u00faltimos d\u00edas del pasado a\u00f1o y a la hora de recibir su premio, una motocicleta 0km, sostuvo que \u201cesto es un incentivo, hace 17 a\u00f1os que ando en la calle, trabajando como mensajero, y est\u00e1 muy bueno esto, invita a tomar consciencia de que llevar un casco es muy importante m\u00e1s all\u00e1 que uno pueda o no salvarse la vida. Es muy importante usarlo y quiero agradecer a la municipalidad que de esta manera incentiva y fomenta usarlo. Muchas gracias\u201d dijo Dami\u00e1n, ganador de la moto.<\/p>\n\n\n\n<p>Quien tambi\u00e9n fue ganadora, pero en este caso de un televisor led, fue Antonela Medina. En la entrega estuvieron adem\u00e1s de Ustarroz presentes la sub secretaria de seguridad, Clara Zunino, la coordinadora de tr\u00e1nsito, Nancy Okos y Gabriel Palacios, agente de tr\u00e1nsito que fue quien entreg\u00f3 el bono ganador y que es parte de las campa\u00f1as. Se invit\u00f3 tambi\u00e9n a la presidenta del Concejo, Sabrina Vi\u00f1ales y ediles de distintas fuerzas dado que \u201ces un tema que nos involucra a todos como sociedad\u201d, destac\u00f3 Zunino.<\/p>\n\n\n\n<figure class=\"wp-block-image\"><img loading=\"lazy\" decoding=\"async\" width=\"1024\" height=\"437\" data-attachment-id=\"86557\" data-permalink=\"https:\/\/www.hoymercedes.com.ar\/principal\/2019\/01\/07\/premiaron-con-moto-0km-y-televisor-a-quienes-utilizan-casco-cuidando-la-vida-y-respetando-normas\/dsc_0060-2\/#main\" data-orig-file=\"https:\/\/www.hoymercedes.com.ar\/principal\/wp-content\/uploads\/2019\/01\/DSC_0060.jpg\" data-orig-size=\"1366,583\" data-comments-opened=\"0\" data-image-meta=\"{&quot;aperture&quot;:&quot;0&quot;,&quot;credit&quot;:&quot;&quot;,&quot;camera&quot;:&quot;&quot;,&quot;caption&quot;:&quot;&quot;,&quot;created_timestamp&quot;:&quot;0&quot;,&quot;copyright&quot;:&quot;&quot;,&quot;focal_length&quot;:&quot;0&quot;,&quot;iso&quot;:&quot;0&quot;,&quot;shutter_speed&quot;:&quot;0&quot;,&quot;title&quot;:&quot;&quot;,&quot;orientation&quot;:&quot;0&quot;}\" data-image-title=\"DSC_0060\" data-image-description=\"\" data-image-caption=\"\" data-large-file=\"https:\/\/www.hoymercedes.com.ar\/principal\/wp-content\/uploads\/2019\/01\/DSC_0060-1024x437.jpg\" src=\"https:\/\/www.hoymercedes.com.ar\/principal\/wp-content\/uploads\/2019\/01\/DSC_0060-1024x437.jpg\" alt=\"\" class=\"wp-image-86557\" srcset=\"https:\/\/www.hoymercedes.com.ar\/principal\/wp-content\/uploads\/2019\/01\/DSC_0060-1024x437.jpg 1024w, https:\/\/www.hoymercedes.com.ar\/principal\/wp-content\/uploads\/2019\/01\/DSC_0060-150x64.jpg 150w, https:\/\/www.hoymercedes.com.ar\/principal\/wp-content\/uploads\/2019\/01\/DSC_0060-630x269.jpg 630w, https:\/\/www.hoymercedes.com.ar\/principal\/wp-content\/uploads\/2019\/01\/DSC_0060.jpg 1366w\" sizes=\"auto, (max-width: 1024px) 100vw, 1024px\" \/><figcaption>Ganador de la moto 0km<\/figcaption><\/figure>\n\n\n\n<p>Por su parte el Jefe Comunal, Juan Ignacio Ustarroz, sostuvo que \u201cquiero remarcar que cuando lo ve\u00eda a Damian, que gan\u00f3 la moto, pasaba con su hija y el hace muchos a\u00f1os que es mansajero y pensaba lo importante que es que todos tomemos conciencia sobre respetar las normas de tr\u00e1nsito para cuidarnos nosotros, pero tambi\u00e9n cuidar al otro, nos parece una medida distinta, un incentivo que va por la positiva, y es valioso ponerlo en agenda &nbsp;y remarcar siempre que las vidas son irrecuperables, por eso tan importante cuidarlas\u201d entre otros conceptos destacando que \u201cesa agenda es intensa y dolorosa y cuanta con una participaci\u00f3n fundamental de las Estrellas Amarillas\u201d y que \u201cojal\u00e1 este 2019 podamos avanzar juntos en un mayor respeto de las normas y el cuidado e la vida\u201d<\/p>\n\n\n\n<p>La campa\u00f1a durante todo el a\u00f1o pasado par\u00f3 a quienes ven\u00edan en moto con su casco. Se trata de una medida que no busca castigar, sino generar un ejemplo, destacar a quienes respetan las normas y protegen la vida siendo los sorteos transmitidos en vivo por redes sociales vi\u00e9ndose el \u00faltimo en la ExpoMuni de diciembre pasado en el casco gigante incorporado por el \u00e1rea de seguridad que durante el a\u00f1o ser\u00e1 epicentro de nuevas campa\u00f1as y acciones preventivas.<\/p>\n","protected":false},"excerpt":{"rendered":"<p>La Municipalidad de Mercedes volvi\u00f3 a premiar a quienes utilizan casco. Es una campa\u00f1a de concientizaci\u00f3n por el cuidado de la vida en \u201cclave positiva\u201d. Se entreg\u00f3 una moto como premio anual y un nuevo televisor con la medida adoptada desde la Secretar\u00eda de Seguridad. Fue en el marco de la fiesta del comercio, en plaza San Mart\u00edn.<\/p>\n","protected":false},"author":1,"featured_media":86557,"comment_status":"closed","ping_status":"open","sticky":false,"template":"","format":"standard","meta":{"_monsterinsights_skip_tracking":false,"_monsterinsights_sitenote_active":false,"_monsterinsights_sitenote_note":"","_monsterinsights_sitenote_category":0,"jetpack_post_was_ever_published":false,"_jetpack_newsletter_access":"","_jetpack_dont_email_post_to_subs":false,"_jetpack_newsletter_tier_id":0,"_jetpack_memberships_contains_paywalled_content":false,"_jetpack_memberships_contains_paid_content":false,"footnotes":"","jetpack_publicize_message":"","jetpack_publicize_feature_enabled":true,"jetpack_social_post_already_shared":true,"jetpack_social_options":{"image_generator_settings":{"template":"highway","default_image_id":0,"font":"","enabled":false},"version":2},"_wpas_customize_per_network":false},"categories":[30],"tags":[626,424,14348],"class_list":["post-86555","post","type-post","status-publish","format-standard","has-post-thumbnail","hentry","category-municipio","tag-seguridad-vial","tag-ustarroz","tag-zunino","generate-columns","tablet-grid-50","mobile-grid-100","grid-parent","grid-50"],"jetpack_publicize_connections":[],"jetpack_featured_media_url":"https:\/\/www.hoymercedes.com.ar\/principal\/wp-content\/uploads\/2019\/01\/DSC_0060.jpg","wps_subtitle":"Campa\u00f1a vial","jetpack_sharing_enabled":true,"_links":{"self":[{"href":"https:\/\/www.hoymercedes.com.ar\/principal\/wp-json\/wp\/v2\/posts\/86555","targetHints":{"allow":["GET"]}}],"collection":[{"href":"https:\/\/www.hoymercedes.com.ar\/principal\/wp-json\/wp\/v2\/posts"}],"about":[{"href":"https:\/\/www.hoymercedes.com.ar\/principal\/wp-json\/wp\/v2\/types\/post"}],"author":[{"embeddable":true,"href":"https:\/\/www.hoymercedes.com.ar\/principal\/wp-json\/wp\/v2\/users\/1"}],"replies":[{"embeddable":true,"href":"https:\/\/www.hoymercedes.com.ar\/principal\/wp-json\/wp\/v2\/comments?post=86555"}],"version-history":[{"count":0,"href":"https:\/\/www.hoymercedes.com.ar\/principal\/wp-json\/wp\/v2\/posts\/86555\/revisions"}],"wp:featuredmedia":[{"embeddable":true,"href":"https:\/\/www.hoymercedes.com.ar\/principal\/wp-json\/wp\/v2\/media\/86557"}],"wp:attachment":[{"href":"https:\/\/www.hoymercedes.com.ar\/principal\/wp-json\/wp\/v2\/media?parent=86555"}],"wp:term":[{"taxonomy":"category","embeddable":true,"href":"https:\/\/www.hoymercedes.com.ar\/principal\/wp-json\/wp\/v2\/categories?post=86555"},{"taxonomy":"post_tag","embeddable":true,"href":"https:\/\/www.hoymercedes.com.ar\/principal\/wp-json\/wp\/v2\/tags?post=86555"}],"curies":[{"name":"wp","href":"https:\/\/api.w.org\/{rel}","templated":true}]}}