{"id":86588,"date":"2019-01-07T20:00:29","date_gmt":"2019-01-07T23:00:29","guid":{"rendered":"http:\/\/www.hoymercedes.com.ar\/principal\/?p=86588"},"modified":"2019-01-07T16:05:51","modified_gmt":"2019-01-07T19:05:51","slug":"avanza-la-colocacion-de-piedras-y-mejora-de-caminos-barriales-y-rurales%ef%bb%bf","status":"publish","type":"post","link":"https:\/\/www.hoymercedes.com.ar\/principal\/2019\/01\/07\/avanza-la-colocacion-de-piedras-y-mejora-de-caminos-barriales-y-rurales%ef%bb%bf\/","title":{"rendered":"Avanza la colocaci\u00f3n de piedras y mejora de caminos barriales y rurales\ufeff"},"content":{"rendered":"\n<figure class=\"wp-block-image\"><img loading=\"lazy\" decoding=\"async\" width=\"1024\" height=\"576\" data-attachment-id=\"86589\" data-permalink=\"https:\/\/www.hoymercedes.com.ar\/principal\/2019\/01\/07\/avanza-la-colocacion-de-piedras-y-mejora-de-caminos-barriales-y-rurales%ef%bb%bf\/piedras-3\/#main\" data-orig-file=\"https:\/\/www.hoymercedes.com.ar\/principal\/wp-content\/uploads\/2019\/01\/piedras-3.png\" data-orig-size=\"1081,608\" data-comments-opened=\"0\" data-image-meta=\"{&quot;aperture&quot;:&quot;0&quot;,&quot;credit&quot;:&quot;&quot;,&quot;camera&quot;:&quot;&quot;,&quot;caption&quot;:&quot;&quot;,&quot;created_timestamp&quot;:&quot;0&quot;,&quot;copyright&quot;:&quot;&quot;,&quot;focal_length&quot;:&quot;0&quot;,&quot;iso&quot;:&quot;0&quot;,&quot;shutter_speed&quot;:&quot;0&quot;,&quot;title&quot;:&quot;&quot;,&quot;orientation&quot;:&quot;0&quot;}\" data-image-title=\"piedras-3\" data-image-description=\"\" data-image-caption=\"\" data-large-file=\"https:\/\/www.hoymercedes.com.ar\/principal\/wp-content\/uploads\/2019\/01\/piedras-3-1024x576.png\" src=\"https:\/\/www.hoymercedes.com.ar\/principal\/wp-content\/uploads\/2019\/01\/piedras-3-1024x576.png\" alt=\"\" class=\"wp-image-86589\" srcset=\"https:\/\/www.hoymercedes.com.ar\/principal\/wp-content\/uploads\/2019\/01\/piedras-3-1024x576.png 1024w, https:\/\/www.hoymercedes.com.ar\/principal\/wp-content\/uploads\/2019\/01\/piedras-3-150x84.png 150w, https:\/\/www.hoymercedes.com.ar\/principal\/wp-content\/uploads\/2019\/01\/piedras-3-630x354.png 630w, https:\/\/www.hoymercedes.com.ar\/principal\/wp-content\/uploads\/2019\/01\/piedras-3.png 1081w\" sizes=\"auto, (max-width: 1024px) 100vw, 1024px\" \/><figcaption>Colocaci\u00f3n de piedras en barrios<\/figcaption><\/figure>\n\n\n\n<p>De forma planificada el Municipio de Mercedes sostiene de manera firme la decisi\u00f3n de llegar con obras a cada uno de los puntos de la ciudad. En esta oportunidad, se ejecutaron obras y acciones de mantenimiento en los barrios El Tri\u00e1ngulo, Pe\u00f1aloza y San Mart\u00edn. All\u00ed se colocaron piedras, se realiz\u00f3 zanjeo, colocaci\u00f3n de ca\u00f1os y limpieza urbana.<\/p>\n\n\n\n<p>Lu\u00eds Ponce, uno de los encargados del corral\u00f3n municipal expres\u00f3 \u201cnos comenz\u00f3 a llegar la piedra de una licitaci\u00f3n que se hizo a fines del 2018, por ese motivo continuamos con los trabajos que nos permite hoy en d\u00eda llegar a las m\u00e1s de 700 cuadras tiradas\u201d.<\/p>\n\n\n\n<p>Asimismo, inform\u00f3 \u201cpudimos profundizar los trabajos en diferentes zonas de Mercedes\u201d y agreg\u00f3 \u201cla semana pasada pudimos tirar piedras en 30 cuadras, como por ejemplo en los barrios; El Tri\u00e1ngulo, Pe\u00f1aloza y San Mart\u00edn\u201d.<\/p>\n\n\n\n<p>A su vez, Ponce les agradeci\u00f3 a los vecinos \u201cpor la paciencia, que sigan esperando que la decisi\u00f3n pol\u00edtica del intendente Ustarroz es poder llegar a todos los barrios en el menor tiempo posible\u201d y afirm\u00f3 \u201cintentamos avanzar a paso firme y sin parar, aunque muchas veces el factor clim\u00e1tico influye mucho en este tipo de actividades\u201d.<\/p>\n\n\n\n<figure class=\"wp-block-image\"><img loading=\"lazy\" decoding=\"async\" width=\"1024\" height=\"576\" data-attachment-id=\"86590\" data-permalink=\"https:\/\/www.hoymercedes.com.ar\/principal\/2019\/01\/07\/avanza-la-colocacion-de-piedras-y-mejora-de-caminos-barriales-y-rurales%ef%bb%bf\/piedras-1\/#main\" data-orig-file=\"https:\/\/www.hoymercedes.com.ar\/principal\/wp-content\/uploads\/2019\/01\/piedras-1.png\" data-orig-size=\"1081,608\" data-comments-opened=\"0\" data-image-meta=\"{&quot;aperture&quot;:&quot;0&quot;,&quot;credit&quot;:&quot;&quot;,&quot;camera&quot;:&quot;&quot;,&quot;caption&quot;:&quot;&quot;,&quot;created_timestamp&quot;:&quot;0&quot;,&quot;copyright&quot;:&quot;&quot;,&quot;focal_length&quot;:&quot;0&quot;,&quot;iso&quot;:&quot;0&quot;,&quot;shutter_speed&quot;:&quot;0&quot;,&quot;title&quot;:&quot;&quot;,&quot;orientation&quot;:&quot;0&quot;}\" data-image-title=\"piedras-1\" data-image-description=\"\" data-image-caption=\"\" data-large-file=\"https:\/\/www.hoymercedes.com.ar\/principal\/wp-content\/uploads\/2019\/01\/piedras-1-1024x576.png\" src=\"https:\/\/www.hoymercedes.com.ar\/principal\/wp-content\/uploads\/2019\/01\/piedras-1-1024x576.png\" alt=\"\" class=\"wp-image-86590\" srcset=\"https:\/\/www.hoymercedes.com.ar\/principal\/wp-content\/uploads\/2019\/01\/piedras-1-1024x576.png 1024w, https:\/\/www.hoymercedes.com.ar\/principal\/wp-content\/uploads\/2019\/01\/piedras-1-150x84.png 150w, https:\/\/www.hoymercedes.com.ar\/principal\/wp-content\/uploads\/2019\/01\/piedras-1-630x354.png 630w, https:\/\/www.hoymercedes.com.ar\/principal\/wp-content\/uploads\/2019\/01\/piedras-1.png 1081w\" sizes=\"auto, (max-width: 1024px) 100vw, 1024px\" \/><figcaption>Servicios P\u00fablicos <\/figcaption><\/figure>\n\n\n\n<p>Adem\u00e1s, resalt\u00f3 \u201cnos pone muy felices porque podemos ver la transformaci\u00f3n que se va llevando adelante en todos los barrios, donde mucho vecinos nos reflejan el agradecimiento\u201d y apunt\u00f3 \u201cno s\u00f3lo es la piedra, el cual es el resultado final, sino todo el trabajo previo \u2013zanjeo, puesta de ca\u00f1os y entoscado- todo en su conjunto conlleva este gran avance para todo Mercedes\u201d.<\/p>\n\n\n\n<p>La gran inversi\u00f3n que ha hecho el Estado Comunal, con recursos propios, durante estos tres a\u00f1os en camiones, barredoras, retropalas, tractores, acoplados, motoniveladoras, han capitalizado de manera extraordinaria el \u00e1rea de servicios p\u00fablicos de la ciudad.<\/p>\n\n\n\n<p>\u201cEl objetivo no s\u00f3lo es llegar, sino volver, solventar y mejorar cada uno de los trabajos hechos\u201d asegur\u00f3 Ponce.<\/p>\n\n\n\n<p>Daniel Apestegu\u00eda, trabajador del \u00e1rea, indic\u00f3 \u201ctodos estas labores la realizan trabajadores municipales, con veh\u00edculos ciento por ciento comunal, los cuales en estos tres a\u00f1os de gesti\u00f3n se han cuantificado de manera notable\u201d y afirm\u00f3 \u201csin toda esta maquinaria no llegar\u00edamos a los barrios de la manera que se lo est\u00e1 haciendo y no se podr\u00eda tener la capacidad operativa que tiene hoy en d\u00eda el Municipio de Mercedes\u201d.&nbsp;<\/p>\n\n\n\n<p>\u201cQueremos llegar a todos lados, estamos en contacto directo con todos los vecinos, y lo que les decimos es que est\u00e9n tranquilos que a corto o mediano plazo las obras se har\u00e1n presente en toda la ciudad\u201d afirm\u00f3 Apestegu\u00eda.<\/p>\n\n\n\n<figure class=\"wp-block-image\"><img loading=\"lazy\" decoding=\"async\" width=\"1024\" height=\"576\" data-attachment-id=\"86591\" data-permalink=\"https:\/\/www.hoymercedes.com.ar\/principal\/2019\/01\/07\/avanza-la-colocacion-de-piedras-y-mejora-de-caminos-barriales-y-rurales%ef%bb%bf\/piedras-2\/#main\" data-orig-file=\"https:\/\/www.hoymercedes.com.ar\/principal\/wp-content\/uploads\/2019\/01\/piedras-2.png\" data-orig-size=\"1081,608\" data-comments-opened=\"0\" data-image-meta=\"{&quot;aperture&quot;:&quot;0&quot;,&quot;credit&quot;:&quot;&quot;,&quot;camera&quot;:&quot;&quot;,&quot;caption&quot;:&quot;&quot;,&quot;created_timestamp&quot;:&quot;0&quot;,&quot;copyright&quot;:&quot;&quot;,&quot;focal_length&quot;:&quot;0&quot;,&quot;iso&quot;:&quot;0&quot;,&quot;shutter_speed&quot;:&quot;0&quot;,&quot;title&quot;:&quot;&quot;,&quot;orientation&quot;:&quot;0&quot;}\" data-image-title=\"piedras-2\" data-image-description=\"\" data-image-caption=\"\" data-large-file=\"https:\/\/www.hoymercedes.com.ar\/principal\/wp-content\/uploads\/2019\/01\/piedras-2-1024x576.png\" src=\"https:\/\/www.hoymercedes.com.ar\/principal\/wp-content\/uploads\/2019\/01\/piedras-2-1024x576.png\" alt=\"\" class=\"wp-image-86591\" srcset=\"https:\/\/www.hoymercedes.com.ar\/principal\/wp-content\/uploads\/2019\/01\/piedras-2-1024x576.png 1024w, https:\/\/www.hoymercedes.com.ar\/principal\/wp-content\/uploads\/2019\/01\/piedras-2-150x84.png 150w, https:\/\/www.hoymercedes.com.ar\/principal\/wp-content\/uploads\/2019\/01\/piedras-2-630x354.png 630w, https:\/\/www.hoymercedes.com.ar\/principal\/wp-content\/uploads\/2019\/01\/piedras-2.png 1081w\" sizes=\"auto, (max-width: 1024px) 100vw, 1024px\" \/><\/figure>\n\n\n\n<p>Y a su vez, destac\u00f3 la gran labor que vienen ejecutando todos los trabajadores municipales \u201ctoda la transformaci\u00f3n que se puede ver en Mercedes se debe al personal que hoy est\u00e1 trabajando de manera incansable, por eso a ellos, todo nuestro agradecimiento\u201d.<\/p>\n","protected":false},"excerpt":{"rendered":"<p>De forma planificada el Municipio de Mercedes sostiene de manera firme la decisi\u00f3n de llegar con obras a cada uno de los puntos de la ciudad. En esta oportunidad, se ejecutaron obras y acciones de mantenimiento en los barrios El Tri\u00e1ngulo, Pe\u00f1aloza y San Mart\u00edn. All\u00ed se colocaron piedras, se realiz\u00f3 zanjeo, colocaci\u00f3n de ca\u00f1os y limpieza urbana.<\/p>\n","protected":false},"author":1,"featured_media":86589,"comment_status":"closed","ping_status":"open","sticky":false,"template":"","format":"standard","meta":{"_monsterinsights_skip_tracking":false,"_monsterinsights_sitenote_active":false,"_monsterinsights_sitenote_note":"","_monsterinsights_sitenote_category":0,"jetpack_post_was_ever_published":false,"_jetpack_newsletter_access":"","_jetpack_dont_email_post_to_subs":false,"_jetpack_newsletter_tier_id":0,"_jetpack_memberships_contains_paywalled_content":false,"_jetpack_memberships_contains_paid_content":false,"footnotes":"","jetpack_publicize_message":"","jetpack_publicize_feature_enabled":true,"jetpack_social_post_already_shared":true,"jetpack_social_options":{"image_generator_settings":{"template":"highway","default_image_id":0,"font":"","enabled":false},"version":2},"_wpas_customize_per_network":false},"categories":[30],"tags":[424],"class_list":["post-86588","post","type-post","status-publish","format-standard","has-post-thumbnail","hentry","category-municipio","tag-ustarroz","generate-columns","tablet-grid-50","mobile-grid-100","grid-parent","grid-50"],"jetpack_publicize_connections":[],"jetpack_featured_media_url":"https:\/\/www.hoymercedes.com.ar\/principal\/wp-content\/uploads\/2019\/01\/piedras-3.png","wps_subtitle":"Con fondos propios ","jetpack_sharing_enabled":true,"_links":{"self":[{"href":"https:\/\/www.hoymercedes.com.ar\/principal\/wp-json\/wp\/v2\/posts\/86588","targetHints":{"allow":["GET"]}}],"collection":[{"href":"https:\/\/www.hoymercedes.com.ar\/principal\/wp-json\/wp\/v2\/posts"}],"about":[{"href":"https:\/\/www.hoymercedes.com.ar\/principal\/wp-json\/wp\/v2\/types\/post"}],"author":[{"embeddable":true,"href":"https:\/\/www.hoymercedes.com.ar\/principal\/wp-json\/wp\/v2\/users\/1"}],"replies":[{"embeddable":true,"href":"https:\/\/www.hoymercedes.com.ar\/principal\/wp-json\/wp\/v2\/comments?post=86588"}],"version-history":[{"count":0,"href":"https:\/\/www.hoymercedes.com.ar\/principal\/wp-json\/wp\/v2\/posts\/86588\/revisions"}],"wp:featuredmedia":[{"embeddable":true,"href":"https:\/\/www.hoymercedes.com.ar\/principal\/wp-json\/wp\/v2\/media\/86589"}],"wp:attachment":[{"href":"https:\/\/www.hoymercedes.com.ar\/principal\/wp-json\/wp\/v2\/media?parent=86588"}],"wp:term":[{"taxonomy":"category","embeddable":true,"href":"https:\/\/www.hoymercedes.com.ar\/principal\/wp-json\/wp\/v2\/categories?post=86588"},{"taxonomy":"post_tag","embeddable":true,"href":"https:\/\/www.hoymercedes.com.ar\/principal\/wp-json\/wp\/v2\/tags?post=86588"}],"curies":[{"name":"wp","href":"https:\/\/api.w.org\/{rel}","templated":true}]}}