{"id":86594,"date":"2019-01-07T22:30:00","date_gmt":"2019-01-08T01:30:00","guid":{"rendered":"http:\/\/www.hoymercedes.com.ar\/principal\/?p=86594"},"modified":"2019-01-08T00:54:49","modified_gmt":"2019-01-08T03:54:49","slug":"municipio-inicia-nueva-obra-de-empalme-cloacal","status":"publish","type":"post","link":"https:\/\/www.hoymercedes.com.ar\/principal\/2019\/01\/07\/municipio-inicia-nueva-obra-de-empalme-cloacal\/","title":{"rendered":"Municipio inicia nueva obra de empalme cloacal"},"content":{"rendered":"\n<figure class=\"wp-block-image\"><img loading=\"lazy\" decoding=\"async\" width=\"1024\" height=\"576\" data-attachment-id=\"86595\" data-permalink=\"https:\/\/www.hoymercedes.com.ar\/principal\/2019\/01\/07\/municipio-inicia-nueva-obra-de-empalme-cloacal\/cloacal-3\/#main\" data-orig-file=\"https:\/\/www.hoymercedes.com.ar\/principal\/wp-content\/uploads\/2019\/01\/Cloacal-3.png\" data-orig-size=\"1081,608\" data-comments-opened=\"0\" data-image-meta=\"{&quot;aperture&quot;:&quot;0&quot;,&quot;credit&quot;:&quot;&quot;,&quot;camera&quot;:&quot;&quot;,&quot;caption&quot;:&quot;&quot;,&quot;created_timestamp&quot;:&quot;0&quot;,&quot;copyright&quot;:&quot;&quot;,&quot;focal_length&quot;:&quot;0&quot;,&quot;iso&quot;:&quot;0&quot;,&quot;shutter_speed&quot;:&quot;0&quot;,&quot;title&quot;:&quot;&quot;,&quot;orientation&quot;:&quot;0&quot;}\" data-image-title=\"Cloacal-3\" data-image-description=\"\" data-image-caption=\"\" data-large-file=\"https:\/\/www.hoymercedes.com.ar\/principal\/wp-content\/uploads\/2019\/01\/Cloacal-3-1024x576.png\" src=\"https:\/\/www.hoymercedes.com.ar\/principal\/wp-content\/uploads\/2019\/01\/Cloacal-3-1024x576.png\" alt=\"\" class=\"wp-image-86595\" srcset=\"https:\/\/www.hoymercedes.com.ar\/principal\/wp-content\/uploads\/2019\/01\/Cloacal-3-1024x576.png 1024w, https:\/\/www.hoymercedes.com.ar\/principal\/wp-content\/uploads\/2019\/01\/Cloacal-3-150x84.png 150w, https:\/\/www.hoymercedes.com.ar\/principal\/wp-content\/uploads\/2019\/01\/Cloacal-3-630x354.png 630w, https:\/\/www.hoymercedes.com.ar\/principal\/wp-content\/uploads\/2019\/01\/Cloacal-3.png 1081w\" sizes=\"auto, (max-width: 1024px) 100vw, 1024px\" \/><figcaption>Obra cloacal<\/figcaption><\/figure>\n\n\n\n<p>El Municipio de Mercedes\natendiendo las diferentes consultas y pedidos de los vecinos, est\u00e1 realizando significativas\nobras para el mejoramiento de la red cloacal, tareas de desobstrucci\u00f3n y arreglos\nque mejoraran de forma concreta el bienestar en la ciudad. <\/p>\n\n\n\n<p>El jefe de gabinete, Mat\u00edas\nDematei inform\u00f3 \u201cconstantemente dialogamos con los vecinos y uno de los pedidos\nque vienen haciendo, se refiere al sistema cloacal, de esta forma es que comenzamos\na ejecutar obras que permitan un mejor funcionamiento de esta red\u201d.<\/p>\n\n\n\n<figure class=\"wp-block-image\"><img loading=\"lazy\" decoding=\"async\" width=\"1024\" height=\"576\" data-attachment-id=\"86596\" data-permalink=\"https:\/\/www.hoymercedes.com.ar\/principal\/2019\/01\/07\/municipio-inicia-nueva-obra-de-empalme-cloacal\/cloacal-1\/#main\" data-orig-file=\"https:\/\/www.hoymercedes.com.ar\/principal\/wp-content\/uploads\/2019\/01\/Cloacal-1.png\" data-orig-size=\"1081,608\" data-comments-opened=\"0\" data-image-meta=\"{&quot;aperture&quot;:&quot;0&quot;,&quot;credit&quot;:&quot;&quot;,&quot;camera&quot;:&quot;&quot;,&quot;caption&quot;:&quot;&quot;,&quot;created_timestamp&quot;:&quot;0&quot;,&quot;copyright&quot;:&quot;&quot;,&quot;focal_length&quot;:&quot;0&quot;,&quot;iso&quot;:&quot;0&quot;,&quot;shutter_speed&quot;:&quot;0&quot;,&quot;title&quot;:&quot;&quot;,&quot;orientation&quot;:&quot;0&quot;}\" data-image-title=\"Cloacal-1\" data-image-description=\"\" data-image-caption=\"\" data-large-file=\"https:\/\/www.hoymercedes.com.ar\/principal\/wp-content\/uploads\/2019\/01\/Cloacal-1-1024x576.png\" src=\"https:\/\/www.hoymercedes.com.ar\/principal\/wp-content\/uploads\/2019\/01\/Cloacal-1-1024x576.png\" alt=\"\" class=\"wp-image-86596\" srcset=\"https:\/\/www.hoymercedes.com.ar\/principal\/wp-content\/uploads\/2019\/01\/Cloacal-1-1024x576.png 1024w, https:\/\/www.hoymercedes.com.ar\/principal\/wp-content\/uploads\/2019\/01\/Cloacal-1-150x84.png 150w, https:\/\/www.hoymercedes.com.ar\/principal\/wp-content\/uploads\/2019\/01\/Cloacal-1-630x354.png 630w, https:\/\/www.hoymercedes.com.ar\/principal\/wp-content\/uploads\/2019\/01\/Cloacal-1.png 1081w\" sizes=\"auto, (max-width: 1024px) 100vw, 1024px\" \/><\/figure>\n\n\n\n<p>Fue as\u00ed como el Jefe de Gabinete\ncomunic\u00f3 una importante obra que ya se est\u00e1 llevando adelante en la ciudad \u201cel\nempalme del pozo de la calle 14 y 105 y el pozo ubicado en calle 26 bis se\nconectar\u00e1n al colector cloacal sur, lo que descomprimir\u00e1 los afluentes que se\ndireccionan hacia la zona del centro de la ciudad. Y de esta manera, ir\u00e1n\ndirectamente a la planta depuradora por este colector independiente\u201d.<\/p>\n\n\n\n<p>Es importante destacar que todos\nestos trabajos se efect\u00faan con recursos propios y se enmarcan dentro del plan\nde obras &#8211; por m\u00e1s de 100 millones de pesos- que la Municipalidad lleva\nadelante en distintos espacios y propuestas. <\/p>\n\n\n\n<p>En muchas oportunidades los\ninconvenientes que se producen en la red cloacal es en parte, porque a la misma\nse arrojan desechos de gran proporci\u00f3n que originan tapones dif\u00edciles de\ndesobstruir. Como as\u00ed tambi\u00e9n, afecta de manera directa las abundantes lluvias\nque se vienen produciendo, misma que hace que las napas est\u00e9n muy altas, lo\ncual le infiere a la planta depuradora un mayor esfuerzo. <\/p>\n\n\n\n<p>Por otro lado, no se puede dejar\nde mencionar la larga data de las ca\u00f1er\u00edas de la ciudad. La reconstrucci\u00f3n de\nmanera parcial o total de la misma infiere, de manera ineludible, de un aporte\na nivel nacional, algo que hoy el Estado no parece contemplarlo.&nbsp;&nbsp;&nbsp; <\/p>\n\n\n\n<p>De todas maneras, el Municipio de Mercedes no se queda con los brazos cruzados y a trav\u00e9s de esta obra, como as\u00ed tambi\u00e9n con la compra de un cami\u00f3n desobstructor 0 km adquirido con recursos propios -por 8 millones de pesos- busca optimizar las m\u00faltiples tareas que se realizan en la red cloacal.<\/p>\n\n\n\n<p class=\"has-text-color has-cyan-bluish-gray-color\">Data: Obras P\u00fablicas <\/p>\n","protected":false},"excerpt":{"rendered":"<p>El Municipio de Mercedes atendiendo las diferentes consultas y pedidos de los vecinos, est\u00e1 realizando significativas obras para el mejoramiento de la red cloacal, tareas de desobstrucci\u00f3n y arreglos que mejoraran de forma concreta el bienestar en la ciudad. <\/p>\n","protected":false},"author":1,"featured_media":86596,"comment_status":"closed","ping_status":"open","sticky":false,"template":"","format":"standard","meta":{"_monsterinsights_skip_tracking":false,"_monsterinsights_sitenote_active":false,"_monsterinsights_sitenote_note":"","_monsterinsights_sitenote_category":0,"jetpack_post_was_ever_published":false,"_jetpack_newsletter_access":"","_jetpack_dont_email_post_to_subs":false,"_jetpack_newsletter_tier_id":0,"_jetpack_memberships_contains_paywalled_content":false,"_jetpack_memberships_contains_paid_content":false,"footnotes":"","jetpack_publicize_message":"","jetpack_publicize_feature_enabled":true,"jetpack_social_post_already_shared":true,"jetpack_social_options":{"image_generator_settings":{"template":"highway","default_image_id":0,"font":"","enabled":false},"version":2},"_wpas_customize_per_network":false},"categories":[30],"tags":[12835],"class_list":["post-86594","post","type-post","status-publish","format-standard","has-post-thumbnail","hentry","category-municipio","tag-obra-publica","generate-columns","tablet-grid-50","mobile-grid-100","grid-parent","grid-50"],"jetpack_publicize_connections":[],"jetpack_featured_media_url":"https:\/\/www.hoymercedes.com.ar\/principal\/wp-content\/uploads\/2019\/01\/Cloacal-1.png","wps_subtitle":"Fondos propios","jetpack_sharing_enabled":true,"_links":{"self":[{"href":"https:\/\/www.hoymercedes.com.ar\/principal\/wp-json\/wp\/v2\/posts\/86594","targetHints":{"allow":["GET"]}}],"collection":[{"href":"https:\/\/www.hoymercedes.com.ar\/principal\/wp-json\/wp\/v2\/posts"}],"about":[{"href":"https:\/\/www.hoymercedes.com.ar\/principal\/wp-json\/wp\/v2\/types\/post"}],"author":[{"embeddable":true,"href":"https:\/\/www.hoymercedes.com.ar\/principal\/wp-json\/wp\/v2\/users\/1"}],"replies":[{"embeddable":true,"href":"https:\/\/www.hoymercedes.com.ar\/principal\/wp-json\/wp\/v2\/comments?post=86594"}],"version-history":[{"count":0,"href":"https:\/\/www.hoymercedes.com.ar\/principal\/wp-json\/wp\/v2\/posts\/86594\/revisions"}],"wp:featuredmedia":[{"embeddable":true,"href":"https:\/\/www.hoymercedes.com.ar\/principal\/wp-json\/wp\/v2\/media\/86596"}],"wp:attachment":[{"href":"https:\/\/www.hoymercedes.com.ar\/principal\/wp-json\/wp\/v2\/media?parent=86594"}],"wp:term":[{"taxonomy":"category","embeddable":true,"href":"https:\/\/www.hoymercedes.com.ar\/principal\/wp-json\/wp\/v2\/categories?post=86594"},{"taxonomy":"post_tag","embeddable":true,"href":"https:\/\/www.hoymercedes.com.ar\/principal\/wp-json\/wp\/v2\/tags?post=86594"}],"curies":[{"name":"wp","href":"https:\/\/api.w.org\/{rel}","templated":true}]}}