{"id":86599,"date":"2019-01-07T19:59:54","date_gmt":"2019-01-07T22:59:54","guid":{"rendered":"http:\/\/www.hoymercedes.com.ar\/principal\/?p=86599"},"modified":"2019-01-07T20:00:03","modified_gmt":"2019-01-07T23:00:03","slug":"galgueros-gana-gusta-golea-y-lidera","status":"publish","type":"post","link":"https:\/\/www.hoymercedes.com.ar\/principal\/2019\/01\/07\/galgueros-gana-gusta-golea-y-lidera\/","title":{"rendered":"Galgueros: Gana, gusta, golea y lidera"},"content":{"rendered":"\n<p>Convirti\u00f3 la mayor goleada en lo que va del certamen y encabeza la Zona B, junto a San Mart\u00edn. El Cone, sin que le sobre nada, conduce la Zona A. <\/p>\n\n\n\n<figure class=\"wp-block-image\"><img loading=\"lazy\" decoding=\"async\" width=\"699\" height=\"524\" data-attachment-id=\"86600\" data-permalink=\"https:\/\/www.hoymercedes.com.ar\/principal\/2019\/01\/07\/galgueros-gana-gusta-golea-y-lidera\/galgueros\/#main\" data-orig-file=\"https:\/\/www.hoymercedes.com.ar\/principal\/wp-content\/uploads\/2019\/01\/Galgueros.jpeg\" data-orig-size=\"699,524\" data-comments-opened=\"0\" data-image-meta=\"{&quot;aperture&quot;:&quot;0&quot;,&quot;credit&quot;:&quot;&quot;,&quot;camera&quot;:&quot;&quot;,&quot;caption&quot;:&quot;&quot;,&quot;created_timestamp&quot;:&quot;1545606893&quot;,&quot;copyright&quot;:&quot;&quot;,&quot;focal_length&quot;:&quot;0&quot;,&quot;iso&quot;:&quot;0&quot;,&quot;shutter_speed&quot;:&quot;0&quot;,&quot;title&quot;:&quot;&quot;,&quot;orientation&quot;:&quot;1&quot;}\" data-image-title=\"Galgueros\" data-image-description=\"\" data-image-caption=\"\" data-large-file=\"https:\/\/www.hoymercedes.com.ar\/principal\/wp-content\/uploads\/2019\/01\/Galgueros.jpeg\" src=\"https:\/\/www.hoymercedes.com.ar\/principal\/wp-content\/uploads\/2019\/01\/Galgueros.jpeg\" alt=\"\" class=\"wp-image-86600\" srcset=\"https:\/\/www.hoymercedes.com.ar\/principal\/wp-content\/uploads\/2019\/01\/Galgueros.jpeg 699w, https:\/\/www.hoymercedes.com.ar\/principal\/wp-content\/uploads\/2019\/01\/Galgueros-150x112.jpeg 150w, https:\/\/www.hoymercedes.com.ar\/principal\/wp-content\/uploads\/2019\/01\/Galgueros-630x472.jpeg 630w, https:\/\/www.hoymercedes.com.ar\/principal\/wp-content\/uploads\/2019\/01\/Galgueros-320x240.jpeg 320w, https:\/\/www.hoymercedes.com.ar\/principal\/wp-content\/uploads\/2019\/01\/Galgueros-100x75.jpeg 100w\" sizes=\"auto, (max-width: 699px) 100vw, 699px\" \/><\/figure>\n\n\n\n<p>Luego de las lluvias de las\nlluvias del fin de semana pasado, las cuales permitieron que solamente se\ndisputen los encuentros del d\u00eda viernes, pudo completarse la segunda fecha de\nla Copa Mercedes Deportes, organizada por Walter Banega en el destacado campo\nde deportes del Sindicato de la Carne de Mercedes. Recordemos que en el\ncomienzo de la fecha, Estudio Jur\u00eddico Pagano-Poggio cay\u00f3 ante Los Pibes por\ntres tantos contra dos, y San Mart\u00edn super\u00f3 por cinco a tres a El Bosquecito\nPeluquer\u00eda Juan Cesar.<\/p>\n\n\n\n<p>Al reanudarse la fecha,\nVadex Shop Jun\u00edn quer\u00eda sumar su segundo triunfo al hilo, pero ten\u00eda enfrente\nal siempre duro Carnicer\u00eda La 11-Refrigeraci\u00f3n D&amp;N. En un trabado partido,\nque se jug\u00f3 mayormente lejos de los arcos, finalmente ninguno pudo hacerse da\u00f1o\ny cerraron el encuentro en un cero a cero. Otro empate, pero esta vez con un\ngo, por cada parte, lo protagonizaron Verduler\u00eda Roc\u00edo y GS Repuestos. Dami\u00e1n\nMansilla anot\u00f3 por parte de \u00ablos de la verduler\u00eda\u00ab, mientras que para la\ngente de \u00abla casa de repuestos\u00ab lo hizo Agust\u00edn Luna. Para finalizar el festival\nde partidos empardados, Quilmes y Rest\u00f3 Ravello igualaron en dos tantos, en un\nencuentro abierto, de ida y vuelta, pero que tambi\u00e9n hubo fricciones, de hecho,\nJavier Lezcano y Federico \u00abteity\u00ab Colombo se fueron expulsados por cada\nequipo. <\/p>\n\n\n\n<p><strong>El d\u00fao din\u00e1mico:<\/strong><\/p>\n\n\n\n<p>Lucas Coleta y Axel Lucero\ndieron la nota de la fecha al anotarse con un triplete cada uno para darle la\nvictoria a El Rejunte y ayudarlo a recuperar la memoria, luego de haber\ndebutado en el certamen con una derrota. Puty Club, s\u00f3lo pudo descontar en los\npies de Carlos Villalva.<br>\n<strong>Lidera con lo justo:<\/strong><\/p>\n\n\n\n<p>Al conjunto que conduce\nDar\u00edo Ravasa no le hace falta mostrar resultados abultados para ser el l\u00edder de\nsu grupo. Tan s\u00f3lo anot\u00f3 dos goles, uno por partido, y en ambos encuentros pudo\nconservar su valla en cero. Todo esto se sintetiza en dos triunfos por la\nm\u00ednima diferencia, que lo elevan a lo m\u00e1s alto de la tabla de posiciones. En\nesta oportunidad fue ante De Rabona, que no consigue levantar cabeza, y el gol\ndel triunfo estuvo en los pies de Diego Sanchez.<\/p>\n\n\n\n<p><strong>La goleada del campeonato: &nbsp;&nbsp;&nbsp;&nbsp;<\/strong><\/p>\n\n\n\n<p>Galgueros es siempre un\nfirme candidato al t\u00edtulo, y lo est\u00e1 validando con creces. En esta segunda\nfecha, aniquil\u00f3 con una bater\u00eda de goles (nada m\u00e1s y nada menos que nueve\ntantos) a La Pasta de Juan, quien cosech\u00f3 su segunda derrota consecutiva. Este\nteam parece que va por todo \u00bfHabr\u00e1 quemado todos los cartuchos? \u00bfPodr\u00e1\ndetenerlo alguien? <\/p>\n\n\n\n<p><strong>Resultados completos Copa Mercedes Deportes:<\/strong><\/p>\n\n\n\n<p>Barrio San Mart\u00edn: 5\n(Diego Maiorana 3 y Nicol\u00e1s Montenegro 2)<\/p>\n\n\n\n<p>El Bosquecito-Peluquer\u00eda\nJuan Cesar: 3 (Germ\u00e1n Castillo 2 y Matias Verde)<\/p>\n\n\n\n<p>Los Pibes: 2 (Carlos\nLarrea y Juan Cruz Torres)<\/p>\n\n\n\n<p>Estudio Jur\u00eddico\nPagano-Poggio: 3 (Carlos Dubertti, Lucas Quiroga y Jes\u00fas Dubertti)<\/p>\n\n\n\n<p>El Rejunte: 6 (Lucas\nColeta 3 y Axel Lucero 3) <\/p>\n\n\n\n<p>Puty Club: 1 (Carlos\nVillalva)<\/p>\n\n\n\n<p>Quilmes: 2 (Jos\u00e9 Figaredo\ny Gustavo B\u00edsforo)<\/p>\n\n\n\n<p>Resto Ravello: 2 (Joaqu\u00edn\nColicigno y Claudio Carrizo)<\/p>\n\n\n\n<p>Verduler\u00eda Roc\u00edo: 1\n(Dami\u00e1n Mansilla) <\/p>\n\n\n\n<p>GS Repuestos: 1 (Agust\u00edn\nLuna)<\/p>\n\n\n\n<p>Carnicer\u00eda la 11: 0<\/p>\n\n\n\n<p>Vadex Shop Jun\u00edn: 0<\/p>\n\n\n\n<p>Galgueros: 9 (Lucas Chavez\n2, Gerardo Contreras 2, Luciano Aveni, Alejandro Lopez, Jonatan Martinez,\nJoaqu\u00edn Mouzzon y Juli\u00e1n Vita)<\/p>\n\n\n\n<p>La Pasta de Juan: 1\n(Nicolas Scasso)<\/p>\n\n\n\n<p>De Rabona: 0<\/p>\n\n\n\n<p>El Cone: 1 (Diego Sanchez)<\/p>\n\n\n\n<div class=\"wp-block-image\"><figure class=\"aligncenter\"><img loading=\"lazy\" decoding=\"async\" width=\"358\" height=\"490\" data-attachment-id=\"86601\" data-permalink=\"https:\/\/www.hoymercedes.com.ar\/principal\/2019\/01\/07\/galgueros-gana-gusta-golea-y-lidera\/pos\/#main\" data-orig-file=\"https:\/\/www.hoymercedes.com.ar\/principal\/wp-content\/uploads\/2019\/01\/pos.png\" data-orig-size=\"358,490\" data-comments-opened=\"0\" data-image-meta=\"{&quot;aperture&quot;:&quot;0&quot;,&quot;credit&quot;:&quot;&quot;,&quot;camera&quot;:&quot;&quot;,&quot;caption&quot;:&quot;&quot;,&quot;created_timestamp&quot;:&quot;0&quot;,&quot;copyright&quot;:&quot;&quot;,&quot;focal_length&quot;:&quot;0&quot;,&quot;iso&quot;:&quot;0&quot;,&quot;shutter_speed&quot;:&quot;0&quot;,&quot;title&quot;:&quot;&quot;,&quot;orientation&quot;:&quot;0&quot;}\" data-image-title=\"pos\" data-image-description=\"\" data-image-caption=\"\" data-large-file=\"https:\/\/www.hoymercedes.com.ar\/principal\/wp-content\/uploads\/2019\/01\/pos.png\" src=\"https:\/\/www.hoymercedes.com.ar\/principal\/wp-content\/uploads\/2019\/01\/pos.png\" alt=\"\" class=\"wp-image-86601\" srcset=\"https:\/\/www.hoymercedes.com.ar\/principal\/wp-content\/uploads\/2019\/01\/pos.png 358w, https:\/\/www.hoymercedes.com.ar\/principal\/wp-content\/uploads\/2019\/01\/pos-110x150.png 110w\" sizes=\"auto, (max-width: 358px) 100vw, 358px\" \/><\/figure><\/div>\n","protected":false},"excerpt":{"rendered":"<p>Convirti\u00f3 la mayor goleada en lo que va del certamen y encabeza la Zona B, junto a San Mart\u00edn. El &#8230; <a title=\"Galgueros: Gana, gusta, golea y lidera\" class=\"read-more\" href=\"https:\/\/www.hoymercedes.com.ar\/principal\/2019\/01\/07\/galgueros-gana-gusta-golea-y-lidera\/\" aria-label=\"Leer m\u00e1s sobre Galgueros: Gana, gusta, golea y lidera\">Leer m\u00e1s<\/a><\/p>\n","protected":false},"author":1,"featured_media":86600,"comment_status":"closed","ping_status":"open","sticky":false,"template":"","format":"standard","meta":{"_monsterinsights_skip_tracking":false,"_monsterinsights_sitenote_active":false,"_monsterinsights_sitenote_note":"","_monsterinsights_sitenote_category":0,"jetpack_post_was_ever_published":false,"_jetpack_newsletter_access":"","_jetpack_dont_email_post_to_subs":false,"_jetpack_newsletter_tier_id":0,"_jetpack_memberships_contains_paywalled_content":false,"_jetpack_memberships_contains_paid_content":false,"footnotes":"","jetpack_publicize_message":"","jetpack_publicize_feature_enabled":true,"jetpack_social_post_already_shared":true,"jetpack_social_options":{"image_generator_settings":{"template":"highway","default_image_id":0,"font":"","enabled":false},"version":2},"_wpas_customize_per_network":false},"categories":[21],"tags":[12957,1789],"class_list":["post-86599","post","type-post","status-publish","format-standard","has-post-thumbnail","hentry","category-deportes","tag-futbol-amateur","tag-sindicato-de-la-carne","generate-columns","tablet-grid-50","mobile-grid-100","grid-parent","grid-50"],"jetpack_publicize_connections":[],"jetpack_featured_media_url":"https:\/\/www.hoymercedes.com.ar\/principal\/wp-content\/uploads\/2019\/01\/Galgueros.jpeg","wps_subtitle":"Sindicato de la Carne","jetpack_sharing_enabled":true,"jetpack-related-posts":[{"id":93376,"url":"https:\/\/www.hoymercedes.com.ar\/principal\/2019\/05\/21\/sindicato-de-la-carne-verduleria-rocio-se-consagro-campeon\/","url_meta":{"origin":86599,"position":0},"title":"Sindicato de la Carne: Verduler\u00eda Roc\u00edo se consagr\u00f3 campe\u00f3n","author":"hoymercedes","date":"21 mayo, 2019","format":false,"excerpt":"En una s\u00faper final, fue verdugo del Barrio San Mart\u00edn. Todo se defini\u00f3 en la tanda de los penales. Sigue la acci\u00f3n en el certamen de veteranos. A pesar de algunas lluvias ca\u00eddas en la tarde del s\u00e1bado, dentro del complejo futbol\u00edstico, igualmente el f\u00fatbol tuvo su lugar, y fue\u2026","rel":"","context":"En \u00abDeportes\u00bb","block_context":{"text":"Deportes","link":"https:\/\/www.hoymercedes.com.ar\/principal\/category\/deportes\/"},"img":{"alt_text":"","src":"https:\/\/i0.wp.com\/www.hoymercedes.com.ar\/principal\/wp-content\/uploads\/2019\/05\/el-rejunte.jpg-2.jpg?resize=350%2C200&ssl=1","width":350,"height":200,"srcset":"https:\/\/i0.wp.com\/www.hoymercedes.com.ar\/principal\/wp-content\/uploads\/2019\/05\/el-rejunte.jpg-2.jpg?resize=350%2C200&ssl=1 1x, https:\/\/i0.wp.com\/www.hoymercedes.com.ar\/principal\/wp-content\/uploads\/2019\/05\/el-rejunte.jpg-2.jpg?resize=525%2C300&ssl=1 1.5x, https:\/\/i0.wp.com\/www.hoymercedes.com.ar\/principal\/wp-content\/uploads\/2019\/05\/el-rejunte.jpg-2.jpg?resize=700%2C400&ssl=1 2x"},"classes":[]},{"id":92143,"url":"https:\/\/www.hoymercedes.com.ar\/principal\/2019\/05\/01\/sindicato-de-la-carne-la-primera-gran-final-quedo-empatada\/","url_meta":{"origin":86599,"position":1},"title":"Sindicato de la Carne: La primera gran final qued\u00f3 empatada","author":"hoymercedes","date":"1 mayo, 2019","format":false,"excerpt":"Luego de que el tribunal de disciplina emitiera su dictamen, fueron tres los equipos que llegaron a lo m\u00e1s alto de la tabla igualados en puntos. El primero de ellos, y de gran campa\u00f1a, fue El Cone, que qued\u00f3 libre en esta primer jornada de finales. En consecuencia, Verduler\u00eda Roc\u00edo\u2026","rel":"","context":"En \u00abDeportes\u00bb","block_context":{"text":"Deportes","link":"https:\/\/www.hoymercedes.com.ar\/principal\/category\/deportes\/"},"img":{"alt_text":"","src":"https:\/\/i0.wp.com\/www.hoymercedes.com.ar\/principal\/wp-content\/uploads\/2019\/04\/La-Cortada-FC.jpeg?resize=350%2C200&ssl=1","width":350,"height":200,"srcset":"https:\/\/i0.wp.com\/www.hoymercedes.com.ar\/principal\/wp-content\/uploads\/2019\/04\/La-Cortada-FC.jpeg?resize=350%2C200&ssl=1 1x, https:\/\/i0.wp.com\/www.hoymercedes.com.ar\/principal\/wp-content\/uploads\/2019\/04\/La-Cortada-FC.jpeg?resize=525%2C300&ssl=1 1.5x, https:\/\/i0.wp.com\/www.hoymercedes.com.ar\/principal\/wp-content\/uploads\/2019\/04\/La-Cortada-FC.jpeg?resize=700%2C400&ssl=1 2x"},"classes":[]},{"id":74913,"url":"https:\/\/www.hoymercedes.com.ar\/principal\/2018\/04\/24\/el-balon-no-rodo-en-el-sindicato-de-la-carne\/","url_meta":{"origin":86599,"position":2},"title":"El bal\u00f3n no rod\u00f3 en el Sindicato de la Carne","author":"hoymercedes","date":"24 abril, 2018","format":false,"excerpt":"Las grandes precipitaciones hicieron que los campos de juego no se encuentren en condiciones para la jornada deportiva. El comienzo del torneo libre se hace desear. Una vez m\u00e1s, las grandes y copiosas precipitaciones fueron las protagonistas del certamen futbol\u00edstico que se lleva a cabo en el predio del Sindicato\u2026","rel":"","context":"En \u00abDeportes\u00bb","block_context":{"text":"Deportes","link":"https:\/\/www.hoymercedes.com.ar\/principal\/category\/deportes\/"},"img":{"alt_text":"","src":"https:\/\/i0.wp.com\/www.hoymercedes.com.ar\/principal\/wp-content\/uploads\/2018\/04\/el-bosquecito.jpg?resize=350%2C200&ssl=1","width":350,"height":200,"srcset":"https:\/\/i0.wp.com\/www.hoymercedes.com.ar\/principal\/wp-content\/uploads\/2018\/04\/el-bosquecito.jpg?resize=350%2C200&ssl=1 1x, https:\/\/i0.wp.com\/www.hoymercedes.com.ar\/principal\/wp-content\/uploads\/2018\/04\/el-bosquecito.jpg?resize=525%2C300&ssl=1 1.5x, https:\/\/i0.wp.com\/www.hoymercedes.com.ar\/principal\/wp-content\/uploads\/2018\/04\/el-bosquecito.jpg?resize=700%2C400&ssl=1 2x, https:\/\/i0.wp.com\/www.hoymercedes.com.ar\/principal\/wp-content\/uploads\/2018\/04\/el-bosquecito.jpg?resize=1050%2C600&ssl=1 3x, https:\/\/i0.wp.com\/www.hoymercedes.com.ar\/principal\/wp-content\/uploads\/2018\/04\/el-bosquecito.jpg?resize=1400%2C800&ssl=1 4x"},"classes":[]},{"id":150936,"url":"https:\/\/www.hoymercedes.com.ar\/principal\/2022\/07\/19\/futbol-femenino-san-martin-volvio-a-sumar-de-a-tres\/","url_meta":{"origin":86599,"position":3},"title":"Futbol Femenino: San Mart\u00edn volvi\u00f3 a sumar de a tres\u00a0","author":"hoymercedes","date":"19 julio, 2022","format":false,"excerpt":"Durante la tarde noche del pasado s\u00e1bado se llev\u00f3 a cabo la tercera fecha del futbol femenino de primera divisi\u00f3n organizado por la Liga Mercedina de F\u00fatbol.\u00a0","rel":"","context":"En \u00abDeportes\u00bb","block_context":{"text":"Deportes","link":"https:\/\/www.hoymercedes.com.ar\/principal\/category\/deportes\/"},"img":{"alt_text":"","src":"https:\/\/i0.wp.com\/www.hoymercedes.com.ar\/principal\/wp-content\/uploads\/2022\/07\/futbol-femenino-3-fecha.jpg?resize=350%2C200&ssl=1","width":350,"height":200,"srcset":"https:\/\/i0.wp.com\/www.hoymercedes.com.ar\/principal\/wp-content\/uploads\/2022\/07\/futbol-femenino-3-fecha.jpg?resize=350%2C200&ssl=1 1x, https:\/\/i0.wp.com\/www.hoymercedes.com.ar\/principal\/wp-content\/uploads\/2022\/07\/futbol-femenino-3-fecha.jpg?resize=525%2C300&ssl=1 1.5x, https:\/\/i0.wp.com\/www.hoymercedes.com.ar\/principal\/wp-content\/uploads\/2022\/07\/futbol-femenino-3-fecha.jpg?resize=700%2C400&ssl=1 2x"},"classes":[]},{"id":81556,"url":"https:\/\/www.hoymercedes.com.ar\/principal\/2018\/09\/24\/a-una-fecha-para-la-culminacion-del-torneo-de-veteranos\/","url_meta":{"origin":86599,"position":4},"title":"A una fecha para la culminaci\u00f3n del torneo de veteranos","author":"hoymercedes","date":"24 septiembre, 2018","format":false,"excerpt":"Rosario Pl\u00e1stico-Autoservicio Marisol es el firme candidato a quedarse con el ansiado t\u00edtulol. Ap\u00edcola Merceds y la Cortada son escoltas a una unidad. Veteranos Uno de los dos torneos del sindicato, justamente el de mayores, como cada fin de semana tuvo una fecha espectacular con grandes partidazos y nada m\u00e1s\u2026","rel":"","context":"En \u00abDeportes\u00bb","block_context":{"text":"Deportes","link":"https:\/\/www.hoymercedes.com.ar\/principal\/category\/deportes\/"},"img":{"alt_text":"","src":"https:\/\/i0.wp.com\/www.hoymercedes.com.ar\/principal\/wp-content\/uploads\/2018\/09\/peluqueate-forrajer%C3%ADa-el-cone-1.jpg?resize=350%2C200&ssl=1","width":350,"height":200,"srcset":"https:\/\/i0.wp.com\/www.hoymercedes.com.ar\/principal\/wp-content\/uploads\/2018\/09\/peluqueate-forrajer%C3%ADa-el-cone-1.jpg?resize=350%2C200&ssl=1 1x, https:\/\/i0.wp.com\/www.hoymercedes.com.ar\/principal\/wp-content\/uploads\/2018\/09\/peluqueate-forrajer%C3%ADa-el-cone-1.jpg?resize=525%2C300&ssl=1 1.5x, https:\/\/i0.wp.com\/www.hoymercedes.com.ar\/principal\/wp-content\/uploads\/2018\/09\/peluqueate-forrajer%C3%ADa-el-cone-1.jpg?resize=700%2C400&ssl=1 2x"},"classes":[]},{"id":81216,"url":"https:\/\/www.hoymercedes.com.ar\/principal\/2018\/09\/19\/a-falta-de-dos-fechas-para-el-final-hay-dos-lideres-en-veteranos\/","url_meta":{"origin":86599,"position":5},"title":"A falta de dos fechas para el final, hay dos l\u00edderes en veteranos","author":"hoymercedes","date":"19 septiembre, 2018","format":false,"excerpt":"Rosario Pl\u00e1stico-Autoservicio Marisol y Lo Jarrones est\u00e1n mano a mano en la cima de la tabla de posiciones, en un certamen que como siempre est\u00e1 al rojo vivo. Segunda fecha para las zonas A y B de los menores. \u00a0 Rosario Pl\u00e1stico-Autoservicio Marisol no pudo sacar ventaja en la tan\u2026","rel":"","context":"En \u00abDeportes\u00bb","block_context":{"text":"Deportes","link":"https:\/\/www.hoymercedes.com.ar\/principal\/category\/deportes\/"},"img":{"alt_text":"","src":"https:\/\/i0.wp.com\/www.hoymercedes.com.ar\/principal\/wp-content\/uploads\/2018\/09\/bosquecito-2.jpg?resize=350%2C200&ssl=1","width":350,"height":200,"srcset":"https:\/\/i0.wp.com\/www.hoymercedes.com.ar\/principal\/wp-content\/uploads\/2018\/09\/bosquecito-2.jpg?resize=350%2C200&ssl=1 1x, https:\/\/i0.wp.com\/www.hoymercedes.com.ar\/principal\/wp-content\/uploads\/2018\/09\/bosquecito-2.jpg?resize=525%2C300&ssl=1 1.5x, https:\/\/i0.wp.com\/www.hoymercedes.com.ar\/principal\/wp-content\/uploads\/2018\/09\/bosquecito-2.jpg?resize=700%2C400&ssl=1 2x"},"classes":[]}],"_links":{"self":[{"href":"https:\/\/www.hoymercedes.com.ar\/principal\/wp-json\/wp\/v2\/posts\/86599","targetHints":{"allow":["GET"]}}],"collection":[{"href":"https:\/\/www.hoymercedes.com.ar\/principal\/wp-json\/wp\/v2\/posts"}],"about":[{"href":"https:\/\/www.hoymercedes.com.ar\/principal\/wp-json\/wp\/v2\/types\/post"}],"author":[{"embeddable":true,"href":"https:\/\/www.hoymercedes.com.ar\/principal\/wp-json\/wp\/v2\/users\/1"}],"replies":[{"embeddable":true,"href":"https:\/\/www.hoymercedes.com.ar\/principal\/wp-json\/wp\/v2\/comments?post=86599"}],"version-history":[{"count":0,"href":"https:\/\/www.hoymercedes.com.ar\/principal\/wp-json\/wp\/v2\/posts\/86599\/revisions"}],"wp:featuredmedia":[{"embeddable":true,"href":"https:\/\/www.hoymercedes.com.ar\/principal\/wp-json\/wp\/v2\/media\/86600"}],"wp:attachment":[{"href":"https:\/\/www.hoymercedes.com.ar\/principal\/wp-json\/wp\/v2\/media?parent=86599"}],"wp:term":[{"taxonomy":"category","embeddable":true,"href":"https:\/\/www.hoymercedes.com.ar\/principal\/wp-json\/wp\/v2\/categories?post=86599"},{"taxonomy":"post_tag","embeddable":true,"href":"https:\/\/www.hoymercedes.com.ar\/principal\/wp-json\/wp\/v2\/tags?post=86599"}],"curies":[{"name":"wp","href":"https:\/\/api.w.org\/{rel}","templated":true}]}}