{"id":86604,"date":"2019-01-07T20:17:47","date_gmt":"2019-01-07T23:17:47","guid":{"rendered":"http:\/\/www.hoymercedes.com.ar\/principal\/?p=86604"},"modified":"2019-01-07T20:17:56","modified_gmt":"2019-01-07T23:17:56","slug":"federico-lertora-nuestro-principal-rival-somos-nosotros","status":"publish","type":"post","link":"https:\/\/www.hoymercedes.com.ar\/principal\/2019\/01\/07\/federico-lertora-nuestro-principal-rival-somos-nosotros\/","title":{"rendered":"Federico L\u00e9rtora: Nuestro principal rival somos nosotros"},"content":{"rendered":"\n<p><strong>La Voz del Interior.<\/strong> La primera jornada de trabajo de Belgrano en 2019 lleg\u00f3 a su fin y Federico L\u00e9rtora, tras dejar la zona de vestuarios del predio Armando P\u00e9rez, asegur\u00f3 que para la recta final del torneo \u201cnuestro principal rival somos nosotros\u201d, dejando en claro que deber\u00e1n mejorar y mucho el andar los futbolistas para revertir el presente que lo muestra en descenso.<\/p>\n\n\n\n<figure class=\"wp-block-image\"><img loading=\"lazy\" decoding=\"async\" width=\"1024\" height=\"715\" data-attachment-id=\"86605\" data-permalink=\"https:\/\/www.hoymercedes.com.ar\/principal\/2019\/01\/07\/federico-lertora-nuestro-principal-rival-somos-nosotros\/federico-lertora-belgrano-entrenamiento\/#main\" data-orig-file=\"https:\/\/www.hoymercedes.com.ar\/principal\/wp-content\/uploads\/2019\/01\/Federico-L\u00e9rtora-Belgrano-entrenamiento.jpg\" data-orig-size=\"1072,748\" data-comments-opened=\"0\" data-image-meta=\"{&quot;aperture&quot;:&quot;0&quot;,&quot;credit&quot;:&quot;&quot;,&quot;camera&quot;:&quot;&quot;,&quot;caption&quot;:&quot;&quot;,&quot;created_timestamp&quot;:&quot;0&quot;,&quot;copyright&quot;:&quot;&quot;,&quot;focal_length&quot;:&quot;0&quot;,&quot;iso&quot;:&quot;0&quot;,&quot;shutter_speed&quot;:&quot;0&quot;,&quot;title&quot;:&quot;&quot;,&quot;orientation&quot;:&quot;0&quot;}\" data-image-title=\"Federico L\u00e9rtora Belgrano entrenamiento\" data-image-description=\"\" data-image-caption=\"\" data-large-file=\"https:\/\/www.hoymercedes.com.ar\/principal\/wp-content\/uploads\/2019\/01\/Federico-L\u00e9rtora-Belgrano-entrenamiento-1024x715.jpg\" src=\"https:\/\/www.hoymercedes.com.ar\/principal\/wp-content\/uploads\/2019\/01\/Federico-L\u00e9rtora-Belgrano-entrenamiento-1024x715.jpg\" alt=\"\" class=\"wp-image-86605\" srcset=\"https:\/\/www.hoymercedes.com.ar\/principal\/wp-content\/uploads\/2019\/01\/Federico-L\u00e9rtora-Belgrano-entrenamiento-1024x715.jpg 1024w, https:\/\/www.hoymercedes.com.ar\/principal\/wp-content\/uploads\/2019\/01\/Federico-L\u00e9rtora-Belgrano-entrenamiento-150x105.jpg 150w, https:\/\/www.hoymercedes.com.ar\/principal\/wp-content\/uploads\/2019\/01\/Federico-L\u00e9rtora-Belgrano-entrenamiento-630x440.jpg 630w, https:\/\/www.hoymercedes.com.ar\/principal\/wp-content\/uploads\/2019\/01\/Federico-L\u00e9rtora-Belgrano-entrenamiento.jpg 1072w\" sizes=\"auto, (max-width: 1024px) 100vw, 1024px\" \/><\/figure>\n\n\n\n<p>\u201cEstamos en una situaci\u00f3n dif\u00edcil, no tuvimos la mejor primera parte del a\u00f1o, pero como toda reanudaci\u00f3n te hace renovar las esperanzas. Venimos con la ilusi\u00f3n de revertir la situaci\u00f3n y dejar a Belgrano en Primera\u201d, prosigui\u00f3.<\/p>\n\n\n\n<p>El Pirata trabajar\u00e1 a partir de hoy en doble turno en el predio de Villa Esqui\u00fa y continuar\u00e1 con su puesta a punto en lo f\u00edsico.<\/p>\n\n\n\n<p>\u201cTenemos que cambiar el chip, debemos empezar de cero, porque sabemos que son 10 partidos en la que se juegan muchas cosas. Pero lo bueno y positivo es que a\u00fan estamos con posibilidades y dependemos de nosotros\u201d, agreg\u00f3 Federico L\u00e9rtora.PUBLICIDAD<\/p>\n\n\n\n<p>Cuando se lo consult\u00f3 sobre qu\u00e9 es lo que el equipo debe cambiar para esta decena de juegos y lograr la permanencia, el futbolista dijo: \u201cLo principal es acomodar la cabeza. Porque de all\u00ed depende todo lo dem\u00e1s, fijate que de los \u00faltimos partidos estuvimos en cinco arriba y no los pudimos sostener. Todo es psicol\u00f3gico, as\u00ed que habr\u00e1 que empezar por all\u00ed\u201d.<\/p>\n\n\n\n<p>Sin un margen para el error en la recta final, pues uno m\u00e1s le costar\u00eda a Belgrano la permanencia en Primera, el jugador dijo: \u201cLa verdad es as\u00ed, el campeonato a\u00fan nos da \u201cvida\u201d y nos muestra otra oportunidad, pero ahora tenemos que aprovecharla. El torneo nos da la chance de salir de esta situaci\u00f3n, as\u00ed que habr\u00e1 que trabajar al m\u00e1ximo y no dejarla pasar\u201d.<\/p>\n\n\n\n<p>\u201cMe parece que lo que nos falt\u00f3 en la primera parte del torneo fue madurez, porque muchas veces la situaci\u00f3n nos sobrepas\u00f3. Consegu\u00edamos lo m\u00e1s dif\u00edcil que era la ventaja, pero despu\u00e9s el equipo quer\u00eda cerrar los partidos r\u00e1pido en lugar de seguir buscando y cerrarlos con otro gol\u201d, a\u00f1adi\u00f3.<\/p>\n\n\n\n<p>La situaci\u00f3n no es sencilla y los jugadores saben que habr\u00e1 una presi\u00f3n extra en estas fechas que faltan jugar: \u201cPresi\u00f3n es otra cosa, aqu\u00ed todos nos hemos preparados para jugar al f\u00fatbol desde chicos y hay que saber asimilarla para el lado bueno\u201d.<\/p>\n\n\n\n<p>El Pirata jug\u00f3 toda la primera parte del torneo con sus gradas a pleno y el mensaje de L\u00e9rtora para los hinchas es: \u201cNecesitamos de todos, del compromiso de todos. Nosotros, el plantel completo, estamos comprometidos y desde hoy (por ayer) y hasta el final del campeonato vamos a dejar todo para que el club siga en Primera. Porque una vez que eso se logre, Belgrano podr\u00e1 pensar en otros objetivos. Ellos nos han acompa\u00f1ado siempre y nosotros debemos contagiarlos desde adentro\u201d.<\/p>\n","protected":false},"excerpt":{"rendered":"<p>La Voz del Interior. La primera jornada de trabajo de Belgrano en 2019 lleg\u00f3 a su fin y Federico L\u00e9rtora, &#8230; <a title=\"Federico L\u00e9rtora: Nuestro principal rival somos nosotros\" class=\"read-more\" href=\"https:\/\/www.hoymercedes.com.ar\/principal\/2019\/01\/07\/federico-lertora-nuestro-principal-rival-somos-nosotros\/\" aria-label=\"Leer m\u00e1s sobre Federico L\u00e9rtora: Nuestro principal rival somos nosotros\">Leer m\u00e1s<\/a><\/p>\n","protected":false},"author":1,"featured_media":86605,"comment_status":"closed","ping_status":"open","sticky":false,"template":"","format":"standard","meta":{"_monsterinsights_skip_tracking":false,"_monsterinsights_sitenote_active":false,"_monsterinsights_sitenote_note":"","_monsterinsights_sitenote_category":0,"jetpack_post_was_ever_published":false,"_jetpack_newsletter_access":"","_jetpack_dont_email_post_to_subs":false,"_jetpack_newsletter_tier_id":0,"_jetpack_memberships_contains_paywalled_content":false,"_jetpack_memberships_contains_paid_content":false,"footnotes":"","jetpack_publicize_message":"","jetpack_publicize_feature_enabled":true,"jetpack_social_post_already_shared":true,"jetpack_social_options":{"image_generator_settings":{"template":"highway","default_image_id":0,"font":"","enabled":false},"version":2},"_wpas_customize_per_network":false},"categories":[21],"tags":[592,9549,14357,14212],"class_list":["post-86604","post","type-post","status-publish","format-standard","has-post-thumbnail","hentry","category-deportes","tag-belgrano","tag-cordoba","tag-descenso","tag-superliga","generate-columns","tablet-grid-50","mobile-grid-100","grid-parent","grid-50"],"jetpack_publicize_connections":[],"jetpack_featured_media_url":"https:\/\/www.hoymercedes.com.ar\/principal\/wp-content\/uploads\/2019\/01\/Federico-L\u00e9rtora-Belgrano-entrenamiento.jpg","wps_subtitle":"La Legi\u00f3n","jetpack_sharing_enabled":true,"_links":{"self":[{"href":"https:\/\/www.hoymercedes.com.ar\/principal\/wp-json\/wp\/v2\/posts\/86604","targetHints":{"allow":["GET"]}}],"collection":[{"href":"https:\/\/www.hoymercedes.com.ar\/principal\/wp-json\/wp\/v2\/posts"}],"about":[{"href":"https:\/\/www.hoymercedes.com.ar\/principal\/wp-json\/wp\/v2\/types\/post"}],"author":[{"embeddable":true,"href":"https:\/\/www.hoymercedes.com.ar\/principal\/wp-json\/wp\/v2\/users\/1"}],"replies":[{"embeddable":true,"href":"https:\/\/www.hoymercedes.com.ar\/principal\/wp-json\/wp\/v2\/comments?post=86604"}],"version-history":[{"count":0,"href":"https:\/\/www.hoymercedes.com.ar\/principal\/wp-json\/wp\/v2\/posts\/86604\/revisions"}],"wp:featuredmedia":[{"embeddable":true,"href":"https:\/\/www.hoymercedes.com.ar\/principal\/wp-json\/wp\/v2\/media\/86605"}],"wp:attachment":[{"href":"https:\/\/www.hoymercedes.com.ar\/principal\/wp-json\/wp\/v2\/media?parent=86604"}],"wp:term":[{"taxonomy":"category","embeddable":true,"href":"https:\/\/www.hoymercedes.com.ar\/principal\/wp-json\/wp\/v2\/categories?post=86604"},{"taxonomy":"post_tag","embeddable":true,"href":"https:\/\/www.hoymercedes.com.ar\/principal\/wp-json\/wp\/v2\/tags?post=86604"}],"curies":[{"name":"wp","href":"https:\/\/api.w.org\/{rel}","templated":true}]}}