{"id":86612,"date":"2019-01-08T11:24:38","date_gmt":"2019-01-08T14:24:38","guid":{"rendered":"http:\/\/www.hoymercedes.com.ar\/principal\/?p=86612"},"modified":"2019-01-09T20:23:37","modified_gmt":"2019-01-09T23:23:37","slug":"se-dieron-a-conocer-los-detalles-de-la-84-doble-bragado","status":"publish","type":"post","link":"https:\/\/www.hoymercedes.com.ar\/principal\/2019\/01\/08\/se-dieron-a-conocer-los-detalles-de-la-84-doble-bragado\/","title":{"rendered":"Se dieron a conocer los detalles de la 84\u00b0 Doble Bragado"},"content":{"rendered":"\n<p>La 84\u00b0 Doble Bragado ya se palpita y a un mes de su realizaci\u00f3n, finalmente el Club Ciclista Naci\u00f3n confirm\u00f3 el listado de los 18 equipos que estar\u00e1n en la l\u00ednea de largada en la ciudad de Luj\u00e1n el domingo 3 de febrero. Tal como se vino informando desde el a\u00f1o pasado, de los 18 equipos participantes, 10 surgieron del r\u00e1nking que se disput\u00f3 en el \u00faltimo tramo de la temporada 2018, ganado de manera brillante por el equipo Ciudad de Chivilcoy; en tanto que los otros 8 llegan a trav\u00e9s de invitaciones, entre los que aparecen dos formaciones de Uruguay y otras dos de Brasil, dando m\u00e1s que nunca un car\u00e1cter internacional a la competencia.<\/p>\n\n\n\n<figure class=\"wp-block-image\"><img loading=\"lazy\" decoding=\"async\" width=\"840\" height=\"505\" data-attachment-id=\"86613\" data-permalink=\"https:\/\/www.hoymercedes.com.ar\/principal\/2019\/01\/08\/se-dieron-a-conocer-los-detalles-de-la-84-doble-bragado\/doble-bragado\/#main\" data-orig-file=\"https:\/\/www.hoymercedes.com.ar\/principal\/wp-content\/uploads\/2019\/01\/Doble-Bragado.jpg\" data-orig-size=\"840,505\" data-comments-opened=\"0\" data-image-meta=\"{&quot;aperture&quot;:&quot;0&quot;,&quot;credit&quot;:&quot;&quot;,&quot;camera&quot;:&quot;&quot;,&quot;caption&quot;:&quot;&quot;,&quot;created_timestamp&quot;:&quot;0&quot;,&quot;copyright&quot;:&quot;&quot;,&quot;focal_length&quot;:&quot;0&quot;,&quot;iso&quot;:&quot;0&quot;,&quot;shutter_speed&quot;:&quot;0&quot;,&quot;title&quot;:&quot;&quot;,&quot;orientation&quot;:&quot;0&quot;}\" data-image-title=\"Doble Bragado\" data-image-description=\"\" data-image-caption=\"\" data-large-file=\"https:\/\/www.hoymercedes.com.ar\/principal\/wp-content\/uploads\/2019\/01\/Doble-Bragado.jpg\" src=\"https:\/\/www.hoymercedes.com.ar\/principal\/wp-content\/uploads\/2019\/01\/Doble-Bragado.jpg\" alt=\"\" class=\"wp-image-86613\" srcset=\"https:\/\/www.hoymercedes.com.ar\/principal\/wp-content\/uploads\/2019\/01\/Doble-Bragado.jpg 840w, https:\/\/www.hoymercedes.com.ar\/principal\/wp-content\/uploads\/2019\/01\/Doble-Bragado-150x90.jpg 150w, https:\/\/www.hoymercedes.com.ar\/principal\/wp-content\/uploads\/2019\/01\/Doble-Bragado-630x379.jpg 630w\" sizes=\"auto, (max-width: 840px) 100vw, 840px\" \/><\/figure>\n\n\n\n<p>En cuanto al recorrido, ser\u00e1n 1190 kil\u00f3metros con algunas modificaciones en su recorrido de las \u00faltimas temporadas, y con la ciudad de Chivilcoy como gran protagonista recibiendo la carrera en cuatro de los ocho d\u00edas de competencia. La carrera se pondr\u00e1 en marcha el domingo 3 de febrero en Luj\u00e1n y finalizar\u00e1 el domingo 10 del mismo mes en Mercedes. Otra de las novedades es que habr\u00e1 muchas m\u00e1s posibilidades de sumar segundos en la clasificaci\u00f3n general, ya que para esta edici\u00f3n habr\u00e1 nada menos que 16 metas sprint, que bonificar\u00e1n 3, 2 y 1 segundos para la general y sumar\u00e1n 3, 2 y 1 puntos para la clasificaci\u00f3n general de metas sprint.<\/p>\n\n\n\n<p>De esta manera, la Doble Bragado se largar\u00e1 de Luj\u00e1n, pasar\u00e1 en su primera etapa por San Andr\u00e9s de Giles, buscar\u00e1 Mercedes, luego Suipacha con un breve ingreso, para finalizar en Chivilcoy. A diferencia de lo que ven\u00eda sucediendo, la segunda etapa se presentar\u00e1 como una novedad, ya que ser\u00e1 \u00edntegramente en la ciudad de Chivilcoy, con 108 kil\u00f3metros en un circuito urbano que tendr\u00e1 como epicentro la Plaza Espa\u00f1a. La tercera etapa no tendr\u00e1 variantes, unir\u00e1 Chivilcoy con Pergamino y lo mismo suceder\u00e1 con la cuarta etapa, que se celebrar\u00e1 en las calles de Pergamino. La quinta unir\u00e1 Pergamino con Jun\u00edn con un recorrido m\u00e1s extenso, ya la sexta no tendr\u00e1 variantes entre Jun\u00edn y Bragado. La carrera cicl\u00edstica en su pen\u00faltima d\u00eda tendr\u00e1 una doble actividad: contrareloj por la ma\u00f1ana y pelot\u00f3n por la tarde en la ciudad de Bragado. El final, ya el domingo 10, tendr\u00e1 la partida desde Bragado ingresando a Chivilcoy para un breve recorrido callejero, para finalizar en la ciudad de Mercedes.<\/p>\n\n\n\n<p><strong>Etapas<br>1\u00aa Etapa:<\/strong>\u00a0Luj\u00e1n \u2013 San Andr\u00e9s de Giles \u2013 Mercedes \u2013 Suipacha \u2013 Chivilcoy (149,4 Km). Metas Sprint en Giles, Mercedes y Suipacha.<br><strong>2\u00aa Etapa:<\/strong>\u00a0Circuito Chivilcoy (108 Km \u2013 30 Vueltas). Metas Sprint en la vuelta 10 y en la 20.<br><strong>3\u00aa Etapa:<\/strong>\u00a0Chivilcoy \u2013 Chacabuco \u2013 Salto \u2013 Pergamino (169,8 Km). Metas Sprint en Chacabuco y Salto.<br><strong>4\u00aa Etapa:<\/strong>\u00a0Circuito 4 Avenidas de Pergamino (114 Km \u2013 30 Vueltas) Metas Sprint en la vuelta 10 y 20.<br><strong>5\u00aa Etapa:<\/strong>\u00a0Pergamino \u2013 Salto \u2013 Rojas \u2013 Jun\u00edn (192,3 Km) Metas Sprint en Salto y Rojas.<br><strong>6\u00aa Etapa:<\/strong>\u00a0Jun\u00edn \u2013 9 De Julio \u2013 Bragado (181,8 Km) Metas Sprint en Los Toldos y 9 de Julio.<br><strong>Etapa CRI:<\/strong>\u00a0Bragado (15,9 Km).<br><strong>7\u00aa Etapa:<\/strong>\u00a0Circuito Bragado (108 Km \u2013 18 Vueltas) Meta Sprint en la vuelta 9.<br><strong>8\u00aa Etapa:<\/strong>\u00a0Bragado \u2013 Chivilcoy \u2013 Suipacha \u2013 Mercedes (150 km) Metas Sprint en Chivilcoy y Suipacha.<\/p>\n\n\n\n<p><strong>Equipos<\/strong><br>Ciudad de Chivilcoy.<br>SAT.<br>Ciudad de Pehuaj\u00f3.<br>Giant.<br>Bragado Cicles Club.<br>Ciudad de Lan\u00fas.<br>Municipalidad de Carlos Casares.<br>Transporte El Sol (9 de Julio).<br>Mirasal Citi Bikes.<br>Shania Competici\u00f3n.<br>Mini Mani Zabala.<br>Club Ciclista Cerro Largo (Uruguay).<br>Club Ciclista Tacuaremb\u00f3 (Uruguay).<br>Clube SMEL Foz Iguaz\u00fa (Brasil).<br>San Francisco Sa\u00fade \u2013 Klabin \u2013 Ribeirao (Brasil).<\/p>\n","protected":false},"excerpt":{"rendered":"<p>La 84\u00b0 Doble Bragado ya se palpita y a un mes de su realizaci\u00f3n, finalmente el Club Ciclista Naci\u00f3n confirm\u00f3 &#8230; <a title=\"Se dieron a conocer los detalles de la 84\u00b0 Doble Bragado\" class=\"read-more\" href=\"https:\/\/www.hoymercedes.com.ar\/principal\/2019\/01\/08\/se-dieron-a-conocer-los-detalles-de-la-84-doble-bragado\/\" aria-label=\"Leer m\u00e1s sobre Se dieron a conocer los detalles de la 84\u00b0 Doble Bragado\">Leer m\u00e1s<\/a><\/p>\n","protected":false},"author":1,"featured_media":86613,"comment_status":"closed","ping_status":"open","sticky":false,"template":"","format":"standard","meta":{"_monsterinsights_skip_tracking":false,"_monsterinsights_sitenote_active":false,"_monsterinsights_sitenote_note":"","_monsterinsights_sitenote_category":0,"jetpack_post_was_ever_published":false,"_jetpack_newsletter_access":"","_jetpack_dont_email_post_to_subs":false,"_jetpack_newsletter_tier_id":0,"_jetpack_memberships_contains_paywalled_content":false,"_jetpack_memberships_contains_paid_content":false,"footnotes":"","jetpack_publicize_message":"","jetpack_publicize_feature_enabled":true,"jetpack_social_post_already_shared":true,"jetpack_social_options":{"image_generator_settings":{"template":"highway","default_image_id":0,"font":"","enabled":false},"version":2},"_wpas_customize_per_network":false},"categories":[21],"tags":[1453,10979,367],"class_list":["post-86612","post","type-post","status-publish","format-standard","has-post-thumbnail","hentry","category-deportes","tag-ciclismo","tag-club-ciclista-nacion","tag-doble-bragado","generate-columns","tablet-grid-50","mobile-grid-100","grid-parent","grid-50"],"jetpack_publicize_connections":[],"jetpack_featured_media_url":"https:\/\/www.hoymercedes.com.ar\/principal\/wp-content\/uploads\/2019\/01\/Doble-Bragado.jpg","wps_subtitle":"Ciclismo","jetpack_sharing_enabled":true,"_links":{"self":[{"href":"https:\/\/www.hoymercedes.com.ar\/principal\/wp-json\/wp\/v2\/posts\/86612","targetHints":{"allow":["GET"]}}],"collection":[{"href":"https:\/\/www.hoymercedes.com.ar\/principal\/wp-json\/wp\/v2\/posts"}],"about":[{"href":"https:\/\/www.hoymercedes.com.ar\/principal\/wp-json\/wp\/v2\/types\/post"}],"author":[{"embeddable":true,"href":"https:\/\/www.hoymercedes.com.ar\/principal\/wp-json\/wp\/v2\/users\/1"}],"replies":[{"embeddable":true,"href":"https:\/\/www.hoymercedes.com.ar\/principal\/wp-json\/wp\/v2\/comments?post=86612"}],"version-history":[{"count":0,"href":"https:\/\/www.hoymercedes.com.ar\/principal\/wp-json\/wp\/v2\/posts\/86612\/revisions"}],"wp:featuredmedia":[{"embeddable":true,"href":"https:\/\/www.hoymercedes.com.ar\/principal\/wp-json\/wp\/v2\/media\/86613"}],"wp:attachment":[{"href":"https:\/\/www.hoymercedes.com.ar\/principal\/wp-json\/wp\/v2\/media?parent=86612"}],"wp:term":[{"taxonomy":"category","embeddable":true,"href":"https:\/\/www.hoymercedes.com.ar\/principal\/wp-json\/wp\/v2\/categories?post=86612"},{"taxonomy":"post_tag","embeddable":true,"href":"https:\/\/www.hoymercedes.com.ar\/principal\/wp-json\/wp\/v2\/tags?post=86612"}],"curies":[{"name":"wp","href":"https:\/\/api.w.org\/{rel}","templated":true}]}}