{"id":86626,"date":"2019-01-08T03:20:29","date_gmt":"2019-01-08T06:20:29","guid":{"rendered":"http:\/\/www.hoymercedes.com.ar\/principal\/?p=86626"},"modified":"2019-01-08T03:20:34","modified_gmt":"2019-01-08T06:20:34","slug":"hernan-casciari-ya-narra-cuentos-en-la-medianoche-de-telefe-video","status":"publish","type":"post","link":"https:\/\/www.hoymercedes.com.ar\/principal\/2019\/01\/08\/hernan-casciari-ya-narra-cuentos-en-la-medianoche-de-telefe-video\/","title":{"rendered":"Hern\u00e1n Casciari ya narra cuentos en la medianoche de TeLeFe (Video)"},"content":{"rendered":"\n<p>El escritor mercedino inici\u00f3 un nuevo ciclo de televisi\u00f3n en el cual narra historias que, al menos en el primer env\u00edo, involucran a Mercedes e historias que tienen lo mejor de su tradici\u00f3n literaria. <\/p>\n\n\n\n<p>En esta primera emisi\u00f3n se denomin\u00f3 <strong>\u00ab01 Memorias de un jugador de rugby\u00bb <\/strong>donde es el personaje principal.<\/p>\n\n\n\n<p>Las proyecciones ser\u00e1n cada noche en el ciclo \u00abCuentos de Verano, so\u00f1\u00e1 despierto con los cuentos de <strong>Casciari<\/strong>\u00bb <\/p>\n\n\n\n<figure class=\"wp-block-embed-youtube wp-block-embed is-type-video is-provider-youtube wp-embed-aspect-16-9 wp-has-aspect-ratio\"><div class=\"wp-block-embed__wrapper\">\n<span class=\"embed-youtube\" style=\"text-align:center; display: block;\"><iframe loading=\"lazy\" class=\"youtube-player\" width=\"1200\" height=\"675\" src=\"https:\/\/www.youtube.com\/embed\/V8xFGBPhSuI?version=3&#038;rel=1&#038;showsearch=0&#038;showinfo=1&#038;iv_load_policy=1&#038;fs=1&#038;hl=es-ES&#038;autohide=2&#038;wmode=transparent\" allowfullscreen=\"true\" style=\"border:0;\" sandbox=\"allow-scripts allow-same-origin allow-popups allow-presentation allow-popups-to-escape-sandbox\"><\/iframe><\/span>\n<\/div><\/figure>\n","protected":false},"excerpt":{"rendered":"<p>Mir\u00e1 el video de la primera presentaci\u00f3n de Hern\u00e1n Casciari en \u00abCuentos de Verano\u00bb, ciclo que se emite por TeLeFe. <\/p>\n","protected":false},"author":1,"featured_media":86627,"comment_status":"closed","ping_status":"open","sticky":false,"template":"","format":"standard","meta":{"_monsterinsights_skip_tracking":false,"_monsterinsights_sitenote_active":false,"_monsterinsights_sitenote_note":"","_monsterinsights_sitenote_category":0,"jetpack_post_was_ever_published":false,"_jetpack_newsletter_access":"","_jetpack_dont_email_post_to_subs":false,"_jetpack_newsletter_tier_id":0,"_jetpack_memberships_contains_paywalled_content":false,"_jetpack_memberships_contains_paid_content":false,"footnotes":"","jetpack_publicize_message":"","jetpack_publicize_feature_enabled":true,"jetpack_social_post_already_shared":true,"jetpack_social_options":{"image_generator_settings":{"template":"highway","default_image_id":0,"font":"","enabled":false},"version":2},"_wpas_customize_per_network":false},"categories":[104],"tags":[14361,309],"class_list":["post-86626","post","type-post","status-publish","format-standard","has-post-thumbnail","hentry","category-cultura","tag-cuentos-de-verano","tag-hernan-casciari","generate-columns","tablet-grid-50","mobile-grid-100","grid-parent","grid-50"],"jetpack_publicize_connections":[],"jetpack_featured_media_url":"https:\/\/www.hoymercedes.com.ar\/principal\/wp-content\/uploads\/2019\/01\/Casciari.jpg","wps_subtitle":"Escritor mercedino","jetpack_sharing_enabled":true,"_links":{"self":[{"href":"https:\/\/www.hoymercedes.com.ar\/principal\/wp-json\/wp\/v2\/posts\/86626","targetHints":{"allow":["GET"]}}],"collection":[{"href":"https:\/\/www.hoymercedes.com.ar\/principal\/wp-json\/wp\/v2\/posts"}],"about":[{"href":"https:\/\/www.hoymercedes.com.ar\/principal\/wp-json\/wp\/v2\/types\/post"}],"author":[{"embeddable":true,"href":"https:\/\/www.hoymercedes.com.ar\/principal\/wp-json\/wp\/v2\/users\/1"}],"replies":[{"embeddable":true,"href":"https:\/\/www.hoymercedes.com.ar\/principal\/wp-json\/wp\/v2\/comments?post=86626"}],"version-history":[{"count":0,"href":"https:\/\/www.hoymercedes.com.ar\/principal\/wp-json\/wp\/v2\/posts\/86626\/revisions"}],"wp:featuredmedia":[{"embeddable":true,"href":"https:\/\/www.hoymercedes.com.ar\/principal\/wp-json\/wp\/v2\/media\/86627"}],"wp:attachment":[{"href":"https:\/\/www.hoymercedes.com.ar\/principal\/wp-json\/wp\/v2\/media?parent=86626"}],"wp:term":[{"taxonomy":"category","embeddable":true,"href":"https:\/\/www.hoymercedes.com.ar\/principal\/wp-json\/wp\/v2\/categories?post=86626"},{"taxonomy":"post_tag","embeddable":true,"href":"https:\/\/www.hoymercedes.com.ar\/principal\/wp-json\/wp\/v2\/tags?post=86626"}],"curies":[{"name":"wp","href":"https:\/\/api.w.org\/{rel}","templated":true}]}}