{"id":8665,"date":"2011-10-27T02:31:50","date_gmt":"2011-10-27T02:31:50","guid":{"rendered":"http:\/\/www.hoymercedes.com.ar\/principal\/?p=8665"},"modified":"2011-10-27T02:31:50","modified_gmt":"2011-10-27T02:31:50","slug":"finalmente-se-resolvio-modificar-los-dias-de-realizacion-dela-fiesta-del-durazno","status":"publish","type":"post","link":"https:\/\/www.hoymercedes.com.ar\/principal\/2011\/10\/27\/finalmente-se-resolvio-modificar-los-dias-de-realizacion-dela-fiesta-del-durazno\/","title":{"rendered":"Finalmente se resolvi\u00f3 modificar los d\u00edas de realizaci\u00f3n dela Fiesta del Durazno"},"content":{"rendered":"<p>La medida se adopt\u00f3 debido a que el 8 de diciembre es el D\u00eda de la Virgen, por lo tanto feriado nacional y que el lunes 12 se llevar\u00e1 a cabo el acto en el que asumen las nuevas autoridades electas el domingo pasado<\/p>\n<p>Cuando conclu\u00eda la Fiesta Nacional del Salame Quintero, sr inform\u00f3 oficialmente que los d\u00edas 9, 10 y 11 de diciembre se iba a realizar en el mismo escenario del ex Instituto Mart\u00edn Rodr\u00edguez la edici\u00f3n 2011 de la Fiesta nacional del Durazno tal vez sin tener en cuenta que para dicha fecha deb\u00edan llevarse a cabo los actos en los cuales asumir\u00e1n las nuevas autoridades electas en la ciudad luego de la convocatoria electoral del 23 de octubre, pero como el intendente Carlos Selva hace alrededor de dos semana ratific\u00f3 dicho d\u00edas no se hablo m\u00e1s acerca de ese tema.<\/p>\n<p>Pero la realidad hizo que el d\u00eda lunes se concretara una reuni\u00f3n en el \u00e1mbito del Palacio Municipal en la que entre otros participaron los responsables de la organizaci\u00f3n de dicha fiesta, es decir el Agrimensor Oscar L\u00f3pez como Director de Planeamiento y Producci\u00f3n, el profesor Fernando Pachiani como Director de Cultura, el jefe comunal Carlos Selva, otros funcionarios y desde ya representantes de los productores de duraznos del Partido, resolvi\u00e9ndose en el marco de dicho encuentro finalmente modificar la fecha de realizaci\u00f3n de la Fiesta en una semana, esto equivale a decir que se realizar\u00e1 desde el viernes 16 hasta el domingo 18.<\/p>\n<p>El Director de Planeamiento Oscar L\u00f3pez sostuvo ayer al dar a conocer la informaci\u00f3n a los medios de prensa \u201cla medida se adopt\u00f3 en primer t\u00e9rmino por el feriado nacional que tiene que ver con la celebraci\u00f3n del D\u00eda de la Virgen que es el 8 de diciembre, dia que se encuentra dentro del calendario de los feriados nacionales de nuestro pa\u00eds, pero este a\u00f1o, 8 es jueves, como consecuencia de las disposiciones vigentes se traslada al viernes 9 y ello podr\u00eda provocar algunos inconvenientes en el marco de la organizaci\u00f3n dela Fiesta ya que al no ser un d\u00eda laborable tal vez se lleguen a generar inconvenientes con el traslado de los diferentes elementos que necesitamos para dicho evento.<\/p>\n<p>Por otra parte hay que recordar que estamos justamente sobre la fecha en que tradicionalmente desde 1983 en adelante asumen oficialmente sus cargos aquellas personas que fueron elegidas en los actos eleccionarios efectuados con anterioridad, me refiero este a\u00f1o en lo concreto para Mercedes la toma de posesi\u00f3n de Carlos Selva para un nuevo mandato como Intendente y de los se\u00f1ores Concejales y Consejeros Escolares electos y por otra parte no podemos olvidar que este a\u00f1o y luego de muchos vamos a tener as ceremonias en las que jurar\u00e1n dos mercedinos en sus cargos de Diputado Nacional y Provincial respectivamente.<\/p>\n<p>Tambi\u00e9n pensamos que el cambio iba a ser beneficioso debido a que aunque pueda parecer algo ins\u00f3lito, en una semana m\u00e1s tendremos una mayor producci\u00f3n de duraznos en cuanto a la cantidad que se puede sacar de cada una de las plantas y ello nos dar\u00e1 la oportunidad de tener una oferta mayor para la venta durante el desarrollo de la Fiesta\u201d.<\/p>\n<p>M\u00e1s adelante el funcionario precis\u00f3 que en los pr\u00f3ximos d\u00edas ya se estar\u00e1 dando a conocer la cartelera oficial de espect\u00e1culos que se podr\u00e1n apreciar a lo largo de los tres d\u00edas de desarrollo del evento, informaci\u00f3n que seguramente iba a ser suministrada desde la Direcci\u00f3n de Cultura y Educaci\u00f3n por el profesor Fernando Pachiani.<\/p>\n<p><strong>Reuni\u00f3n del Grupo Resurgir<\/strong><\/p>\n<p>Susana Castagnetto, integrante y una de las responsables del Grupo Resurgir inform\u00f3 aunque de manera escueta que los integrantes del mismo se reunieron en su quinta para analizar la participaci\u00f3n dentro de un importante Proyecto Tur\u00edstico-Econ\u00f3mico que se concretar\u00eda en nuestra ciudad pero prefiri\u00f3 no dar a conocer m\u00e1s detalles de lo decidido ni de las caracter\u00edsticas del emprendimiento hasta tanto no cuente con mayores definiciones.<\/p>\n","protected":false},"excerpt":{"rendered":"<p>La medida se adopt\u00f3 debido a que el 8 de diciembre es el D\u00eda de la Virgen, por lo tanto &#8230; <a title=\"Finalmente se resolvi\u00f3 modificar los d\u00edas de realizaci\u00f3n dela Fiesta del Durazno\" class=\"read-more\" href=\"https:\/\/www.hoymercedes.com.ar\/principal\/2011\/10\/27\/finalmente-se-resolvio-modificar-los-dias-de-realizacion-dela-fiesta-del-durazno\/\" aria-label=\"Leer m\u00e1s sobre Finalmente se resolvi\u00f3 modificar los d\u00edas de realizaci\u00f3n dela Fiesta del Durazno\">Leer m\u00e1s<\/a><\/p>\n","protected":false},"author":1,"featured_media":0,"comment_status":"open","ping_status":"open","sticky":false,"template":"","format":"standard","meta":{"_monsterinsights_skip_tracking":false,"_monsterinsights_sitenote_active":false,"_monsterinsights_sitenote_note":"","_monsterinsights_sitenote_category":0,"jetpack_post_was_ever_published":false,"_jetpack_newsletter_access":"","_jetpack_dont_email_post_to_subs":false,"_jetpack_newsletter_tier_id":0,"_jetpack_memberships_contains_paywalled_content":false,"_jetpack_memberships_contains_paid_content":false,"footnotes":"","jetpack_publicize_message":"","jetpack_publicize_feature_enabled":true,"jetpack_social_post_already_shared":false,"jetpack_social_options":{"image_generator_settings":{"template":"highway","default_image_id":0,"font":"","enabled":false},"version":2},"_wpas_customize_per_network":false},"categories":[30],"tags":[1517],"class_list":["post-8665","post","type-post","status-publish","format-standard","hentry","category-municipio","tag-fiesta-del-durazno-mercedes","generate-columns","tablet-grid-50","mobile-grid-100","grid-parent","grid-50"],"jetpack_publicize_connections":[],"jetpack_featured_media_url":"","wps_subtitle":"","jetpack_sharing_enabled":true,"_links":{"self":[{"href":"https:\/\/www.hoymercedes.com.ar\/principal\/wp-json\/wp\/v2\/posts\/8665","targetHints":{"allow":["GET"]}}],"collection":[{"href":"https:\/\/www.hoymercedes.com.ar\/principal\/wp-json\/wp\/v2\/posts"}],"about":[{"href":"https:\/\/www.hoymercedes.com.ar\/principal\/wp-json\/wp\/v2\/types\/post"}],"author":[{"embeddable":true,"href":"https:\/\/www.hoymercedes.com.ar\/principal\/wp-json\/wp\/v2\/users\/1"}],"replies":[{"embeddable":true,"href":"https:\/\/www.hoymercedes.com.ar\/principal\/wp-json\/wp\/v2\/comments?post=8665"}],"version-history":[{"count":0,"href":"https:\/\/www.hoymercedes.com.ar\/principal\/wp-json\/wp\/v2\/posts\/8665\/revisions"}],"wp:attachment":[{"href":"https:\/\/www.hoymercedes.com.ar\/principal\/wp-json\/wp\/v2\/media?parent=8665"}],"wp:term":[{"taxonomy":"category","embeddable":true,"href":"https:\/\/www.hoymercedes.com.ar\/principal\/wp-json\/wp\/v2\/categories?post=8665"},{"taxonomy":"post_tag","embeddable":true,"href":"https:\/\/www.hoymercedes.com.ar\/principal\/wp-json\/wp\/v2\/tags?post=8665"}],"curies":[{"name":"wp","href":"https:\/\/api.w.org\/{rel}","templated":true}]}}