{"id":86675,"date":"2019-01-09T18:30:47","date_gmt":"2019-01-09T21:30:47","guid":{"rendered":"http:\/\/www.hoymercedes.com.ar\/principal\/?p=86675"},"modified":"2019-01-10T09:41:06","modified_gmt":"2019-01-10T12:41:06","slug":"vecinos-y-autoridades-tuvieron-reunion-en-vialidad","status":"publish","type":"post","link":"https:\/\/www.hoymercedes.com.ar\/principal\/2019\/01\/09\/vecinos-y-autoridades-tuvieron-reunion-en-vialidad\/","title":{"rendered":"Vecinos y autoridades tuvieron reuni\u00f3n en Vialidad"},"content":{"rendered":"\n<p>El lunes se llev\u00f3 a cabo la reuni\u00f3n en Vialidad, con\nautoridades locales y tambi\u00e9n representantes de la comisi\u00f3n de Vecinos\nAutoconvocados.<\/p>\n\n\n\n<p>Al primer encuentro acudi\u00f3 el intendente, el gerente de la\nCEM, Ariel Pietrucha, los concejales Carlos Milhome y Aida Laporta, y el\ndiputado Carlos Selva. Adem\u00e1s, pudo ingresar Mauricio Ferrari (en\nrepresentaci\u00f3n de los vecinos de Goldney).<\/p>\n\n\n\n<p>En la primera reuni\u00f3n, los representantes mercedinos, seg\u00fan\ncoment\u00f3 el intendente Juan Ustarroz \u201cpudimos hacer todos los planteos con\nrespecto al camino alternativo,&nbsp; a la\ntarifa diferencial que rechazamos lo que est\u00e1n imponiendo, entre otros aspectos\u201d.\n<\/p>\n\n\n\n<p>El primer mandatario destac\u00f3: \u201cMercedes se ha visto\ncastigado hist\u00f3ricamente por el peaje. Eso gener\u00f3 una lucha muy importante y de\nmuchos a\u00f1os. Consecuencia de esto se generaron algunos conflictos. Nosotros tuvimos\nvarias cuestiones: por un lado una tarifa diferencial de no pago, y con el\ncambio de firma que opera todo el peaje se perdi\u00f3 de manera intespestiva y unilateral.\nEsto gener\u00f3, en un consenso de opiniones, que no podemos pagar 25 pesos sin un\ncamino alternativo. Ac\u00e1 est\u00e1 el kit de la cuesti\u00f3n.<\/p>\n\n\n\n<p>Al no contar con un camino alternativo todo el mundo est\u00e1\nobligado a transitar por el peaje de la ruta 5\u201d y agreg\u00f3: \u201ces una situaci\u00f3n de\nextrema injusticia, adem\u00e1s, el caso de los vecinos de Goldney y zonas rurales\nsiendo que el peaje atraviesa la ciudad. Y hoy est\u00e1n pagando 50 pesos para ir y\nvenir\u201d.<\/p>\n\n\n\n<p>En cuanto al encuentro destac\u00f3 que \u201csirvi\u00f3 para eso, para\nque nos escuchen y entiendan cuales son nuestras perspectivas. Tambi\u00e9n para\nentender que esto se da en un contexto muy particular, de recesi\u00f3n econ\u00f3mica,\nde tarifazos, de alta inflaci\u00f3n. No es solamente el importe, sino que todas las\nnoticias son malas para todos. Eso tambi\u00e9n se plante\u00f3 y esperamos llegar a buen\npuerto\u201d.<\/p>\n\n\n\n<p>En tanto, se\u00f1al\u00f3 que \u201cahora quedamos en que desde Vialidad\nse acercar\u00e1n a ver el estado y la condici\u00f3n del puente, como camino alternativo\ndentro de 15 o 20 d\u00edas. Y en la primera semana de febrero volveremos a tener\nuna reuni\u00f3n donde se van a responder varias de las inquietudes que trasladamos\nlos presentes\u201d.<\/p>\n\n\n\n<p>Por su parte, la concejal A\u00edda Laporta, del Frente Cambiemos\nse manifest\u00f3 especialmente preocupada por los vecinos de las localidades del\npartido y que est\u00e1n a la vera de la Ruta 5, que se ven a diario afectados por\nel peaje.<\/p>\n\n\n\n<p>\u201cEn la reuni\u00f3n ped\u00ed encarecidamente por los vecinos de\nGoldney, Gowland, Agote y Altamira, ya que deben tener una consideraci\u00f3n\nespecial porque est\u00e1n atrapados por el corredor. Dijeron que iban a tener muy\nen cuenta este pedido, pero piden por favor que se re empadronen. De 12 mil\nobleas hay re empadronadas s\u00f3lo 1200. Por eso pedimos encarecidamente que se re\nempadronen\u201d, explic\u00f3 y record\u00f3 que se deber\u00e1n \u201cpresentar todos los datos,\nconstatar que son vecinos de Agote, Gowland, Altamira o Goldney. Sobre todo\nellos deben reempadronarse\u201d.<\/p>\n\n\n\n<p>Por otro lado, la edil resalt\u00f3 que en cuanto a caminos\nalternativos, \u201cel puente que hab\u00eda est\u00e1 destruido. Adem\u00e1s de reclamar por eso\npedimos por la iluminaci\u00f3n del puente peatonal que est\u00e1 a un kil\u00f3metro del\npeaje, y lo mismo por la falta de luz en el by pass Luj\u00e1n\u201d.<\/p>\n\n\n\n<p><strong>Con los vecinos<\/strong><\/p>\n\n\n\n<p>En el segundo encuentro del lunes, ingresaron los\nrepresentantes de los vecinos. A esta instancia ingres\u00f3 nuevamente Mauricio\nFerrari junto a Marcelo Su\u00e1rez y Walter Anido algunos vecinos.<\/p>\n\n\n\n<p>Al respecto, Marcelo Su\u00e1rez indic\u00f3: \u201cestuvimos todos con el\nmismo reclamo, de forma pareja planteando las necesidades que tiene Mercedes\ncon respecto a esta empresa y al peaje. Pero tambi\u00e9n se hizo hincapi\u00e9 sobre\nciertas cuestiones que tienen que ver con los trabajos y la seguridad vial en\nla zona, que entendemos est\u00e1 muy peligrosa\u201d.<\/p>\n\n\n\n<p>Por otro lado, cont\u00f3 que \u201cde entrada planteamos la gratuidad\npara los vecinos de Mercedes y de entrada nos dijeron rotundamente que no.\nEntonces empezamos a elaborar la posibilidad de un acuerdo, as\u00ed como ten\u00edamos\nen 2004 y nos dijeron que iba a estudiar el tema de los frentistas y de los\nvecinos de Goldney para que pudieran tener la gratuidad. Y un descuento especial\npara los mercedinos. Tambi\u00e9n nos se\u00f1alamos que deben realizar el\nreempadronamiento. Y si se aspiran a los descuentos a gratuidad se debe hacer\ns\u00ed o s\u00ed mediante el sistema de telepeaje. Es el nuevo sistema que nos imponen,\ny lo que ellos entienden que pueden llegar a hacer para rebajarnos. Y mientras\ntanto se debe seguir pagando y hacer los tr\u00e1mites del telepeaje\u201d. Adem\u00e1s,\nindic\u00f3 que a mediados de febrero se har\u00e1 un balance de todos los inscriptos.<\/p>\n\n\n\n<p>\u201cQuedaron en venir a ver la zona y en contemplar lo\nplanteado lo m\u00e1s r\u00e1pido posible\u201d, se\u00f1al\u00f3 y a\u00f1adi\u00f3: \u201csi se hace la colectora se\nacaba el problema. Pero nos plantean que la empresa no tiene eso en el contrato\u201d.<\/p>\n\n\n\n<p>Finalmente inform\u00f3 que este jueves a las 20 horas, en la\nsede de AEFIP se llevar\u00e1 a cabo una reuni\u00f3n de la comisi\u00f3n vecinal para\ninformar oficialmente sobre la reuni\u00f3n en vialidad, y ver las medidas a tomar de\naqu\u00ed en adelante. <\/p>\n","protected":false},"excerpt":{"rendered":"<p>El lunes se llev\u00f3 a cabo la reuni\u00f3n en Vialidad, con autoridades locales y tambi\u00e9n representantes de la comisi\u00f3n de &#8230; <a title=\"Vecinos y autoridades tuvieron reuni\u00f3n en Vialidad\" class=\"read-more\" href=\"https:\/\/www.hoymercedes.com.ar\/principal\/2019\/01\/09\/vecinos-y-autoridades-tuvieron-reunion-en-vialidad\/\" aria-label=\"Leer m\u00e1s sobre Vecinos y autoridades tuvieron reuni\u00f3n en Vialidad\">Leer m\u00e1s<\/a><\/p>\n","protected":false},"author":1,"featured_media":0,"comment_status":"closed","ping_status":"open","sticky":false,"template":"","format":"standard","meta":{"_monsterinsights_skip_tracking":false,"_monsterinsights_sitenote_active":false,"_monsterinsights_sitenote_note":"","_monsterinsights_sitenote_category":0,"jetpack_post_was_ever_published":false,"_jetpack_newsletter_access":"","_jetpack_dont_email_post_to_subs":false,"_jetpack_newsletter_tier_id":0,"_jetpack_memberships_contains_paywalled_content":false,"_jetpack_memberships_contains_paid_content":false,"footnotes":"","jetpack_publicize_message":"","jetpack_publicize_feature_enabled":true,"jetpack_social_post_already_shared":true,"jetpack_social_options":{"image_generator_settings":{"template":"highway","default_image_id":0,"font":"","enabled":false},"version":2},"_wpas_customize_per_network":false},"categories":[11],"tags":[7279,5319,5539],"class_list":["post-86675","post","type-post","status-publish","format-standard","hentry","category-ciudad","tag-peaje","tag-politica-2","tag-vialidad","generate-columns","tablet-grid-50","mobile-grid-100","grid-parent","grid-50"],"jetpack_publicize_connections":[],"jetpack_featured_media_url":"","wps_subtitle":"Por el peaje","jetpack_sharing_enabled":true,"_links":{"self":[{"href":"https:\/\/www.hoymercedes.com.ar\/principal\/wp-json\/wp\/v2\/posts\/86675","targetHints":{"allow":["GET"]}}],"collection":[{"href":"https:\/\/www.hoymercedes.com.ar\/principal\/wp-json\/wp\/v2\/posts"}],"about":[{"href":"https:\/\/www.hoymercedes.com.ar\/principal\/wp-json\/wp\/v2\/types\/post"}],"author":[{"embeddable":true,"href":"https:\/\/www.hoymercedes.com.ar\/principal\/wp-json\/wp\/v2\/users\/1"}],"replies":[{"embeddable":true,"href":"https:\/\/www.hoymercedes.com.ar\/principal\/wp-json\/wp\/v2\/comments?post=86675"}],"version-history":[{"count":0,"href":"https:\/\/www.hoymercedes.com.ar\/principal\/wp-json\/wp\/v2\/posts\/86675\/revisions"}],"wp:attachment":[{"href":"https:\/\/www.hoymercedes.com.ar\/principal\/wp-json\/wp\/v2\/media?parent=86675"}],"wp:term":[{"taxonomy":"category","embeddable":true,"href":"https:\/\/www.hoymercedes.com.ar\/principal\/wp-json\/wp\/v2\/categories?post=86675"},{"taxonomy":"post_tag","embeddable":true,"href":"https:\/\/www.hoymercedes.com.ar\/principal\/wp-json\/wp\/v2\/tags?post=86675"}],"curies":[{"name":"wp","href":"https:\/\/api.w.org\/{rel}","templated":true}]}}