{"id":8668,"date":"2011-10-27T11:19:46","date_gmt":"2011-10-27T11:19:46","guid":{"rendered":"http:\/\/www.hoymercedes.com.ar\/principal\/?p=8668"},"modified":"2011-10-27T11:50:13","modified_gmt":"2011-10-27T11:50:13","slug":"la-universidad-del-comahue-distingira-al-investigador-jose-bonaparte","status":"publish","type":"post","link":"https:\/\/www.hoymercedes.com.ar\/principal\/2011\/10\/27\/la-universidad-del-comahue-distingira-al-investigador-jose-bonaparte\/","title":{"rendered":"La Universidad del Comahue distingir\u00e1 al investigador Jos\u00e9 Bonaparte"},"content":{"rendered":"<figure id=\"attachment_8693\" aria-describedby=\"caption-attachment-8693\" style=\"width: 290px\" class=\"wp-caption alignleft\"><a href=\"https:\/\/www.hoymercedes.com.ar\/principal\/wp-content\/uploads\/2011\/10\/Bonaparte.jpg\"><img loading=\"lazy\" decoding=\"async\" data-attachment-id=\"8693\" data-permalink=\"https:\/\/www.hoymercedes.com.ar\/principal\/2011\/10\/27\/la-universidad-del-comahue-distingira-al-investigador-jose-bonaparte\/bonaparte\/#main\" data-orig-file=\"https:\/\/www.hoymercedes.com.ar\/principal\/wp-content\/uploads\/2011\/10\/Bonaparte.jpg\" data-orig-size=\"400,401\" data-comments-opened=\"1\" data-image-meta=\"{&quot;aperture&quot;:&quot;3.4&quot;,&quot;credit&quot;:&quot;&quot;,&quot;camera&quot;:&quot;COOLPIX L10&quot;,&quot;caption&quot;:&quot;&quot;,&quot;created_timestamp&quot;:&quot;1319442253&quot;,&quot;copyright&quot;:&quot;Copyright 2006&quot;,&quot;focal_length&quot;:&quot;9&quot;,&quot;iso&quot;:&quot;200&quot;,&quot;shutter_speed&quot;:&quot;0.016666666666667&quot;,&quot;title&quot;:&quot;&quot;}\" data-image-title=\"Bonaparte\" data-image-description=\"\" data-image-caption=\"\" data-large-file=\"https:\/\/www.hoymercedes.com.ar\/principal\/wp-content\/uploads\/2011\/10\/Bonaparte.jpg\" class=\"size-medium wp-image-8693\" title=\"Bonaparte\" src=\"https:\/\/www.hoymercedes.com.ar\/principal\/wp-content\/uploads\/2011\/10\/Bonaparte-300x300.jpg\" alt=\"\" width=\"300\" height=\"300\" srcset=\"https:\/\/www.hoymercedes.com.ar\/principal\/wp-content\/uploads\/2011\/10\/Bonaparte-300x300.jpg 300w, https:\/\/www.hoymercedes.com.ar\/principal\/wp-content\/uploads\/2011\/10\/Bonaparte-150x150.jpg 150w, https:\/\/www.hoymercedes.com.ar\/principal\/wp-content\/uploads\/2011\/10\/Bonaparte.jpg 400w\" sizes=\"auto, (max-width: 300px) 100vw, 300px\" \/><\/a><figcaption id=\"caption-attachment-8693\" class=\"wp-caption-text\">Bonaparte<\/figcaption><\/figure>\n<p>El 1\u00b0 de noviembre pr\u00f3ximo en el Aula Magna de la Universidad Nacional del Comahue se llevar\u00e1 a cabo el acto acad\u00e9mico durante el cual dicha casa de estudios impondr\u00e1 al Paleont\u00f3logo mercedino Jos\u00e9 Bonaparte el t\u00edtulo de Doctor Honoris Causa por los importantes estudios que este llev\u00f3 a cabo en el sur del pa\u00eds especialmente en el \u00e1rea de influencia de la alta Casa de Estudios.<\/p>\n<p>Bonaparte record\u00f3 que fue en la zona sur del pa\u00eds<em> \u201cespecialmente con los trabajos que realice en su momento en Neuqu\u00e9n y gran parte de R\u00edo Negro que entre otros resultados positivos nos permiti\u00f3 hallar restos del ahora famoso Dinosaurio Amargosaurus tiene una antig\u00fcedad aproximada de 120 mil a\u00f1os\u201d<\/em><\/p>\n<p>Uno de los colaboradores de Bonaparte en el Museos Carlos Ameghino de nuestra ciudad sostuvo <em>\u201cJos\u00e9 ya tiene casi todo listo para viajar al sur, esperaba de manera muy ansiosa poder concretar las jornadas en nuestra ciudad ara luego dedicarse plenamente al viaje para recibir esta distinci\u00f3n que entendemos es muy justa dado el gran trabajo que hace a\u00f1os realiz\u00f3 en toda la zona de Rio Negro y Neuqu\u00e9n para luego agregar \u201cel hallazgo m\u00e1s importante que efectuaron Bonaparte y el grupo que trabaj\u00f3 en dicha zona fue un nido de esqueletos de peque\u00f1os mam\u00edferos con ocho cr\u00e1neos completos y varias mand\u00edbulas que resulta ser el \u00fanico efectuado en todo el territorio de Am\u00e9rica del Sur y que ahora luego de numerosos estudios efectuados se ha llegado a la determinaci\u00f3n que se trataba del mam\u00edfero del tipo mezosoico m\u00e1s antiguo de Sudam\u00e9rica planteando interesantes interrogantes acerca de la evoluci\u00f3n de dichos mam\u00edferos y su diversificaci\u00f3n en todo el territorio.<\/em><\/p>\n<p><em>Otro hallazgo de importancia concretada en la regi\u00f3n del Comahue fueron peque\u00f1os pero muy filosos dientes que luego de un paciente y cuidadoso trabajo se pudo obtener alrededor de 200 unidades que se encuentran en el Museo Rivadavia\u201d<\/em><\/p>\n<p>Cabe consignar que el mercedino Jos\u00e9 Bonaparte fue un permanente luchador para que se le asignaran a los departamentos de investigaciones dependientes de la Universidad Nacional del Comahue una cantidad mayor de Paleont\u00f3logos permitiendo de esa manera poder ampliar el campo de las investigaciones.<\/p>\n<p>No se descarta que en los pr\u00f3ximos d\u00edas pueda ser dada una informaci\u00f3n mucho m\u00e1s completa emanada directamente de los responsables actuales del Museo de Ciencias Naturales Carlos Ameghino con una s\u00edntesis de las principales excavaciones y los descubrimientos efectuado por Jos\u00e9 Bonaparte a lo largo de toda su carrera de investigaci\u00f3n paleontol\u00f3gica.<\/p>\n","protected":false},"excerpt":{"rendered":"<p>El 1\u00b0 de noviembre pr\u00f3ximo en el Aula Magna de la Universidad Nacional del Comahue se llevar\u00e1 a cabo el &#8230; <a title=\"La Universidad del Comahue distingir\u00e1 al investigador Jos\u00e9 Bonaparte\" class=\"read-more\" href=\"https:\/\/www.hoymercedes.com.ar\/principal\/2011\/10\/27\/la-universidad-del-comahue-distingira-al-investigador-jose-bonaparte\/\" aria-label=\"Leer m\u00e1s sobre La Universidad del Comahue distingir\u00e1 al investigador Jos\u00e9 Bonaparte\">Leer m\u00e1s<\/a><\/p>\n","protected":false},"author":1,"featured_media":0,"comment_status":"open","ping_status":"open","sticky":false,"template":"","format":"standard","meta":{"_monsterinsights_skip_tracking":false,"_monsterinsights_sitenote_active":false,"_monsterinsights_sitenote_note":"","_monsterinsights_sitenote_category":0,"jetpack_post_was_ever_published":false,"_jetpack_newsletter_access":"","_jetpack_dont_email_post_to_subs":false,"_jetpack_newsletter_tier_id":0,"_jetpack_memberships_contains_paywalled_content":false,"_jetpack_memberships_contains_paid_content":false,"footnotes":"","jetpack_publicize_message":"","jetpack_publicize_feature_enabled":true,"jetpack_social_post_already_shared":false,"jetpack_social_options":{"image_generator_settings":{"template":"highway","default_image_id":0,"font":"","enabled":false},"version":2},"_wpas_customize_per_network":false},"categories":[8],"tags":[1518,1519],"class_list":["post-8668","post","type-post","status-publish","format-standard","hentry","category-sociedad","tag-jose-bonaparte","tag-universidad-del-comahue","generate-columns","tablet-grid-50","mobile-grid-100","grid-parent","grid-50"],"jetpack_publicize_connections":[],"jetpack_featured_media_url":"","wps_subtitle":"","jetpack_sharing_enabled":true,"_links":{"self":[{"href":"https:\/\/www.hoymercedes.com.ar\/principal\/wp-json\/wp\/v2\/posts\/8668","targetHints":{"allow":["GET"]}}],"collection":[{"href":"https:\/\/www.hoymercedes.com.ar\/principal\/wp-json\/wp\/v2\/posts"}],"about":[{"href":"https:\/\/www.hoymercedes.com.ar\/principal\/wp-json\/wp\/v2\/types\/post"}],"author":[{"embeddable":true,"href":"https:\/\/www.hoymercedes.com.ar\/principal\/wp-json\/wp\/v2\/users\/1"}],"replies":[{"embeddable":true,"href":"https:\/\/www.hoymercedes.com.ar\/principal\/wp-json\/wp\/v2\/comments?post=8668"}],"version-history":[{"count":0,"href":"https:\/\/www.hoymercedes.com.ar\/principal\/wp-json\/wp\/v2\/posts\/8668\/revisions"}],"wp:attachment":[{"href":"https:\/\/www.hoymercedes.com.ar\/principal\/wp-json\/wp\/v2\/media?parent=8668"}],"wp:term":[{"taxonomy":"category","embeddable":true,"href":"https:\/\/www.hoymercedes.com.ar\/principal\/wp-json\/wp\/v2\/categories?post=8668"},{"taxonomy":"post_tag","embeddable":true,"href":"https:\/\/www.hoymercedes.com.ar\/principal\/wp-json\/wp\/v2\/tags?post=8668"}],"curies":[{"name":"wp","href":"https:\/\/api.w.org\/{rel}","templated":true}]}}