{"id":86682,"date":"2019-01-09T20:58:19","date_gmt":"2019-01-09T23:58:19","guid":{"rendered":"http:\/\/www.hoymercedes.com.ar\/principal\/?p=86682"},"modified":"2019-01-09T20:58:27","modified_gmt":"2019-01-09T23:58:27","slug":"el-ciclista-mercedino-ruben-giachino-fue-atropellado-mientras-entrenaba-para-la-doble-bragado","status":"publish","type":"post","link":"https:\/\/www.hoymercedes.com.ar\/principal\/2019\/01\/09\/el-ciclista-mercedino-ruben-giachino-fue-atropellado-mientras-entrenaba-para-la-doble-bragado\/","title":{"rendered":"El ciclista mercedino Rub\u00e9n Giachino fue atropellado mientras entrenaba para la Doble Bragado"},"content":{"rendered":"\n<p>Rub\u00e9n Giachino se encontraba entrenando para la pr\u00f3xima Doble Bragado, que se correr\u00e1 entre el 3 y el 10 de febrero cuando en la Ruta 41 a la altura de San Andr\u00e9s de Giles fue embestido por un cami\u00f3n.<\/p>\n\n\n\n<p>El hecho ocurri\u00f3 este martes 8 cuando alrededor de las 18 el ciclista del equipo Ciudad de Mercedes pasaba la entrada de la vecina localidad y el cami\u00f3n lo llev\u00f3 por delante. Felizmente, Giachino s\u00f3lo recibi\u00f3 algunos golpes y raspaduras en lo que fue una desgracia con suerte.<\/p>\n\n\n\n<p>Una vez intervenido en el Hospital Municipal de San Andr\u00e9s d Giles, Giachino pudo volver a su casa para terminar de recuperarse del susto y de los golpes.<\/p>\n","protected":false},"excerpt":{"rendered":"<p>Rub\u00e9n Giachino se encontraba entrenando para la pr\u00f3xima Doble Bragado, que se correr\u00e1 entre el 3 y el 10 de &#8230; <a title=\"El ciclista mercedino Rub\u00e9n Giachino fue atropellado mientras entrenaba para la Doble Bragado\" class=\"read-more\" href=\"https:\/\/www.hoymercedes.com.ar\/principal\/2019\/01\/09\/el-ciclista-mercedino-ruben-giachino-fue-atropellado-mientras-entrenaba-para-la-doble-bragado\/\" aria-label=\"Leer m\u00e1s sobre El ciclista mercedino Rub\u00e9n Giachino fue atropellado mientras entrenaba para la Doble Bragado\">Leer m\u00e1s<\/a><\/p>\n","protected":false},"author":1,"featured_media":0,"comment_status":"closed","ping_status":"open","sticky":false,"template":"","format":"standard","meta":{"_monsterinsights_skip_tracking":false,"_monsterinsights_sitenote_active":false,"_monsterinsights_sitenote_note":"","_monsterinsights_sitenote_category":0,"jetpack_post_was_ever_published":false,"_jetpack_newsletter_access":"","_jetpack_dont_email_post_to_subs":false,"_jetpack_newsletter_tier_id":0,"_jetpack_memberships_contains_paywalled_content":false,"_jetpack_memberships_contains_paid_content":false,"footnotes":"","jetpack_publicize_message":"","jetpack_publicize_feature_enabled":true,"jetpack_social_post_already_shared":true,"jetpack_social_options":{"image_generator_settings":{"template":"highway","default_image_id":0,"font":"","enabled":false},"version":2},"_wpas_customize_per_network":false},"categories":[21],"tags":[3260,1453],"class_list":["post-86682","post","type-post","status-publish","format-standard","hentry","category-deportes","tag-choque","tag-ciclismo","generate-columns","tablet-grid-50","mobile-grid-100","grid-parent","grid-50"],"jetpack_publicize_connections":[],"jetpack_featured_media_url":"","wps_subtitle":"Ciclismo","jetpack_sharing_enabled":true,"_links":{"self":[{"href":"https:\/\/www.hoymercedes.com.ar\/principal\/wp-json\/wp\/v2\/posts\/86682","targetHints":{"allow":["GET"]}}],"collection":[{"href":"https:\/\/www.hoymercedes.com.ar\/principal\/wp-json\/wp\/v2\/posts"}],"about":[{"href":"https:\/\/www.hoymercedes.com.ar\/principal\/wp-json\/wp\/v2\/types\/post"}],"author":[{"embeddable":true,"href":"https:\/\/www.hoymercedes.com.ar\/principal\/wp-json\/wp\/v2\/users\/1"}],"replies":[{"embeddable":true,"href":"https:\/\/www.hoymercedes.com.ar\/principal\/wp-json\/wp\/v2\/comments?post=86682"}],"version-history":[{"count":0,"href":"https:\/\/www.hoymercedes.com.ar\/principal\/wp-json\/wp\/v2\/posts\/86682\/revisions"}],"wp:attachment":[{"href":"https:\/\/www.hoymercedes.com.ar\/principal\/wp-json\/wp\/v2\/media?parent=86682"}],"wp:term":[{"taxonomy":"category","embeddable":true,"href":"https:\/\/www.hoymercedes.com.ar\/principal\/wp-json\/wp\/v2\/categories?post=86682"},{"taxonomy":"post_tag","embeddable":true,"href":"https:\/\/www.hoymercedes.com.ar\/principal\/wp-json\/wp\/v2\/tags?post=86682"}],"curies":[{"name":"wp","href":"https:\/\/api.w.org\/{rel}","templated":true}]}}