{"id":86685,"date":"2019-01-10T11:11:48","date_gmt":"2019-01-10T14:11:48","guid":{"rendered":"http:\/\/www.hoymercedes.com.ar\/principal\/?p=86685"},"modified":"2019-01-09T22:59:32","modified_gmt":"2019-01-10T01:59:32","slug":"el-fronton-mostro-la-camiseta-que-usara-en-el-regional-y-jugo-sus-primeros-amistosos","status":"publish","type":"post","link":"https:\/\/www.hoymercedes.com.ar\/principal\/2019\/01\/10\/el-fronton-mostro-la-camiseta-que-usara-en-el-regional-y-jugo-sus-primeros-amistosos\/","title":{"rendered":"El Front\u00f3n mostr\u00f3 la camiseta que usar\u00e1 en el Regional y jug\u00f3 sus primeros amistosos"},"content":{"rendered":"\n<p>Pensando en el debut de fin de enero ante Club Mercedes, el equipo de Germ\u00e1n Stopiello comenz\u00f3 a jugar sus primeros amistosos buscando conseguir la mejor puesta a punto y el once ideal para el Regional Amateur.<\/p>\n\n\n\n<figure class=\"wp-block-image\"><img loading=\"lazy\" decoding=\"async\" width=\"696\" height=\"457\" data-attachment-id=\"86686\" data-permalink=\"https:\/\/www.hoymercedes.com.ar\/principal\/2019\/01\/10\/el-fronton-mostro-la-camiseta-que-usara-en-el-regional-y-jugo-sus-primeros-amistosos\/remerafron-696x457\/#main\" data-orig-file=\"https:\/\/www.hoymercedes.com.ar\/principal\/wp-content\/uploads\/2019\/01\/remerafron-696x457.jpg\" data-orig-size=\"696,457\" data-comments-opened=\"0\" data-image-meta=\"{&quot;aperture&quot;:&quot;0&quot;,&quot;credit&quot;:&quot;&quot;,&quot;camera&quot;:&quot;&quot;,&quot;caption&quot;:&quot;&quot;,&quot;created_timestamp&quot;:&quot;0&quot;,&quot;copyright&quot;:&quot;&quot;,&quot;focal_length&quot;:&quot;0&quot;,&quot;iso&quot;:&quot;0&quot;,&quot;shutter_speed&quot;:&quot;0&quot;,&quot;title&quot;:&quot;&quot;,&quot;orientation&quot;:&quot;0&quot;}\" data-image-title=\"remerafron-696&amp;#215;457\" data-image-description=\"\" data-image-caption=\"\" data-large-file=\"https:\/\/www.hoymercedes.com.ar\/principal\/wp-content\/uploads\/2019\/01\/remerafron-696x457.jpg\" src=\"https:\/\/www.hoymercedes.com.ar\/principal\/wp-content\/uploads\/2019\/01\/remerafron-696x457.jpg\" alt=\"\" class=\"wp-image-86686\" srcset=\"https:\/\/www.hoymercedes.com.ar\/principal\/wp-content\/uploads\/2019\/01\/remerafron-696x457.jpg 696w, https:\/\/www.hoymercedes.com.ar\/principal\/wp-content\/uploads\/2019\/01\/remerafron-696x457-150x98.jpg 150w, https:\/\/www.hoymercedes.com.ar\/principal\/wp-content\/uploads\/2019\/01\/remerafron-696x457-630x414.jpg 630w\" sizes=\"auto, (max-width: 696px) 100vw, 696px\" \/><\/figure>\n\n\n\n<p>El primero de los partidos que jug\u00f3 fue ante Defensores de Salto, equipo que jug\u00f3 el Federal B y ahora tambi\u00e9n ser\u00e1 parte del Regional Amateur en la Zona 3 junto a Sports, Juventud y Argentino de Pergamino, Barracas de Col\u00f3n y 9 de Julio de Chacabuco.<\/p>\n\n\n\n<p>Se jugaron dos tiempos, el primero con titulares y termin\u00f3 1 a 1, mientras que los suplentes cayeron 6 a 1. Luego jug\u00f3 ante Sports, perdiendo El Front\u00f3n el primero de los tres tiempos de 30 minutos y ganando los dos restantes por 1 a 0.<\/p>\n\n\n\n<p>Lo que viene es que el 12\/1 recibir\u00e1 a Independiente (Chivilcoy), el 16\/1 se medir\u00e1 con Sportivo Baradero y finalizar\u00e1 la pretemporada el 19\/1 en casa frente al CADU (Z\u00e1rate) que actualmente milita en la B Metropolitana. <\/p>\n\n\n\n<p>Adem\u00e1s, El Front\u00f3n dio a conocer la camiseta que usar\u00e1 en el 2019, siendo la titular a bastones como habitualmente ocurre y la suplente con un dise\u00f1o nuevo, donde prepondera el blanco.<\/p>\n","protected":false},"excerpt":{"rendered":"<p>Pensando en el debut de fin de enero ante Club Mercedes, el equipo de Germ\u00e1n Stopiello comenz\u00f3 a jugar sus &#8230; <a title=\"El Front\u00f3n mostr\u00f3 la camiseta que usar\u00e1 en el Regional y jug\u00f3 sus primeros amistosos\" class=\"read-more\" href=\"https:\/\/www.hoymercedes.com.ar\/principal\/2019\/01\/10\/el-fronton-mostro-la-camiseta-que-usara-en-el-regional-y-jugo-sus-primeros-amistosos\/\" aria-label=\"Leer m\u00e1s sobre El Front\u00f3n mostr\u00f3 la camiseta que usar\u00e1 en el Regional y jug\u00f3 sus primeros amistosos\">Leer m\u00e1s<\/a><\/p>\n","protected":false},"author":1,"featured_media":86686,"comment_status":"closed","ping_status":"open","sticky":false,"template":"","format":"standard","meta":{"_monsterinsights_skip_tracking":false,"_monsterinsights_sitenote_active":false,"_monsterinsights_sitenote_note":"","_monsterinsights_sitenote_category":0,"jetpack_post_was_ever_published":false,"_jetpack_newsletter_access":"","_jetpack_dont_email_post_to_subs":false,"_jetpack_newsletter_tier_id":0,"_jetpack_memberships_contains_paywalled_content":false,"_jetpack_memberships_contains_paid_content":false,"footnotes":"","jetpack_publicize_message":"","jetpack_publicize_feature_enabled":true,"jetpack_social_post_already_shared":true,"jetpack_social_options":{"image_generator_settings":{"template":"highway","default_image_id":0,"font":"","enabled":false},"version":2},"_wpas_customize_per_network":false},"categories":[21],"tags":[14366],"class_list":["post-86685","post","type-post","status-publish","format-standard","has-post-thumbnail","hentry","category-deportes","tag-defensores-salto","generate-columns","tablet-grid-50","mobile-grid-100","grid-parent","grid-50"],"jetpack_publicize_connections":[],"jetpack_featured_media_url":"https:\/\/www.hoymercedes.com.ar\/principal\/wp-content\/uploads\/2019\/01\/remerafron-696x457.jpg","wps_subtitle":"Regional Amateur","jetpack_sharing_enabled":true,"_links":{"self":[{"href":"https:\/\/www.hoymercedes.com.ar\/principal\/wp-json\/wp\/v2\/posts\/86685","targetHints":{"allow":["GET"]}}],"collection":[{"href":"https:\/\/www.hoymercedes.com.ar\/principal\/wp-json\/wp\/v2\/posts"}],"about":[{"href":"https:\/\/www.hoymercedes.com.ar\/principal\/wp-json\/wp\/v2\/types\/post"}],"author":[{"embeddable":true,"href":"https:\/\/www.hoymercedes.com.ar\/principal\/wp-json\/wp\/v2\/users\/1"}],"replies":[{"embeddable":true,"href":"https:\/\/www.hoymercedes.com.ar\/principal\/wp-json\/wp\/v2\/comments?post=86685"}],"version-history":[{"count":0,"href":"https:\/\/www.hoymercedes.com.ar\/principal\/wp-json\/wp\/v2\/posts\/86685\/revisions"}],"wp:featuredmedia":[{"embeddable":true,"href":"https:\/\/www.hoymercedes.com.ar\/principal\/wp-json\/wp\/v2\/media\/86686"}],"wp:attachment":[{"href":"https:\/\/www.hoymercedes.com.ar\/principal\/wp-json\/wp\/v2\/media?parent=86685"}],"wp:term":[{"taxonomy":"category","embeddable":true,"href":"https:\/\/www.hoymercedes.com.ar\/principal\/wp-json\/wp\/v2\/categories?post=86685"},{"taxonomy":"post_tag","embeddable":true,"href":"https:\/\/www.hoymercedes.com.ar\/principal\/wp-json\/wp\/v2\/tags?post=86685"}],"curies":[{"name":"wp","href":"https:\/\/api.w.org\/{rel}","templated":true}]}}