{"id":86693,"date":"2019-01-10T14:46:23","date_gmt":"2019-01-10T17:46:23","guid":{"rendered":"http:\/\/www.hoymercedes.com.ar\/principal\/?p=86693"},"modified":"2019-01-10T15:29:26","modified_gmt":"2019-01-10T18:29:26","slug":"mesa-sindical-convica-a-marcha-de-antorcha-por-tarifazos","status":"publish","type":"post","link":"https:\/\/www.hoymercedes.com.ar\/principal\/2019\/01\/10\/mesa-sindical-convica-a-marcha-de-antorcha-por-tarifazos\/","title":{"rendered":"Mesa Sindical convoca a Marcha de Antorcha por Tarifazos"},"content":{"rendered":"\n<p>En la tarde de este jueves 10 de enero, a las 19:00 horas, se realizar\u00e1 a nivel nacional una protesta con antorchas en rechazo a los constantes tarifazos que se vienen sufriendo en el pa\u00eds. Las diferentes centrales sindicales, organizaciones sociales, agrupaciones barriales, c\u00e1maras empresarias y asociaciones de consumidores convocan, a lo largo y ancho de nuestro territorio, a ser parte de esta manifestaci\u00f3n. &nbsp;&nbsp;<\/p>\n\n\n\n<p>Mario vi\u00f1ales, parte del Sindicato de luz y Fuerza y part\u00edcipe de la mesa sindical Mercedes, inform\u00f3 \u201cdesde diferentes sectores se ha convocado, a nivel nacional, a manifestarse en contra de estos tarifazos y medidas econ\u00f3micas que tanto perjudican a la sociedad en general\u201d y subray\u00f3 \u201ctratamos de manifestar esto, visualizarlo, desde la no profundizaci\u00f3n de las contradicciones pol\u00edticas de la gente. Sabemos que es dif\u00edcil que los grandes medios de comunicaci\u00f3n de hagan eco de estas movilizaciones, pero es la \u00fanica alternativa que queda\u201d.<\/p>\n\n\n\n<p>A su vez, Vi\u00f1ales determin\u00f3 \u201cuno desde el lugar que est\u00e1, lo que intenta hacer es demostrar lo m\u00e1s claramente posible como es la situaci\u00f3n y tratar de informar todo lo que est\u00e1 sucediendo debido a que muchas cosas suceden y nadie se entera\u201d y agreg\u00f3 \u201cla idea no es votar en contra o a favor de alguien, sino tratar de votar a favor de los argentinos que somos los que necesitamos que este pa\u00eds despegue\u201d.<\/p>\n\n\n\n<p>\u201cLa \u00fanica forma de que esto mejore es d\u00e1ndole un impulso al comercio interno, que las pymes comiencen una vez m\u00e1s a funcionar y sean dadoras de trabajo, que el excedente sea para exportar y que aquellas cosas que son propias de nuestra producci\u00f3n no tengan los precios exagerados que tienen, como es el caso de la energ\u00eda el\u00e9ctrica, el combustible, el gas o pagar precios siderales por la carne\u201d consider\u00f3.<\/p>\n\n\n\n<p>\u201cDesde la Mesa Sindical Mercedes tratamos de llegar a la comunidad plante\u00e1ndoles esta realidad\u201d.<\/p>\n\n\n\n<p>Asimismo, Vi\u00f1ales expres\u00f3 \u201cesta es una secuencia ininterrumpida de aumentos que benefician a los grandes grupos econ\u00f3micos en desmedro de los salarios de los trabajadores\u201d<\/p>\n\n\n\n<p>\u201cEs muy dif\u00edcil entender por qu\u00e9 motivo &nbsp;la gente no termina de comprender que este gobierno lo que ha hecho en un lapso de tres a\u00f1os y pico ha sido aumentar todos los servicios en forma indiscriminada\u201d y asegur\u00f3 \u201clas empresas est\u00e1n ganando m\u00e1s de lo que deber\u00edan ganar\u201d<\/p>\n\n\n\n<p>Adem\u00e1s, el dirigente puso foco en una posible reforma laboral \u201cque perjudicar\u00eda notablemente a los trabajadores\u201d por ese motivo \u201cdesde la mesa sindical estamos organizando charlas para que la gente se informe y sepa de qu\u00e9 se trata esta medida que quiere tomar el Gobierno Nacional y que va en desmedro de la clase trabajadora\u201d.<\/p>\n","protected":false},"excerpt":{"rendered":"<p>En la tarde de este jueves 10 de enero, a las 19:00 horas, se realizar\u00e1 a nivel nacional una protesta &#8230; <a title=\"Mesa Sindical convoca a Marcha de Antorcha por Tarifazos\" class=\"read-more\" href=\"https:\/\/www.hoymercedes.com.ar\/principal\/2019\/01\/10\/mesa-sindical-convica-a-marcha-de-antorcha-por-tarifazos\/\" aria-label=\"Leer m\u00e1s sobre Mesa Sindical convoca a Marcha de Antorcha por Tarifazos\">Leer m\u00e1s<\/a><\/p>\n","protected":false},"author":1,"featured_media":0,"comment_status":"closed","ping_status":"open","sticky":false,"template":"","format":"standard","meta":{"_monsterinsights_skip_tracking":false,"_monsterinsights_sitenote_active":false,"_monsterinsights_sitenote_note":"","_monsterinsights_sitenote_category":0,"jetpack_post_was_ever_published":false,"_jetpack_newsletter_access":"","_jetpack_dont_email_post_to_subs":false,"_jetpack_newsletter_tier_id":0,"_jetpack_memberships_contains_paywalled_content":false,"_jetpack_memberships_contains_paid_content":false,"footnotes":"","jetpack_publicize_message":"","jetpack_publicize_feature_enabled":true,"jetpack_social_post_already_shared":true,"jetpack_social_options":{"image_generator_settings":{"template":"highway","default_image_id":0,"font":"","enabled":false},"version":2},"_wpas_customize_per_network":false},"categories":[10563,8],"tags":[8799,12814,5319,1443],"class_list":["post-86693","post","type-post","status-publish","format-standard","hentry","category-gremios-sindicatos","category-sociedad","tag-gremios","tag-marcha-de-antorichas","tag-politica-2","tag-sindicatos","generate-columns","tablet-grid-50","mobile-grid-100","grid-parent","grid-50"],"jetpack_publicize_connections":[],"jetpack_featured_media_url":"","wps_subtitle":"","jetpack_sharing_enabled":true,"_links":{"self":[{"href":"https:\/\/www.hoymercedes.com.ar\/principal\/wp-json\/wp\/v2\/posts\/86693","targetHints":{"allow":["GET"]}}],"collection":[{"href":"https:\/\/www.hoymercedes.com.ar\/principal\/wp-json\/wp\/v2\/posts"}],"about":[{"href":"https:\/\/www.hoymercedes.com.ar\/principal\/wp-json\/wp\/v2\/types\/post"}],"author":[{"embeddable":true,"href":"https:\/\/www.hoymercedes.com.ar\/principal\/wp-json\/wp\/v2\/users\/1"}],"replies":[{"embeddable":true,"href":"https:\/\/www.hoymercedes.com.ar\/principal\/wp-json\/wp\/v2\/comments?post=86693"}],"version-history":[{"count":0,"href":"https:\/\/www.hoymercedes.com.ar\/principal\/wp-json\/wp\/v2\/posts\/86693\/revisions"}],"wp:attachment":[{"href":"https:\/\/www.hoymercedes.com.ar\/principal\/wp-json\/wp\/v2\/media?parent=86693"}],"wp:term":[{"taxonomy":"category","embeddable":true,"href":"https:\/\/www.hoymercedes.com.ar\/principal\/wp-json\/wp\/v2\/categories?post=86693"},{"taxonomy":"post_tag","embeddable":true,"href":"https:\/\/www.hoymercedes.com.ar\/principal\/wp-json\/wp\/v2\/tags?post=86693"}],"curies":[{"name":"wp","href":"https:\/\/api.w.org\/{rel}","templated":true}]}}