{"id":8673,"date":"2011-10-27T11:25:57","date_gmt":"2011-10-27T11:25:57","guid":{"rendered":"http:\/\/www.hoymercedes.com.ar\/principal\/?p=8673"},"modified":"2011-10-27T11:52:27","modified_gmt":"2011-10-27T11:52:27","slug":"desmienten-declaraciones-relacionadas-con-apoyo-radical-a-carlos-selva","status":"publish","type":"post","link":"https:\/\/www.hoymercedes.com.ar\/principal\/2011\/10\/27\/desmienten-declaraciones-relacionadas-con-apoyo-radical-a-carlos-selva\/","title":{"rendered":"Desmienten declaraciones relacionadas con apoyo radical a Carlos Selva"},"content":{"rendered":"<figure id=\"attachment_8695\" aria-describedby=\"caption-attachment-8695\" style=\"width: 290px\" class=\"wp-caption alignleft\"><a href=\"https:\/\/www.hoymercedes.com.ar\/principal\/wp-content\/uploads\/2011\/10\/Torres-UCR.jpg\"><img loading=\"lazy\" decoding=\"async\" data-attachment-id=\"8695\" data-permalink=\"https:\/\/www.hoymercedes.com.ar\/principal\/2011\/10\/27\/desmienten-declaraciones-relacionadas-con-apoyo-radical-a-carlos-selva\/torres-ucr\/#main\" data-orig-file=\"https:\/\/www.hoymercedes.com.ar\/principal\/wp-content\/uploads\/2011\/10\/Torres-UCR.jpg\" data-orig-size=\"350,173\" data-comments-opened=\"1\" data-image-meta=\"{&quot;aperture&quot;:&quot;2.8&quot;,&quot;credit&quot;:&quot;&quot;,&quot;camera&quot;:&quot;COOLPIX L10&quot;,&quot;caption&quot;:&quot;&quot;,&quot;created_timestamp&quot;:&quot;1319438819&quot;,&quot;copyright&quot;:&quot;Copyright 2006&quot;,&quot;focal_length&quot;:&quot;6.2&quot;,&quot;iso&quot;:&quot;400&quot;,&quot;shutter_speed&quot;:&quot;0.016666666666667&quot;,&quot;title&quot;:&quot;&quot;}\" data-image-title=\"Torres-UCR\" data-image-description=\"\" data-image-caption=\"\" data-large-file=\"https:\/\/www.hoymercedes.com.ar\/principal\/wp-content\/uploads\/2011\/10\/Torres-UCR.jpg\" class=\"size-medium wp-image-8695\" title=\"Torres-UCR\" src=\"https:\/\/www.hoymercedes.com.ar\/principal\/wp-content\/uploads\/2011\/10\/Torres-UCR-300x148.jpg\" alt=\"\" width=\"300\" height=\"148\" srcset=\"https:\/\/www.hoymercedes.com.ar\/principal\/wp-content\/uploads\/2011\/10\/Torres-UCR-300x148.jpg 300w, https:\/\/www.hoymercedes.com.ar\/principal\/wp-content\/uploads\/2011\/10\/Torres-UCR.jpg 350w\" sizes=\"auto, (max-width: 300px) 100vw, 300px\" \/><\/a><figcaption id=\"caption-attachment-8695\" class=\"wp-caption-text\">Pancho Torres<\/figcaption><\/figure>\n<p>El Dr. Juan Manuel Torres, candidato a Intendente por la UDESO en las elecciones del d\u00eda 23, convoc\u00f3 a ayer a conferencia de prensa para aclarara y desmentir declaraciones aparecidas en uno de los semanarios de nuestra ciudad en las que el ahora electo Diputado Nacional Eduardo \u201cWado\u201d De Pedro hab\u00eda formulado acerca del apoyo de la Uni\u00f3n C\u00edvica Radical al actual intendente Carlos Selva para que resultara ganador en las elecciones en desmedro del Frente Mercedino para la Victoria que impulsaba la candidatura de Juan Ignacio Ustarroz.<\/p>\n<p>Torres se reuni\u00f3n con los medios acompa\u00f1ado por su hijo Javier, candidato a Concejal en segundo lugar, Karina La Regina quien lo hac\u00eda en primer t\u00e9rmino y la actual representante del radicalismo en el HCD In\u00e9s Mar\u00eda Ghione.<\/p>\n<p>El ex candidato a Intendente se refiri\u00f3 con t\u00e9rminos duros a las declaraciones citadas manifestando<em> \u201cel radicalismo es un partido centenario, con mucha historia y no nos vendemos y por supuesto no compramos a nadie por lo cual las declaraciones citadas configuran una agraviante valoraci\u00f3n pol\u00edtica con la que se trata de desviar una realidad justificando en otros lo que realmente pas\u00f3 por eso de ninguna manera puedo mantenerme callado dejando pasar algo as\u00ed porque en ning\u00fan momento hubo alg\u00fan acuerdo con Carlos Selva, son declaraciones que parten de los integrantes de la Campora\u201d para luego a manera de ejemplo hacer referencias a supuestas apreciaciones vertidas por el Concejal Juan Pablo L\u00f3pez \u201cquien ha sido compa\u00f1ero de Concejo de In\u00e9s (por In\u00e9s Ghione) poniendo sospechas acerca de nuestra actitudes\u201d.<\/em><\/p>\n<p>Luego manifest\u00f3 <em>\u201cno se porque si dicen conocer a quienes trabajaron para Selva perteneciendo al radicalismo porque no los dan a conocer con nombres y apellidos para no dejar las cosas dichas a medias, hay que ser honestos y decir las cosas como son\u201d y luego ante la insistencia de los representantes de los medios para que diera a conocer los nombres de los supuestos militantes del radicalismo que trabajaron para favorecer al actual intendente sostener \u201ca mi no me consta que hayan sido ellos porque no los he visto pero los nombres que se manejaban el domingo por la tarde en la calle 25 eran los de Ignacio Respuela, Lucas Fal y Paco Cont\u00edn, reitero que personalmente no los he visto pero si ello fue as\u00ed directamente que se los nombre porque entonces podr\u00edamos decir que han traicionado al partido\u201d expresando claramente el nombre de traidores para los mismos.<\/em><\/p>\n<p><em>En otros pasajes de la conferencia de prensa Juan Manuel torres sostuvo que no lo une ning\u00fan lazo de amistad con Selva agregando que incluso no compart\u00eda su accionar \u201cdebido a que suele mezclar los temas pol\u00edticos con los personales\u201d.<\/em><\/p>\n<p><em>Tambi\u00e9n manifest\u00f3 que no compart\u00eda la actitud de los integrantes de la conducci\u00f3n del Comit\u00e9 local de la UCR que directamente los hab\u00eda abandonado ya que no trabajaron junto a ellos durante la campa\u00f1a \u201cnos cerraban el Comit\u00e9 por lo cual hubo que cambiar las cerraduras y luego nos dieron un espacio m\u00ednimo bastante perdido en su interior. Tampoco se hicieron presentes cuando vinieron a nuestra ciudad algunos de los candidatos como por ejemplo el Presidente del Comit\u00e9 Provincia y el propio candidato a Presidente de la Naci\u00f3n Ricardo Alfons\u00edn\u201d y si bien reconoci\u00f3 que ya en otra oportunidad debi\u00f3 abandonar la sede partidaria para instalarse en un local de la avenida 29 y 18 puso como atenuante a dicho accionar \u201cno trabajaron con nosotros pero de ninguna manera nos dejaron abandonados\u201d.<\/em><\/p>\n<p>M\u00e1s adelante y junto a la concejal In\u00e9s Ghione, Juan Manuel Torres sostuvo con relaci\u00f3n al posible pedido departe de las autoridades partidarias provinciales delos nombres de aquellos dirigentes que no quisieron trabajar en esta campa\u00f1a \u00a0 \u00a0 \u00a0 \u00a0<em>\u201ca\u00fan no hemos recibido ning\u00fan pedido pero nosotros nos adelantamos al formular la correspondiente comunicaci\u00f3n al Comit\u00e9 Provincia informando acerca de la situaci\u00f3n que se hab\u00eda planteado en nuestra ciudad para que ellos hicieran la correspondiente evaluaci\u00f3n\u201d.<\/em><\/p>\n<p>Finalmente y volviendo a las quejas manifestadas desde el FMPV los integrantes del radicalismo que convocaron a la prensa sostuvieron \u201chubo militantes radicales y hasta familias tradicionales que durante mucho tiempo apoyaron a nuestro partido que ahora se volcaron hacia la candidatura de Juan Ignacio Ustarroz, como por ejemplo familiares del ex concejal Valerga, integrantes de la familia Bomaggio solo por citar algunos y hasta la propia Secretaria de Medio Ambiente de la Naci\u00f3n Silvia R\u00e9vora que durante la campa\u00f1a con Gustavo Novak no solo le dio su apoyo en lo personal a la hora de votar sino que trabajo mucho tiempo junto a \u00e9l apuntalando con propuestas y proyectos su candidatura y ahora ya no est\u00e1n con nosotros, as\u00ed que mucho no se pueden quejar, por otra parte es muy alentador que con tan solo ocho meses de trabajo en la ciudad ya tengan Catorce Mil votos y cuatro concejales y ello realmente es mucho, pero parece que algunos de ellos pensaron que ya estaban arriba de todos.<\/p>\n<p><em>\u201cSon j\u00f3venes, tienen tiempo de trabajar y entonces seguramente van a llegar a lugares muy importantes\u201d.<\/em><\/p>\n","protected":false},"excerpt":{"rendered":"<p>El Dr. Juan Manuel Torres, candidato a Intendente por la UDESO en las elecciones del d\u00eda 23, convoc\u00f3 a ayer &#8230; <a title=\"Desmienten declaraciones relacionadas con apoyo radical a Carlos Selva\" class=\"read-more\" href=\"https:\/\/www.hoymercedes.com.ar\/principal\/2011\/10\/27\/desmienten-declaraciones-relacionadas-con-apoyo-radical-a-carlos-selva\/\" aria-label=\"Leer m\u00e1s sobre Desmienten declaraciones relacionadas con apoyo radical a Carlos Selva\">Leer m\u00e1s<\/a><\/p>\n","protected":false},"author":1,"featured_media":0,"comment_status":"open","ping_status":"open","sticky":false,"template":"","format":"standard","meta":{"_monsterinsights_skip_tracking":false,"_monsterinsights_sitenote_active":false,"_monsterinsights_sitenote_note":"","_monsterinsights_sitenote_category":0,"jetpack_post_was_ever_published":false,"_jetpack_newsletter_access":"","_jetpack_dont_email_post_to_subs":false,"_jetpack_newsletter_tier_id":0,"_jetpack_memberships_contains_paywalled_content":false,"_jetpack_memberships_contains_paid_content":false,"footnotes":"","jetpack_publicize_message":"","jetpack_publicize_feature_enabled":true,"jetpack_social_post_already_shared":false,"jetpack_social_options":{"image_generator_settings":{"template":"highway","default_image_id":0,"font":"","enabled":false},"version":2},"_wpas_customize_per_network":false},"categories":[5],"tags":[392,408],"class_list":["post-8673","post","type-post","status-publish","format-standard","hentry","category-politica","tag-pancho-torres","tag-ucr","generate-columns","tablet-grid-50","mobile-grid-100","grid-parent","grid-50"],"jetpack_publicize_connections":[],"jetpack_featured_media_url":"","wps_subtitle":"","jetpack_sharing_enabled":true,"_links":{"self":[{"href":"https:\/\/www.hoymercedes.com.ar\/principal\/wp-json\/wp\/v2\/posts\/8673","targetHints":{"allow":["GET"]}}],"collection":[{"href":"https:\/\/www.hoymercedes.com.ar\/principal\/wp-json\/wp\/v2\/posts"}],"about":[{"href":"https:\/\/www.hoymercedes.com.ar\/principal\/wp-json\/wp\/v2\/types\/post"}],"author":[{"embeddable":true,"href":"https:\/\/www.hoymercedes.com.ar\/principal\/wp-json\/wp\/v2\/users\/1"}],"replies":[{"embeddable":true,"href":"https:\/\/www.hoymercedes.com.ar\/principal\/wp-json\/wp\/v2\/comments?post=8673"}],"version-history":[{"count":0,"href":"https:\/\/www.hoymercedes.com.ar\/principal\/wp-json\/wp\/v2\/posts\/8673\/revisions"}],"wp:attachment":[{"href":"https:\/\/www.hoymercedes.com.ar\/principal\/wp-json\/wp\/v2\/media?parent=8673"}],"wp:term":[{"taxonomy":"category","embeddable":true,"href":"https:\/\/www.hoymercedes.com.ar\/principal\/wp-json\/wp\/v2\/categories?post=8673"},{"taxonomy":"post_tag","embeddable":true,"href":"https:\/\/www.hoymercedes.com.ar\/principal\/wp-json\/wp\/v2\/tags?post=8673"}],"curies":[{"name":"wp","href":"https:\/\/api.w.org\/{rel}","templated":true}]}}