{"id":86744,"date":"2019-01-11T20:14:20","date_gmt":"2019-01-11T23:14:20","guid":{"rendered":"http:\/\/www.hoymercedes.com.ar\/principal\/?p=86744"},"modified":"2019-01-11T19:37:59","modified_gmt":"2019-01-11T22:37:59","slug":"crearan-una-escuela-municipal-de-nivel-primario-en-agote","status":"publish","type":"post","link":"https:\/\/www.hoymercedes.com.ar\/principal\/2019\/01\/11\/crearan-una-escuela-municipal-de-nivel-primario-en-agote\/","title":{"rendered":"Crear\u00e1n una escuela municipal de nivel primario en Agote"},"content":{"rendered":"\n<p>La Escuela Municipal N\u00b0 2 de nivel primario \u00abLas Carquejas\u00bb va teniendo forma. En la localidad de Agote se instalar\u00e1 esta instituci\u00f3n educativa que le seguir\u00e1 a la municipalizada El Pampero con la misma pedagog\u00eda. la inversi\u00f3n de 100 mil pesos del Municipio permitir\u00e1 la conclusi\u00f3n de la construcci\u00f3n para que las clases se inicien en el 2019. <\/p>\n\n\n\n<figure class=\"wp-block-image\"><img loading=\"lazy\" decoding=\"async\" width=\"750\" height=\"500\" data-attachment-id=\"86745\" data-permalink=\"https:\/\/www.hoymercedes.com.ar\/principal\/2019\/01\/11\/crearan-una-escuela-municipal-de-nivel-primario-en-agote\/11-escuela-agote\/#main\" data-orig-file=\"https:\/\/www.hoymercedes.com.ar\/principal\/wp-content\/uploads\/2019\/01\/11-escuela-agote.jpg\" data-orig-size=\"750,500\" data-comments-opened=\"0\" data-image-meta=\"{&quot;aperture&quot;:&quot;0&quot;,&quot;credit&quot;:&quot;&quot;,&quot;camera&quot;:&quot;&quot;,&quot;caption&quot;:&quot;&quot;,&quot;created_timestamp&quot;:&quot;0&quot;,&quot;copyright&quot;:&quot;&quot;,&quot;focal_length&quot;:&quot;0&quot;,&quot;iso&quot;:&quot;0&quot;,&quot;shutter_speed&quot;:&quot;0&quot;,&quot;title&quot;:&quot;&quot;,&quot;orientation&quot;:&quot;0&quot;}\" data-image-title=\"11 escuela agote\" data-image-description=\"\" data-image-caption=\"\" data-large-file=\"https:\/\/www.hoymercedes.com.ar\/principal\/wp-content\/uploads\/2019\/01\/11-escuela-agote.jpg\" src=\"https:\/\/www.hoymercedes.com.ar\/principal\/wp-content\/uploads\/2019\/01\/11-escuela-agote.jpg\" alt=\"\" class=\"wp-image-86745\" srcset=\"https:\/\/www.hoymercedes.com.ar\/principal\/wp-content\/uploads\/2019\/01\/11-escuela-agote.jpg 750w, https:\/\/www.hoymercedes.com.ar\/principal\/wp-content\/uploads\/2019\/01\/11-escuela-agote-150x100.jpg 150w, https:\/\/www.hoymercedes.com.ar\/principal\/wp-content\/uploads\/2019\/01\/11-escuela-agote-630x420.jpg 630w, https:\/\/www.hoymercedes.com.ar\/principal\/wp-content\/uploads\/2019\/01\/11-escuela-agote-720x480.jpg 720w, https:\/\/www.hoymercedes.com.ar\/principal\/wp-content\/uploads\/2019\/01\/11-escuela-agote-360x240.jpg 360w\" sizes=\"auto, (max-width: 750px) 100vw, 750px\" \/><\/figure>\n\n\n\n<p>El Jefe Comunal Juan Ignacio Ustarroz acompa\u00f1ado del docente Joaqu\u00edn Bustos Berrondo (director de El Pampero) explicaron que el crecimiento de la primera escuela municipalizada en 2016 permiti\u00f3 sumar una nueva escuela de nivel primario municipal con la pedagog\u00eda del Instituto Speroni de La Plata. Esta segunda escuela se instalar\u00e1 en la zona este del partido de Mercedes distante de El Pampero que est\u00e1 en la zona oeste. <\/p>\n\n\n\n<p>\u00abLa escuela se construir\u00e1 en Agote, lugar que est\u00e1 creciendo mucho. Este proyecto educativo se denomina Las Carquejas. Tanto la comunidad educativa como los familias est\u00e1n llevando a cabo los trabajos que dar\u00e1 como resultado una nueva escuela que surge de cero\u201d, explic\u00f3 el Intendente.<\/p>\n\n\n\n<p>Por su parte, el director Bustos Berrondo cont\u00f3 que los maestros est\u00e1n \u00abcon una alegr\u00eda inmensa\u00bb y asegur\u00f3 que \u00abse dio en el clavo\u00bb al considerar la localidad de Agote como el lugar para establecer el proyecto. \u00a0\u00a0<\/p>\n","protected":false},"excerpt":{"rendered":"<p>La Escuela Municipal N\u00b0 2 de nivel primario \u00abLas Carquejas\u00bb va teniendo forma. En la localidad de Agote se instalar\u00e1 &#8230; <a title=\"Crear\u00e1n una escuela municipal de nivel primario en Agote\" class=\"read-more\" href=\"https:\/\/www.hoymercedes.com.ar\/principal\/2019\/01\/11\/crearan-una-escuela-municipal-de-nivel-primario-en-agote\/\" aria-label=\"Leer m\u00e1s sobre Crear\u00e1n una escuela municipal de nivel primario en Agote\">Leer m\u00e1s<\/a><\/p>\n","protected":false},"author":1,"featured_media":86745,"comment_status":"closed","ping_status":"open","sticky":false,"template":"","format":"standard","meta":{"_monsterinsights_skip_tracking":false,"_monsterinsights_sitenote_active":false,"_monsterinsights_sitenote_note":"","_monsterinsights_sitenote_category":0,"jetpack_post_was_ever_published":false,"_jetpack_newsletter_access":"","_jetpack_dont_email_post_to_subs":false,"_jetpack_newsletter_tier_id":0,"_jetpack_memberships_contains_paywalled_content":false,"_jetpack_memberships_contains_paid_content":false,"footnotes":"","jetpack_publicize_message":"","jetpack_publicize_feature_enabled":true,"jetpack_social_post_already_shared":true,"jetpack_social_options":{"image_generator_settings":{"template":"highway","default_image_id":0,"font":"","enabled":false},"version":2},"_wpas_customize_per_network":false},"categories":[30],"tags":[1981,47,8759,10358],"class_list":["post-86744","post","type-post","status-publish","format-standard","has-post-thumbnail","hentry","category-municipio","tag-agote","tag-educacion-2","tag-el-pampero","tag-municipio","generate-columns","tablet-grid-50","mobile-grid-100","grid-parent","grid-50"],"jetpack_publicize_connections":[],"jetpack_featured_media_url":"https:\/\/www.hoymercedes.com.ar\/principal\/wp-content\/uploads\/2019\/01\/11-escuela-agote.jpg","wps_subtitle":"","jetpack_sharing_enabled":true,"_links":{"self":[{"href":"https:\/\/www.hoymercedes.com.ar\/principal\/wp-json\/wp\/v2\/posts\/86744","targetHints":{"allow":["GET"]}}],"collection":[{"href":"https:\/\/www.hoymercedes.com.ar\/principal\/wp-json\/wp\/v2\/posts"}],"about":[{"href":"https:\/\/www.hoymercedes.com.ar\/principal\/wp-json\/wp\/v2\/types\/post"}],"author":[{"embeddable":true,"href":"https:\/\/www.hoymercedes.com.ar\/principal\/wp-json\/wp\/v2\/users\/1"}],"replies":[{"embeddable":true,"href":"https:\/\/www.hoymercedes.com.ar\/principal\/wp-json\/wp\/v2\/comments?post=86744"}],"version-history":[{"count":0,"href":"https:\/\/www.hoymercedes.com.ar\/principal\/wp-json\/wp\/v2\/posts\/86744\/revisions"}],"wp:featuredmedia":[{"embeddable":true,"href":"https:\/\/www.hoymercedes.com.ar\/principal\/wp-json\/wp\/v2\/media\/86745"}],"wp:attachment":[{"href":"https:\/\/www.hoymercedes.com.ar\/principal\/wp-json\/wp\/v2\/media?parent=86744"}],"wp:term":[{"taxonomy":"category","embeddable":true,"href":"https:\/\/www.hoymercedes.com.ar\/principal\/wp-json\/wp\/v2\/categories?post=86744"},{"taxonomy":"post_tag","embeddable":true,"href":"https:\/\/www.hoymercedes.com.ar\/principal\/wp-json\/wp\/v2\/tags?post=86744"}],"curies":[{"name":"wp","href":"https:\/\/api.w.org\/{rel}","templated":true}]}}