{"id":86749,"date":"2019-01-12T01:13:39","date_gmt":"2019-01-12T04:13:39","guid":{"rendered":"http:\/\/www.hoymercedes.com.ar\/principal\/?p=86749"},"modified":"2019-01-12T01:43:40","modified_gmt":"2019-01-12T04:43:40","slug":"en-fallo-mayoritario-el-yacare-sequeira-retuvo-el-titulo-latino-mediopesado-cmb","status":"publish","type":"post","link":"https:\/\/www.hoymercedes.com.ar\/principal\/2019\/01\/12\/en-fallo-mayoritario-el-yacare-sequeira-retuvo-el-titulo-latino-mediopesado-cmb\/","title":{"rendered":"En fallo mayoritario, el \u00abYacar\u00e9\u00bb Sequeira retuvo el t\u00edtulo Latino Mediopesado CMB"},"content":{"rendered":"\n<p>En el Torre\u00f3n del Monje, Mar del Plata, y cuando se jugaban los \u00faltimos minutos del viernes, Walter Sequeira y Facundo Galovar iniciaron una pelea que fue muy pareja y en la que por momentos estuvo cerca del nocaut, pero que tras los diez rounds termin\u00f3 dando por ganador en fallo mayoritario al mercedino y de esa manera volvi\u00f3 a conquistar el cetro Latino Mediopesado de la Confederaci\u00f3n Mundial de Boxeo.<\/p>\n\n\n\n<figure class=\"wp-block-image\"><img loading=\"lazy\" decoding=\"async\" width=\"750\" height=\"466\" data-attachment-id=\"86750\" data-permalink=\"https:\/\/www.hoymercedes.com.ar\/principal\/2019\/01\/12\/en-fallo-mayoritario-el-yacare-sequeira-retuvo-el-titulo-latino-mediopesado-cmb\/20190112_004552\/#main\" data-orig-file=\"https:\/\/www.hoymercedes.com.ar\/principal\/wp-content\/uploads\/2019\/01\/20190112_004552.jpg\" data-orig-size=\"750,466\" data-comments-opened=\"0\" data-image-meta=\"{&quot;aperture&quot;:&quot;1.9&quot;,&quot;credit&quot;:&quot;&quot;,&quot;camera&quot;:&quot;SM-A520F&quot;,&quot;caption&quot;:&quot;&quot;,&quot;created_timestamp&quot;:&quot;1547253952&quot;,&quot;copyright&quot;:&quot;&quot;,&quot;focal_length&quot;:&quot;3.6&quot;,&quot;iso&quot;:&quot;200&quot;,&quot;shutter_speed&quot;:&quot;0.04&quot;,&quot;title&quot;:&quot;&quot;,&quot;orientation&quot;:&quot;1&quot;}\" data-image-title=\"20190112_004552\" data-image-description=\"\" data-image-caption=\"\" data-large-file=\"https:\/\/www.hoymercedes.com.ar\/principal\/wp-content\/uploads\/2019\/01\/20190112_004552.jpg\" src=\"https:\/\/www.hoymercedes.com.ar\/principal\/wp-content\/uploads\/2019\/01\/20190112_004552.jpg\" alt=\"\" class=\"wp-image-86750\" srcset=\"https:\/\/www.hoymercedes.com.ar\/principal\/wp-content\/uploads\/2019\/01\/20190112_004552.jpg 750w, https:\/\/www.hoymercedes.com.ar\/principal\/wp-content\/uploads\/2019\/01\/20190112_004552-150x93.jpg 150w, https:\/\/www.hoymercedes.com.ar\/principal\/wp-content\/uploads\/2019\/01\/20190112_004552-630x391.jpg 630w\" sizes=\"auto, (max-width: 750px) 100vw, 750px\" \/><\/figure>\n\n\n\n<p>Mientras que la tarjeta de HoyMercedes.com dio por ganador al \u00abYacar\u00e9\u00bb por 97,5 a 95, los jurados dictaminaron la victoria por 95 &#8211; 95, 96 &#8211; 94 y 96 &#8211; 94. De esta manera, el mercedino queda con un record de 22-15 KO, 5-2 KO y el tucumano  10-7 KO, 5-1 KO, 1.<\/p>\n\n\n\n<figure class=\"wp-block-embed-twitter wp-block-embed is-type-rich is-provider-twitter\"><div class=\"wp-block-embed__wrapper\">\n<blockquote class=\"twitter-tweet\" data-width=\"550\" data-dnt=\"true\"><p lang=\"es\" dir=\"ltr\"><a href=\"https:\/\/twitter.com\/hashtag\/BoxeoEnTyCSports?src=hash&amp;ref_src=twsrc%5Etfw\" target=\"_blank\" rel=\"noopener\">#BoxeoEnTyCSports<\/a> \u00a1PELE\u00d3N EN MAR DEL PLATA! Sequeira y Galovar no se dan tregua en Torre\u00f3n del Monje, prendete ahora a TyC Sports y <a href=\"https:\/\/t.co\/9hQFpiHZlA\">https:\/\/t.co\/9hQFpiHZlA<\/a> ac\u00e1: <a href=\"https:\/\/t.co\/aM7xwR6ny5\">https:\/\/t.co\/aM7xwR6ny5<\/a> <a href=\"https:\/\/t.co\/nPn47ECEtD\">pic.twitter.com\/nPn47ECEtD<\/a><\/p>&mdash; TyC Sports Play (@TyCSportsPlay) <a href=\"https:\/\/twitter.com\/TyCSportsPlay\/status\/1083927021883842563?ref_src=twsrc%5Etfw\" target=\"_blank\" rel=\"noopener\">January 12, 2019<\/a><\/blockquote><script async src=\"https:\/\/platform.twitter.com\/widgets.js\" charset=\"utf-8\"><\/script>\n<\/div><\/figure>\n\n\n\n<p>Fue una pelea demasiado pareja, donde comenz\u00f3 mejor Galovar, quien con un ataque combiado empez\u00f3 arriba en el primer round. Sin embargo, Sequeira a partir del segundo round conect\u00f3 mejor con su rival comenzando con una buena defensa contra las cuerdas y luego saliendo a atacar. Sobre el final de la tercera vuelta llega el primer buen golpe del mercedino a trav\u00e9s de un derechazo y tras el golpe por golpe del cuarto asalto Sequeira estuvo a punto de noquear, pero su rival qued\u00f3 sostenido por el propio mercedino y logr\u00f3 recuperarse sin necesidad de la cuenta.<\/p>\n\n\n\n<p>Tras haber perdido el primero, Sequeira gan\u00f3 los tres siguientes y a partir de ah\u00ed empez\u00f3 a manejar la noche, ya que en el quinto enfri\u00f3 la noche y logr\u00f3 descansar caminando bien el ring y logrando estirar la ventaja.<\/p>\n\n\n\n<p>El sexto dej\u00f3 algo de dudas para el mercedino, porque Galovar sali\u00f3 al ataque, lo puso al \u00abYacar\u00e9\u00bb contra las cuerdas y le hizo sentir su izquierda y achic\u00f3 la ventaja.<\/p>\n\n\n\n<figure class=\"wp-block-embed-twitter wp-block-embed is-type-rich is-provider-twitter\"><div class=\"wp-block-embed__wrapper\">\n<blockquote class=\"twitter-tweet\" data-width=\"550\" data-dnt=\"true\"><p lang=\"es\" dir=\"ltr\"><a href=\"https:\/\/twitter.com\/hashtag\/BoxeoEnTyCSports?src=hash&amp;ref_src=twsrc%5Etfw\" target=\"_blank\" rel=\"noopener\">#BoxeoEnTyCSports<\/a> \u00a1Gan\u00f3 el Yacar\u00e9 Sequeira! El de Mercedes se impuso sobre el tucumano Galovar en el Torre\u00f3n del Monje y lo disfrutaste por TyC Sports y <a href=\"https:\/\/t.co\/9hQFpiHZlA\">https:\/\/t.co\/9hQFpiHZlA<\/a> <a href=\"https:\/\/t.co\/EGbm5X65lg\">pic.twitter.com\/EGbm5X65lg<\/a><\/p>&mdash; TyC Sports Play (@TyCSportsPlay) <a href=\"https:\/\/twitter.com\/TyCSportsPlay\/status\/1083933689627652096?ref_src=twsrc%5Etfw\" target=\"_blank\" rel=\"noopener\">January 12, 2019<\/a><\/blockquote><script async src=\"https:\/\/platform.twitter.com\/widgets.js\" charset=\"utf-8\"><\/script>\n<\/div><\/figure>\n\n\n\n<p>Sin embargo, en el s\u00e9ptimo, Sequeira volvi\u00f3 a caminar bien el ring y con eso sostuvo una ventaja que en el octavo estir\u00f3 tras el golpe por golpe respondiendo bien un cross de derecha del tucumano.<\/p>\n\n\n\n<p>En el final de la noche, Galovar volvi\u00f3 a descontar aunque la suerte estaba echada. Si quedaba alguna duda, el cross de izquierda a mitad del \u00faltimo round clarific\u00f3 que Sequeira iba a ser el justo ganador de la pelea.<\/p>\n\n\n\n<p>De esta manera, el mercedino vuelve al triunfo tras la derrota en Inglaterra por nocaut 4 ante Yardim, consigue retener el t\u00edtulo y poder pensar en un a\u00f1o triunfal, buscando una tercera experiencia internacional.<\/p>\n\n\n\n<p><strong>Las otras peleas de la noche<\/strong><\/p>\n\n\n\n<p>Federico \u201cEl Zurdo\u201d Pedraza (BA 57,150 kg. 9-0-1, 1 KO) GDU 6 Sergio \u201cEl Enigm\u00e1tico\u201d Estrela (BA 57,150 kg. 20-16-3, 11 KO), tras enviarlo al suelo en primero: 60-54, 60-54\u00bd, 60-54. <\/p>\n\n\n\n<p>Lucas \u201cEl Tornado\u201d Bastida (Local 69,850 kg. 7-1, 4 KO) GKO 5 Luis Vera (LP 69,650 kg. 10-14-2, 1 KO) <\/p>\n\n\n\n<p>Rodrigo \u201cRespeto\u201d Mart\u00ednez (BA 58,900 kg. 5-6-3, 1 KO) GDU 4 Franco \u201cEl Principito\u201d Sotelo (58 kg. y 3-5-2, 1 KO): 39-37, 39-37\u00bd, 40-37\u00bd. <\/p>\n\n\n\n<p><\/p>\n","protected":false},"excerpt":{"rendered":"<p>En el Torre\u00f3n del Monje, Mar del Plata, y cuando se jugaban los \u00faltimos minutos del viernes, Walter Sequeira y &#8230; <a title=\"En fallo mayoritario, el \u00abYacar\u00e9\u00bb Sequeira retuvo el t\u00edtulo Latino Mediopesado CMB\" class=\"read-more\" href=\"https:\/\/www.hoymercedes.com.ar\/principal\/2019\/01\/12\/en-fallo-mayoritario-el-yacare-sequeira-retuvo-el-titulo-latino-mediopesado-cmb\/\" aria-label=\"Leer m\u00e1s sobre En fallo mayoritario, el \u00abYacar\u00e9\u00bb Sequeira retuvo el t\u00edtulo Latino Mediopesado CMB\">Leer m\u00e1s<\/a><\/p>\n","protected":false},"author":1,"featured_media":86750,"comment_status":"closed","ping_status":"open","sticky":false,"template":"","format":"standard","meta":{"_monsterinsights_skip_tracking":false,"_monsterinsights_sitenote_active":false,"_monsterinsights_sitenote_note":"","_monsterinsights_sitenote_category":0,"jetpack_post_was_ever_published":false,"_jetpack_newsletter_access":"","_jetpack_dont_email_post_to_subs":false,"_jetpack_newsletter_tier_id":0,"_jetpack_memberships_contains_paywalled_content":false,"_jetpack_memberships_contains_paid_content":false,"footnotes":"","jetpack_publicize_message":"","jetpack_publicize_feature_enabled":true,"jetpack_social_post_already_shared":true,"jetpack_social_options":{"image_generator_settings":{"template":"highway","default_image_id":0,"font":"","enabled":false},"version":2},"_wpas_customize_per_network":false},"categories":[21],"tags":[14376,14374],"class_list":["post-86749","post","type-post","status-publish","format-standard","has-post-thumbnail","hentry","category-deportes","tag-mediopesado","tag-sequeira","generate-columns","tablet-grid-50","mobile-grid-100","grid-parent","grid-50"],"jetpack_publicize_connections":[],"jetpack_featured_media_url":"https:\/\/www.hoymercedes.com.ar\/principal\/wp-content\/uploads\/2019\/01\/20190112_004552.jpg","wps_subtitle":"Boxeo","jetpack_sharing_enabled":true,"_links":{"self":[{"href":"https:\/\/www.hoymercedes.com.ar\/principal\/wp-json\/wp\/v2\/posts\/86749","targetHints":{"allow":["GET"]}}],"collection":[{"href":"https:\/\/www.hoymercedes.com.ar\/principal\/wp-json\/wp\/v2\/posts"}],"about":[{"href":"https:\/\/www.hoymercedes.com.ar\/principal\/wp-json\/wp\/v2\/types\/post"}],"author":[{"embeddable":true,"href":"https:\/\/www.hoymercedes.com.ar\/principal\/wp-json\/wp\/v2\/users\/1"}],"replies":[{"embeddable":true,"href":"https:\/\/www.hoymercedes.com.ar\/principal\/wp-json\/wp\/v2\/comments?post=86749"}],"version-history":[{"count":0,"href":"https:\/\/www.hoymercedes.com.ar\/principal\/wp-json\/wp\/v2\/posts\/86749\/revisions"}],"wp:featuredmedia":[{"embeddable":true,"href":"https:\/\/www.hoymercedes.com.ar\/principal\/wp-json\/wp\/v2\/media\/86750"}],"wp:attachment":[{"href":"https:\/\/www.hoymercedes.com.ar\/principal\/wp-json\/wp\/v2\/media?parent=86749"}],"wp:term":[{"taxonomy":"category","embeddable":true,"href":"https:\/\/www.hoymercedes.com.ar\/principal\/wp-json\/wp\/v2\/categories?post=86749"},{"taxonomy":"post_tag","embeddable":true,"href":"https:\/\/www.hoymercedes.com.ar\/principal\/wp-json\/wp\/v2\/tags?post=86749"}],"curies":[{"name":"wp","href":"https:\/\/api.w.org\/{rel}","templated":true}]}}