{"id":86766,"date":"2019-01-12T10:12:44","date_gmt":"2019-01-12T13:12:44","guid":{"rendered":"http:\/\/www.hoymercedes.com.ar\/principal\/?p=86766"},"modified":"2019-01-12T10:16:14","modified_gmt":"2019-01-12T13:16:14","slug":"18-19-y-20-de-enero-tres-dias-de-bares-y-pizzerias-con-musica","status":"publish","type":"post","link":"https:\/\/www.hoymercedes.com.ar\/principal\/2019\/01\/12\/18-19-y-20-de-enero-tres-dias-de-bares-y-pizzerias-con-musica\/","title":{"rendered":"18, 19 y 20 de enero: Tres d\u00edas de Bares y Pizzer\u00edas con m\u00fasica"},"content":{"rendered":"\n<p>Durante tres d\u00edas, los bares y pizzer\u00edas del partido de Mercedes reunir\u00e1n las gastronom\u00eda con la m\u00fasica y el arte pl\u00e1stico. Los d\u00edas 18, 19 y 20 de enero, en Salomona, Rojo Tomate en fusi\u00f3n con Casa Balero y la Cervecer\u00eda Scheitler en Gowland ser\u00e1n las sedes de la primera edici\u00f3n de este ciclo presentado el viernes \u00faltimo por la Municipalidad de Mercedes. <\/p>\n\n\n\n<figure class=\"wp-block-image\"><img loading=\"lazy\" decoding=\"async\" width=\"750\" height=\"431\" data-attachment-id=\"86767\" data-permalink=\"https:\/\/www.hoymercedes.com.ar\/principal\/2019\/01\/12\/18-19-y-20-de-enero-tres-dias-de-bares-y-pizzerias-con-musica\/12-pizzeriasybares\/#main\" data-orig-file=\"https:\/\/www.hoymercedes.com.ar\/principal\/wp-content\/uploads\/2019\/01\/12-Pizzer\u00edasyBares.jpg\" data-orig-size=\"750,431\" data-comments-opened=\"0\" data-image-meta=\"{&quot;aperture&quot;:&quot;0&quot;,&quot;credit&quot;:&quot;&quot;,&quot;camera&quot;:&quot;&quot;,&quot;caption&quot;:&quot;&quot;,&quot;created_timestamp&quot;:&quot;0&quot;,&quot;copyright&quot;:&quot;&quot;,&quot;focal_length&quot;:&quot;0&quot;,&quot;iso&quot;:&quot;0&quot;,&quot;shutter_speed&quot;:&quot;0&quot;,&quot;title&quot;:&quot;&quot;,&quot;orientation&quot;:&quot;0&quot;}\" data-image-title=\"12 Pizzer\u00edasyBares\" data-image-description=\"\" data-image-caption=\"\" data-large-file=\"https:\/\/www.hoymercedes.com.ar\/principal\/wp-content\/uploads\/2019\/01\/12-Pizzer\u00edasyBares.jpg\" src=\"https:\/\/www.hoymercedes.com.ar\/principal\/wp-content\/uploads\/2019\/01\/12-Pizzer\u00edasyBares.jpg\" alt=\"\" class=\"wp-image-86767\" srcset=\"https:\/\/www.hoymercedes.com.ar\/principal\/wp-content\/uploads\/2019\/01\/12-Pizzer\u00edasyBares.jpg 750w, https:\/\/www.hoymercedes.com.ar\/principal\/wp-content\/uploads\/2019\/01\/12-Pizzer\u00edasyBares-150x86.jpg 150w, https:\/\/www.hoymercedes.com.ar\/principal\/wp-content\/uploads\/2019\/01\/12-Pizzer\u00edasyBares-630x362.jpg 630w\" sizes=\"auto, (max-width: 750px) 100vw, 750px\" \/><\/figure>\n\n\n\n<p>El ciclo \u201cBares &amp; Pizzer\u00edas\u201d pensado para que toda la familia pueda compartir gastronom\u00eda y m\u00fasica se suma a la iniciada a\u00f1os atr\u00e1s con los bodegones.  El lanzamiento de la propuesta se hizo en la noche del viernes en la Pizzer\u00eda Salomona (calle 32 y 25), que est\u00e1 celebrando 25 a\u00f1os desde su apertura. La esquina es el lugar elegido para iniciar el ciclo el d\u00eda 18 de enero con la actuaci\u00f3n de \u00abLim\u00f3n y Sal\u00bb. <\/p>\n\n\n\n<p>Al d\u00eda siguiente, 19 de enero, Bares y Pizzer\u00edas se mudar\u00e1 a la esquina de 26 y 23. La pizzer\u00eda Rojo Tomate realizar\u00e1 las pizzas y Casa Balero aportar\u00e1 el espacio para la m\u00fasica de \u00abInterkosmicos + Juan Santana + Cumbara\u00bb. La primera edici\u00f3n del ciclo contin\u00faa el domingo 20 en la Cervecer\u00eda Franz Scheitler en la localidad de Gowland con la actuaci\u00f3n de \u00abOrquesta Org\u00e1nica\u00bb. <\/p>\n\n\n\n<p>La presentaci\u00f3n del ciclo de Bares y Pizzer\u00edas la encabez\u00f3 el Jefe Comunal Juan Ignacio Ustarroz junto al Director de Turismo Mart\u00edn Boragno acompa\u00f1ado de \u00c1lvaro Delfino de Pizzer\u00eda Salomona, Mariano Heredia de Casa Balero y Francisco Scheitler de la cervecer\u00eda de Gowland. <\/p>\n","protected":false},"excerpt":{"rendered":"<p>Durante tres d\u00edas, los bares y pizzer\u00edas del partido de Mercedes reunir\u00e1n las gastronom\u00eda con la m\u00fasica y el arte &#8230; <a title=\"18, 19 y 20 de enero: Tres d\u00edas de Bares y Pizzer\u00edas con m\u00fasica\" class=\"read-more\" href=\"https:\/\/www.hoymercedes.com.ar\/principal\/2019\/01\/12\/18-19-y-20-de-enero-tres-dias-de-bares-y-pizzerias-con-musica\/\" aria-label=\"Leer m\u00e1s sobre 18, 19 y 20 de enero: Tres d\u00edas de Bares y Pizzer\u00edas con m\u00fasica\">Leer m\u00e1s<\/a><\/p>\n","protected":false},"author":1,"featured_media":86767,"comment_status":"closed","ping_status":"open","sticky":false,"template":"","format":"standard","meta":{"_monsterinsights_skip_tracking":false,"_monsterinsights_sitenote_active":false,"_monsterinsights_sitenote_note":"","_monsterinsights_sitenote_category":0,"jetpack_post_was_ever_published":false,"_jetpack_newsletter_access":"","_jetpack_dont_email_post_to_subs":false,"_jetpack_newsletter_tier_id":0,"_jetpack_memberships_contains_paywalled_content":false,"_jetpack_memberships_contains_paid_content":false,"footnotes":"","jetpack_publicize_message":"","jetpack_publicize_feature_enabled":true,"jetpack_social_post_already_shared":true,"jetpack_social_options":{"image_generator_settings":{"template":"highway","default_image_id":0,"font":"","enabled":false},"version":2},"_wpas_customize_per_network":false},"categories":[104],"tags":[14379,10494,244,8539,14378,1428],"class_list":["post-86766","post","type-post","status-publish","format-standard","has-post-thumbnail","hentry","category-cultura","tag-bares","tag-ciclo","tag-municipio-2","tag-musica","tag-pizzerias","tag-turismo","generate-columns","tablet-grid-50","mobile-grid-100","grid-parent","grid-50"],"jetpack_publicize_connections":[],"jetpack_featured_media_url":"https:\/\/www.hoymercedes.com.ar\/principal\/wp-content\/uploads\/2019\/01\/12-Pizzer\u00edasyBares.jpg","wps_subtitle":"Agendar","jetpack_sharing_enabled":true,"_links":{"self":[{"href":"https:\/\/www.hoymercedes.com.ar\/principal\/wp-json\/wp\/v2\/posts\/86766","targetHints":{"allow":["GET"]}}],"collection":[{"href":"https:\/\/www.hoymercedes.com.ar\/principal\/wp-json\/wp\/v2\/posts"}],"about":[{"href":"https:\/\/www.hoymercedes.com.ar\/principal\/wp-json\/wp\/v2\/types\/post"}],"author":[{"embeddable":true,"href":"https:\/\/www.hoymercedes.com.ar\/principal\/wp-json\/wp\/v2\/users\/1"}],"replies":[{"embeddable":true,"href":"https:\/\/www.hoymercedes.com.ar\/principal\/wp-json\/wp\/v2\/comments?post=86766"}],"version-history":[{"count":0,"href":"https:\/\/www.hoymercedes.com.ar\/principal\/wp-json\/wp\/v2\/posts\/86766\/revisions"}],"wp:featuredmedia":[{"embeddable":true,"href":"https:\/\/www.hoymercedes.com.ar\/principal\/wp-json\/wp\/v2\/media\/86767"}],"wp:attachment":[{"href":"https:\/\/www.hoymercedes.com.ar\/principal\/wp-json\/wp\/v2\/media?parent=86766"}],"wp:term":[{"taxonomy":"category","embeddable":true,"href":"https:\/\/www.hoymercedes.com.ar\/principal\/wp-json\/wp\/v2\/categories?post=86766"},{"taxonomy":"post_tag","embeddable":true,"href":"https:\/\/www.hoymercedes.com.ar\/principal\/wp-json\/wp\/v2\/tags?post=86766"}],"curies":[{"name":"wp","href":"https:\/\/api.w.org\/{rel}","templated":true}]}}