{"id":8677,"date":"2011-10-27T11:30:13","date_gmt":"2011-10-27T11:30:13","guid":{"rendered":"http:\/\/www.hoymercedes.com.ar\/principal\/?p=8677"},"modified":"2011-10-27T11:30:13","modified_gmt":"2011-10-27T11:30:13","slug":"crece-el-numero-de-inscriptos-en-la-sede-universitaria-regional-de-mercedes","status":"publish","type":"post","link":"https:\/\/www.hoymercedes.com.ar\/principal\/2011\/10\/27\/crece-el-numero-de-inscriptos-en-la-sede-universitaria-regional-de-mercedes\/","title":{"rendered":"Crece el n\u00famero de inscriptos en la Sede Universitaria Regional de Mercedes"},"content":{"rendered":"<p>La Coordinadora del Centro Regional Universitario de la Municipalidad de Mercedes que funciona en las instalaciones del Ex Instituto Unzue, Miriam Fiori sostuvo<em> \u201csi la inscripci\u00f3n para las materias del CBC correspondiente al a\u00f1o 2012 sigue de la misma manera que hasta ahora vamos a tener una matr\u00edcula record por lo cual ya estamos pensando en la posibilidad de poner determinados cursos en horas de la ma\u00f1ana debido a que no nos va a dar la capacidad f\u00edsica disponible en la actualidad\u201d.<\/em><\/p>\n<p>La funcionaria precis\u00f3 <em>\u201cen estos momentos estamos trabajando con las inscripciones para la Universidad de Luj\u00e1n en el marco de la carrera de Administraci\u00f3n para lo cual los interesados en cursar el a\u00f1o venidero la misma deber\u00e1n presentarse en la Sede Universitaria Regional de Avenida 47 entre 26 y 28 presentando dos fotos 4&#215;4 desde ya actualizadas, las fotocopias de la primera y segunda hoja del Documento Nacional de Identidad, el T\u00edtulo Anal\u00edtico o en su defecto presentar el certificado o constancia de T\u00edtulo en Tr\u00e1mite y a la vez abonar un importe de diez pesos ($ 10) para el cuadernillo de inscripci\u00f3n y antes de ingresar a la parte espec\u00edfica les recuerdo que deben aprobar el curso de adaptaci\u00f3n y comprensi\u00f3n de textos teniendo en cuenta las diferencias que existen en el manejo que se da hasta el momento en los establecimientos del nivel secundario comparado con lo que ocurre en el universitario y de esa forma se evitan los problemas que lamentablemente se han podido comprobar de chicos que no obtienen un buen resultado en sus estudios justamente por no llegar a comprender de manera concreta los textos que deben estudiar\u201d.<\/em><\/p>\n<p>M\u00e1s adelante se refiri\u00f3 en forma concreta a lo que est\u00e1 aconteciendo en lo que tiene que ver con el Ciclo B\u00e1sico Com\u00fan que se dicta en la Sede regional de la Universidad de Buenos Aires de nuestra ciudad explicando<em> \u201ccomo todos ya saben se ha puesto en marcha la inscripci\u00f3n para las materias del CBC a cursarse en el 2012 en nuestra ciudad que son para la totalidad de las carreras que se pueden cursan en la UBA y si no se produce ning\u00fan cambio hay tiempo hasta casi fin de a\u00f1o para poder inscribirse y asegurarse un lugar para poder hacer el CBC de manera \u00edntegra sin tener que viajar a ning\u00fan lado\u201d.<\/em><\/p>\n<p>Con relaci\u00f3n a la cantidad de personas que ya se han inscripto desde el 17 de octubre en que se hab\u00eda comenzado, sostuvo <em>\u201chemos tenido un muy buen comienzo porque en muy pocos d\u00edas ya llevamos un centenar as\u00ed que si nos ponemos trabajar en una proyecci\u00f3n final teniendo en cuenta el tiempo que falta para que opere la finalizaci\u00f3n del tiempo acordado para poder efectivizar tal inscripci\u00f3n vamos a estar superando holgadamente los 300 \u00f3 350 y realmente no sabemos donde los vamos a poner, donde podremos dar clases porque nuestra capacidad f\u00edsica realmente nos ha vuelto a quedar chica m\u00e1s all\u00e1 de los trabajos de remodelaci\u00f3n para agrandar los sectores disponibles que se llevaron a cabo no hace mucho tiempo.<\/em><\/p>\n<p><em>Realmente estamos muy contentos por la aceptaci\u00f3n que nuestro Centro \u00f3 Sede regional ha tenido especialmente entre los alumnos de ciudades vecinas. Creo que si seguimos con las inscripciones como hasta ahora vamos a tener que hablar seriamente de ver la posibilidad de comenzar con el dictado de clases en horas de la ma\u00f1ana porque ya lo que es el turno tarde-noche no nos alcanzan los lugares disponibles para la cantidad de j\u00f3venes que concurren\u201d.<\/em><\/p>\n","protected":false},"excerpt":{"rendered":"<p>La Coordinadora del Centro Regional Universitario de la Municipalidad de Mercedes que funciona en las instalaciones del Ex Instituto Unzue, &#8230; <a title=\"Crece el n\u00famero de inscriptos en la Sede Universitaria Regional de Mercedes\" class=\"read-more\" href=\"https:\/\/www.hoymercedes.com.ar\/principal\/2011\/10\/27\/crece-el-numero-de-inscriptos-en-la-sede-universitaria-regional-de-mercedes\/\" aria-label=\"Leer m\u00e1s sobre Crece el n\u00famero de inscriptos en la Sede Universitaria Regional de Mercedes\">Leer m\u00e1s<\/a><\/p>\n","protected":false},"author":1,"featured_media":0,"comment_status":"open","ping_status":"open","sticky":false,"template":"","format":"standard","meta":{"_monsterinsights_skip_tracking":false,"_monsterinsights_sitenote_active":false,"_monsterinsights_sitenote_note":"","_monsterinsights_sitenote_category":0,"jetpack_post_was_ever_published":false,"_jetpack_newsletter_access":"","_jetpack_dont_email_post_to_subs":false,"_jetpack_newsletter_tier_id":0,"_jetpack_memberships_contains_paywalled_content":false,"_jetpack_memberships_contains_paid_content":false,"footnotes":"","jetpack_publicize_message":"","jetpack_publicize_feature_enabled":true,"jetpack_social_post_already_shared":false,"jetpack_social_options":{"image_generator_settings":{"template":"highway","default_image_id":0,"font":"","enabled":false},"version":2},"_wpas_customize_per_network":false},"categories":[23],"tags":[502,70,1521,1520],"class_list":["post-8677","post","type-post","status-publish","format-standard","hentry","category-educacion","tag-cbc-mercedes","tag-uba-mercedes","tag-unle","tag-unlu-mercedes","generate-columns","tablet-grid-50","mobile-grid-100","grid-parent","grid-50"],"jetpack_publicize_connections":[],"jetpack_featured_media_url":"","wps_subtitle":"","jetpack_sharing_enabled":true,"_links":{"self":[{"href":"https:\/\/www.hoymercedes.com.ar\/principal\/wp-json\/wp\/v2\/posts\/8677","targetHints":{"allow":["GET"]}}],"collection":[{"href":"https:\/\/www.hoymercedes.com.ar\/principal\/wp-json\/wp\/v2\/posts"}],"about":[{"href":"https:\/\/www.hoymercedes.com.ar\/principal\/wp-json\/wp\/v2\/types\/post"}],"author":[{"embeddable":true,"href":"https:\/\/www.hoymercedes.com.ar\/principal\/wp-json\/wp\/v2\/users\/1"}],"replies":[{"embeddable":true,"href":"https:\/\/www.hoymercedes.com.ar\/principal\/wp-json\/wp\/v2\/comments?post=8677"}],"version-history":[{"count":0,"href":"https:\/\/www.hoymercedes.com.ar\/principal\/wp-json\/wp\/v2\/posts\/8677\/revisions"}],"wp:attachment":[{"href":"https:\/\/www.hoymercedes.com.ar\/principal\/wp-json\/wp\/v2\/media?parent=8677"}],"wp:term":[{"taxonomy":"category","embeddable":true,"href":"https:\/\/www.hoymercedes.com.ar\/principal\/wp-json\/wp\/v2\/categories?post=8677"},{"taxonomy":"post_tag","embeddable":true,"href":"https:\/\/www.hoymercedes.com.ar\/principal\/wp-json\/wp\/v2\/tags?post=8677"}],"curies":[{"name":"wp","href":"https:\/\/api.w.org\/{rel}","templated":true}]}}