{"id":86792,"date":"2019-01-13T00:02:59","date_gmt":"2019-01-13T03:02:59","guid":{"rendered":"http:\/\/www.hoymercedes.com.ar\/principal\/?p=86792"},"modified":"2019-01-13T00:03:10","modified_gmt":"2019-01-13T03:03:10","slug":"ante-independiente-de-chivilcoy-fue-el-tercer-amistoso-de-el-fronton","status":"publish","type":"post","link":"https:\/\/www.hoymercedes.com.ar\/principal\/2019\/01\/13\/ante-independiente-de-chivilcoy-fue-el-tercer-amistoso-de-el-fronton\/","title":{"rendered":"Ante Independiente de Chivilcoy fue el tercer amistoso de El Front\u00f3n"},"content":{"rendered":"\n<p>El conjunto de San Andr\u00e9s de Giles viaj\u00f3 a Chivilcoy para enfrentar a Independiente en lo que fue su tercer amistoso de pretemporada, luego de haber jugado ante Defensores y Sports de Salto.<\/p>\n\n\n\n<figure class=\"wp-block-image\"><img loading=\"lazy\" decoding=\"async\" width=\"1024\" height=\"768\" data-attachment-id=\"86793\" data-permalink=\"https:\/\/www.hoymercedes.com.ar\/principal\/2019\/01\/13\/ante-independiente-de-chivilcoy-fue-el-tercer-amistoso-de-el-fronton\/el-fronton-amistoso-independiente-3-a-0\/#main\" data-orig-file=\"https:\/\/www.hoymercedes.com.ar\/principal\/wp-content\/uploads\/2019\/01\/El-Fronton-amistoso-Independiente-3-a-0.jpg\" data-orig-size=\"1280,960\" data-comments-opened=\"0\" data-image-meta=\"{&quot;aperture&quot;:&quot;0&quot;,&quot;credit&quot;:&quot;&quot;,&quot;camera&quot;:&quot;&quot;,&quot;caption&quot;:&quot;&quot;,&quot;created_timestamp&quot;:&quot;0&quot;,&quot;copyright&quot;:&quot;&quot;,&quot;focal_length&quot;:&quot;0&quot;,&quot;iso&quot;:&quot;0&quot;,&quot;shutter_speed&quot;:&quot;0&quot;,&quot;title&quot;:&quot;&quot;,&quot;orientation&quot;:&quot;0&quot;}\" data-image-title=\"El Fronton amistoso Independiente 3 a 0\" data-image-description=\"\" data-image-caption=\"\" data-large-file=\"https:\/\/www.hoymercedes.com.ar\/principal\/wp-content\/uploads\/2019\/01\/El-Fronton-amistoso-Independiente-3-a-0-1024x768.jpg\" src=\"https:\/\/www.hoymercedes.com.ar\/principal\/wp-content\/uploads\/2019\/01\/El-Fronton-amistoso-Independiente-3-a-0-1024x768.jpg\" alt=\"\" class=\"wp-image-86793\" srcset=\"https:\/\/www.hoymercedes.com.ar\/principal\/wp-content\/uploads\/2019\/01\/El-Fronton-amistoso-Independiente-3-a-0-1024x768.jpg 1024w, https:\/\/www.hoymercedes.com.ar\/principal\/wp-content\/uploads\/2019\/01\/El-Fronton-amistoso-Independiente-3-a-0-150x113.jpg 150w, https:\/\/www.hoymercedes.com.ar\/principal\/wp-content\/uploads\/2019\/01\/El-Fronton-amistoso-Independiente-3-a-0-630x473.jpg 630w, https:\/\/www.hoymercedes.com.ar\/principal\/wp-content\/uploads\/2019\/01\/El-Fronton-amistoso-Independiente-3-a-0-320x240.jpg 320w, https:\/\/www.hoymercedes.com.ar\/principal\/wp-content\/uploads\/2019\/01\/El-Fronton-amistoso-Independiente-3-a-0-100x75.jpg 100w, https:\/\/www.hoymercedes.com.ar\/principal\/wp-content\/uploads\/2019\/01\/El-Fronton-amistoso-Independiente-3-a-0.jpg 1280w\" sizes=\"auto, (max-width: 1024px) 100vw, 1024px\" \/><\/figure>\n\n\n\n<p>Fue derrota 3 a 0 para el equipo de Germ\u00e1n Stopiello, que form\u00f3 con <br>Mat\u00edas Caputo, Vivas, Nicol\u00e1s Randazzo, Rold\u00e1n y Gabriel Barrientos; Marcelo Gonz\u00e1lez, Federico Grosso, Pedro Gussoni y Oscar Zapata; Carlos Schefer y Mat\u00edas Paolacci. <\/p>\n\n\n\n<p>Luego ingresaron Ezequiel T\u00e1mparo por Rold\u00e1n, el mercedino Marcelo Torre por Gussoni y el otro mercedino del equipo, Gino Jada Trau por Zapata. Los goles los marcaron Nicol\u00e1s Slimens, Jonathan Pacheco y Marcos Salvaggio de penal.<\/p>\n\n\n\n<p>Ahora se vienen otros amistosos, ante Sportivo Baradero primero y luego cerrar\u00e1 ante Defensores Unidos de Z\u00e1rate.<\/p>\n","protected":false},"excerpt":{"rendered":"<p>El conjunto de San Andr\u00e9s de Giles viaj\u00f3 a Chivilcoy para enfrentar a Independiente en lo que fue su tercer &#8230; <a title=\"Ante Independiente de Chivilcoy fue el tercer amistoso de El Front\u00f3n\" class=\"read-more\" href=\"https:\/\/www.hoymercedes.com.ar\/principal\/2019\/01\/13\/ante-independiente-de-chivilcoy-fue-el-tercer-amistoso-de-el-fronton\/\" aria-label=\"Leer m\u00e1s sobre Ante Independiente de Chivilcoy fue el tercer amistoso de El Front\u00f3n\">Leer m\u00e1s<\/a><\/p>\n","protected":false},"author":1,"featured_media":86793,"comment_status":"closed","ping_status":"open","sticky":false,"template":"","format":"standard","meta":{"_monsterinsights_skip_tracking":false,"_monsterinsights_sitenote_active":false,"_monsterinsights_sitenote_note":"","_monsterinsights_sitenote_category":0,"jetpack_post_was_ever_published":false,"_jetpack_newsletter_access":"","_jetpack_dont_email_post_to_subs":false,"_jetpack_newsletter_tier_id":0,"_jetpack_memberships_contains_paywalled_content":false,"_jetpack_memberships_contains_paid_content":false,"footnotes":"","jetpack_publicize_message":"","jetpack_publicize_feature_enabled":true,"jetpack_social_post_already_shared":true,"jetpack_social_options":{"image_generator_settings":{"template":"highway","default_image_id":0,"font":"","enabled":false},"version":2},"_wpas_customize_per_network":false},"categories":[21],"tags":[14255],"class_list":["post-86792","post","type-post","status-publish","format-standard","has-post-thumbnail","hentry","category-deportes","tag-regional-amateur","generate-columns","tablet-grid-50","mobile-grid-100","grid-parent","grid-50"],"jetpack_publicize_connections":[],"jetpack_featured_media_url":"https:\/\/www.hoymercedes.com.ar\/principal\/wp-content\/uploads\/2019\/01\/El-Fronton-amistoso-Independiente-3-a-0.jpg","wps_subtitle":"Regional Amateur","jetpack_sharing_enabled":true,"_links":{"self":[{"href":"https:\/\/www.hoymercedes.com.ar\/principal\/wp-json\/wp\/v2\/posts\/86792","targetHints":{"allow":["GET"]}}],"collection":[{"href":"https:\/\/www.hoymercedes.com.ar\/principal\/wp-json\/wp\/v2\/posts"}],"about":[{"href":"https:\/\/www.hoymercedes.com.ar\/principal\/wp-json\/wp\/v2\/types\/post"}],"author":[{"embeddable":true,"href":"https:\/\/www.hoymercedes.com.ar\/principal\/wp-json\/wp\/v2\/users\/1"}],"replies":[{"embeddable":true,"href":"https:\/\/www.hoymercedes.com.ar\/principal\/wp-json\/wp\/v2\/comments?post=86792"}],"version-history":[{"count":0,"href":"https:\/\/www.hoymercedes.com.ar\/principal\/wp-json\/wp\/v2\/posts\/86792\/revisions"}],"wp:featuredmedia":[{"embeddable":true,"href":"https:\/\/www.hoymercedes.com.ar\/principal\/wp-json\/wp\/v2\/media\/86793"}],"wp:attachment":[{"href":"https:\/\/www.hoymercedes.com.ar\/principal\/wp-json\/wp\/v2\/media?parent=86792"}],"wp:term":[{"taxonomy":"category","embeddable":true,"href":"https:\/\/www.hoymercedes.com.ar\/principal\/wp-json\/wp\/v2\/categories?post=86792"},{"taxonomy":"post_tag","embeddable":true,"href":"https:\/\/www.hoymercedes.com.ar\/principal\/wp-json\/wp\/v2\/tags?post=86792"}],"curies":[{"name":"wp","href":"https:\/\/api.w.org\/{rel}","templated":true}]}}