{"id":86821,"date":"2019-01-14T10:04:52","date_gmt":"2019-01-14T13:04:52","guid":{"rendered":"http:\/\/www.hoymercedes.com.ar\/principal\/?p=86821"},"modified":"2019-01-14T10:29:26","modified_gmt":"2019-01-14T13:29:26","slug":"acercarte-colmo-la-trocha","status":"publish","type":"post","link":"https:\/\/www.hoymercedes.com.ar\/principal\/2019\/01\/14\/acercarte-colmo-la-trocha\/","title":{"rendered":"AcercArte colm\u00f3 La Trocha"},"content":{"rendered":"\n<p>La edici\u00f3n local del programa provincial AcercArte que se realiz\u00f3 en el Centro Cultural La Trocha convoc\u00f3 a una multitud en dos jornadas de m\u00fasica, teatro, lecturas, talleres creativos, stand up y fiesta familiar. El s\u00e1bado con Axel, Facundo Arana y Soledad Silveyra como n\u00fameros principales y el domingo con Coti y Graciela Borges. <\/p>\n\n\n\n<figure class=\"wp-block-image\"><img loading=\"lazy\" decoding=\"async\" width=\"750\" height=\"422\" data-attachment-id=\"86825\" data-permalink=\"https:\/\/www.hoymercedes.com.ar\/principal\/2019\/01\/14\/acercarte-colmo-la-trocha\/14-acercarte-2\/#main\" data-orig-file=\"https:\/\/www.hoymercedes.com.ar\/principal\/wp-content\/uploads\/2019\/01\/14-acercarte-2.jpg\" data-orig-size=\"750,422\" data-comments-opened=\"0\" data-image-meta=\"{&quot;aperture&quot;:&quot;0&quot;,&quot;credit&quot;:&quot;&quot;,&quot;camera&quot;:&quot;&quot;,&quot;caption&quot;:&quot;&quot;,&quot;created_timestamp&quot;:&quot;0&quot;,&quot;copyright&quot;:&quot;&quot;,&quot;focal_length&quot;:&quot;0&quot;,&quot;iso&quot;:&quot;0&quot;,&quot;shutter_speed&quot;:&quot;0&quot;,&quot;title&quot;:&quot;&quot;,&quot;orientation&quot;:&quot;0&quot;}\" data-image-title=\"14 acercarte 2\" data-image-description=\"\" data-image-caption=\"\" data-large-file=\"https:\/\/www.hoymercedes.com.ar\/principal\/wp-content\/uploads\/2019\/01\/14-acercarte-2.jpg\" src=\"https:\/\/www.hoymercedes.com.ar\/principal\/wp-content\/uploads\/2019\/01\/14-acercarte-2.jpg\" alt=\"\" class=\"wp-image-86825\" srcset=\"https:\/\/www.hoymercedes.com.ar\/principal\/wp-content\/uploads\/2019\/01\/14-acercarte-2.jpg 750w, https:\/\/www.hoymercedes.com.ar\/principal\/wp-content\/uploads\/2019\/01\/14-acercarte-2-150x84.jpg 150w, https:\/\/www.hoymercedes.com.ar\/principal\/wp-content\/uploads\/2019\/01\/14-acercarte-2-630x354.jpg 630w\" sizes=\"auto, (max-width: 750px) 100vw, 750px\" \/><\/figure>\n\n\n\n<p>En la tarde de cada uno de los d\u00edas comenzaban las actividades en las diferentes carpas instaladas en el predio de Avenida 40 y calle 21. Lectura y entrevistas literarias en la biblioteca, talleres creativos y l\u00fadicos para los m\u00e1s peque\u00f1os. Danza y coreograf\u00edas para los j\u00f3venes como as\u00ed tambi\u00e9n arte en vivo. <\/p>\n\n\n\n<p>Tambi\u00e9n hubo cine m\u00f3vil, lecturas, stand up, lecturas, y juegos infantiles. Tanto el s\u00e1bado como el domingo, la m\u00fasica y el teatro colmaron las expectativas.  Axel en La Trocha, mientras que Soledad Silveyra y Facundo Arana convocaron el p\u00fablico del s\u00e1bado, mientras que el domingo Graciela Borges acompa\u00f1ada de Adriana Barcia, llenaba el teatro municipal y Coti hac\u00eda lo suyo en La Trocha.<\/p>\n\n\n\n<figure class=\"wp-block-image\"><img loading=\"lazy\" decoding=\"async\" width=\"750\" height=\"505\" data-attachment-id=\"86827\" data-permalink=\"https:\/\/www.hoymercedes.com.ar\/principal\/2019\/01\/14\/acercarte-colmo-la-trocha\/14-acercarte-3\/#main\" data-orig-file=\"https:\/\/www.hoymercedes.com.ar\/principal\/wp-content\/uploads\/2019\/01\/14-acercarte-3.jpg\" data-orig-size=\"750,505\" data-comments-opened=\"0\" data-image-meta=\"{&quot;aperture&quot;:&quot;0&quot;,&quot;credit&quot;:&quot;&quot;,&quot;camera&quot;:&quot;&quot;,&quot;caption&quot;:&quot;&quot;,&quot;created_timestamp&quot;:&quot;0&quot;,&quot;copyright&quot;:&quot;&quot;,&quot;focal_length&quot;:&quot;0&quot;,&quot;iso&quot;:&quot;0&quot;,&quot;shutter_speed&quot;:&quot;0&quot;,&quot;title&quot;:&quot;&quot;,&quot;orientation&quot;:&quot;0&quot;}\" data-image-title=\"14 acercarte 3\" data-image-description=\"\" data-image-caption=\"\" data-large-file=\"https:\/\/www.hoymercedes.com.ar\/principal\/wp-content\/uploads\/2019\/01\/14-acercarte-3.jpg\" src=\"https:\/\/www.hoymercedes.com.ar\/principal\/wp-content\/uploads\/2019\/01\/14-acercarte-3.jpg\" alt=\"\" class=\"wp-image-86827\" srcset=\"https:\/\/www.hoymercedes.com.ar\/principal\/wp-content\/uploads\/2019\/01\/14-acercarte-3.jpg 750w, https:\/\/www.hoymercedes.com.ar\/principal\/wp-content\/uploads\/2019\/01\/14-acercarte-3-150x101.jpg 150w, https:\/\/www.hoymercedes.com.ar\/principal\/wp-content\/uploads\/2019\/01\/14-acercarte-3-630x424.jpg 630w\" sizes=\"auto, (max-width: 750px) 100vw, 750px\" \/><\/figure>\n\n\n\n<p><strong>Autoridades<\/strong><\/p>\n\n\n\n<p> \u201cFue una gran fiesta familiar. Para los vecinos\u201d destac\u00f3 el Intendente Juan Ignacio Ustarroz acompa\u00f1ado en ambas jornadas por el Ministro de Gesti\u00f3n Cultural de la Provincia de Buenos Aires, Alejando G\u00f3mez. \u00abHubo un trabajo muy minucioso de ambos equipos, tanto de provincia y Municipio, se trabaj\u00f3 c\u00f3modamente, pensando en sacar el mayor beneficio para toda la ciudadan\u00eda con esta importante propuesta cultural\u201d. <\/p>\n\n\n\n<p>Por su parte, el Ministro bonaerense marc\u00f3 que fue un \u00abgran desaf\u00edo llevar a cabo un programa de esta magnitud, que acerca cultura de excelencia, en distintas disciplinas, a los bonaerenses. Trabajando en equipo con los municipios e incluyendo artistas provinciales. La propuesta es llegar a los 135 municipios, sin distinci\u00f3n de cantidad de habitantes o color pol\u00edtico. Creemos que el acceso a la cultura siempre posibilita el desarrollo de mejores personas y sociedades\u201d.<\/p>\n\n\n\n<figure class=\"wp-block-image\"><img loading=\"lazy\" decoding=\"async\" width=\"750\" height=\"421\" data-attachment-id=\"86826\" data-permalink=\"https:\/\/www.hoymercedes.com.ar\/principal\/2019\/01\/14\/acercarte-colmo-la-trocha\/14-acercarte-1\/#main\" data-orig-file=\"https:\/\/www.hoymercedes.com.ar\/principal\/wp-content\/uploads\/2019\/01\/14-acercarte-1.jpg\" data-orig-size=\"750,421\" data-comments-opened=\"0\" data-image-meta=\"{&quot;aperture&quot;:&quot;0&quot;,&quot;credit&quot;:&quot;&quot;,&quot;camera&quot;:&quot;&quot;,&quot;caption&quot;:&quot;&quot;,&quot;created_timestamp&quot;:&quot;0&quot;,&quot;copyright&quot;:&quot;&quot;,&quot;focal_length&quot;:&quot;0&quot;,&quot;iso&quot;:&quot;0&quot;,&quot;shutter_speed&quot;:&quot;0&quot;,&quot;title&quot;:&quot;&quot;,&quot;orientation&quot;:&quot;0&quot;}\" data-image-title=\"14 acercarte 1\" data-image-description=\"\" data-image-caption=\"\" data-large-file=\"https:\/\/www.hoymercedes.com.ar\/principal\/wp-content\/uploads\/2019\/01\/14-acercarte-1.jpg\" src=\"https:\/\/www.hoymercedes.com.ar\/principal\/wp-content\/uploads\/2019\/01\/14-acercarte-1.jpg\" alt=\"\" class=\"wp-image-86826\" srcset=\"https:\/\/www.hoymercedes.com.ar\/principal\/wp-content\/uploads\/2019\/01\/14-acercarte-1.jpg 750w, https:\/\/www.hoymercedes.com.ar\/principal\/wp-content\/uploads\/2019\/01\/14-acercarte-1-150x84.jpg 150w, https:\/\/www.hoymercedes.com.ar\/principal\/wp-content\/uploads\/2019\/01\/14-acercarte-1-630x354.jpg 630w\" sizes=\"auto, (max-width: 750px) 100vw, 750px\" \/><\/figure>\n\n\n\n<p><br><\/p>\n","protected":false},"excerpt":{"rendered":"<p>La edici\u00f3n local del programa provincial AcercArte que se realiz\u00f3 en el Centro Cultural La Trocha convoc\u00f3 a una multitud &#8230; <a title=\"AcercArte colm\u00f3 La Trocha\" class=\"read-more\" href=\"https:\/\/www.hoymercedes.com.ar\/principal\/2019\/01\/14\/acercarte-colmo-la-trocha\/\" aria-label=\"Leer m\u00e1s sobre AcercArte colm\u00f3 La Trocha\">Leer m\u00e1s<\/a><\/p>\n","protected":false},"author":1,"featured_media":86826,"comment_status":"closed","ping_status":"open","sticky":false,"template":"","format":"standard","meta":{"_monsterinsights_skip_tracking":false,"_monsterinsights_sitenote_active":false,"_monsterinsights_sitenote_note":"","_monsterinsights_sitenote_category":0,"jetpack_post_was_ever_published":false,"_jetpack_newsletter_access":"","_jetpack_dont_email_post_to_subs":false,"_jetpack_newsletter_tier_id":0,"_jetpack_memberships_contains_paywalled_content":false,"_jetpack_memberships_contains_paid_content":false,"footnotes":"","jetpack_publicize_message":"","jetpack_publicize_feature_enabled":true,"jetpack_social_post_already_shared":true,"jetpack_social_options":{"image_generator_settings":{"template":"highway","default_image_id":0,"font":"","enabled":false},"version":2},"_wpas_customize_per_network":false},"categories":[104],"tags":[14351,7805,3959,244,1803],"class_list":["post-86821","post","type-post","status-publish","format-standard","has-post-thumbnail","hentry","category-cultura","tag-acercarte","tag-cultura","tag-la-trocha","tag-municipio-2","tag-provincia","generate-columns","tablet-grid-50","mobile-grid-100","grid-parent","grid-50"],"jetpack_publicize_connections":[],"jetpack_featured_media_url":"https:\/\/www.hoymercedes.com.ar\/principal\/wp-content\/uploads\/2019\/01\/14-acercarte-1.jpg","wps_subtitle":"Durante los dos d\u00edas","jetpack_sharing_enabled":true,"_links":{"self":[{"href":"https:\/\/www.hoymercedes.com.ar\/principal\/wp-json\/wp\/v2\/posts\/86821","targetHints":{"allow":["GET"]}}],"collection":[{"href":"https:\/\/www.hoymercedes.com.ar\/principal\/wp-json\/wp\/v2\/posts"}],"about":[{"href":"https:\/\/www.hoymercedes.com.ar\/principal\/wp-json\/wp\/v2\/types\/post"}],"author":[{"embeddable":true,"href":"https:\/\/www.hoymercedes.com.ar\/principal\/wp-json\/wp\/v2\/users\/1"}],"replies":[{"embeddable":true,"href":"https:\/\/www.hoymercedes.com.ar\/principal\/wp-json\/wp\/v2\/comments?post=86821"}],"version-history":[{"count":0,"href":"https:\/\/www.hoymercedes.com.ar\/principal\/wp-json\/wp\/v2\/posts\/86821\/revisions"}],"wp:featuredmedia":[{"embeddable":true,"href":"https:\/\/www.hoymercedes.com.ar\/principal\/wp-json\/wp\/v2\/media\/86826"}],"wp:attachment":[{"href":"https:\/\/www.hoymercedes.com.ar\/principal\/wp-json\/wp\/v2\/media?parent=86821"}],"wp:term":[{"taxonomy":"category","embeddable":true,"href":"https:\/\/www.hoymercedes.com.ar\/principal\/wp-json\/wp\/v2\/categories?post=86821"},{"taxonomy":"post_tag","embeddable":true,"href":"https:\/\/www.hoymercedes.com.ar\/principal\/wp-json\/wp\/v2\/tags?post=86821"}],"curies":[{"name":"wp","href":"https:\/\/api.w.org\/{rel}","templated":true}]}}