{"id":86837,"date":"2019-01-13T15:30:41","date_gmt":"2019-01-13T18:30:41","guid":{"rendered":"http:\/\/www.hoymercedes.com.ar\/principal\/?p=86837"},"modified":"2019-01-14T10:39:57","modified_gmt":"2019-01-14T13:39:57","slug":"concluyo-obra-pluvial-en-31-entre-2-y-4","status":"publish","type":"post","link":"https:\/\/www.hoymercedes.com.ar\/principal\/2019\/01\/13\/concluyo-obra-pluvial-en-31-entre-2-y-4\/","title":{"rendered":"Concluy\u00f3 obra pluvial en 31 entre 2 y 4"},"content":{"rendered":"\n<p>El Municipio de Mercedes contin\u00faa con un importante plan de obras p\u00fablicas desplegado por toda la ciudad. En esta ocasi\u00f3n, el Jefe de Gabinete Municipal, Mat\u00edas Dematei, recorri\u00f3 la obra realizada en la calle 31, entre 2 y 4. Estos trabajos, que conllevan una extensa colocaci\u00f3n de ca\u00f1os de gran porte y construcci\u00f3n de c\u00e1maras desobstructoras, resolver\u00e1n un problema recurrente en la zona.<\/p>\n\n\n\n<figure class=\"wp-block-image\"><img loading=\"lazy\" decoding=\"async\" width=\"750\" height=\"422\" data-attachment-id=\"86838\" data-permalink=\"https:\/\/www.hoymercedes.com.ar\/principal\/2019\/01\/13\/concluyo-obra-pluvial-en-31-entre-2-y-4\/13-muni-obras3\/#main\" data-orig-file=\"https:\/\/www.hoymercedes.com.ar\/principal\/wp-content\/uploads\/2019\/01\/13-muni-obras3.png\" data-orig-size=\"750,422\" data-comments-opened=\"0\" data-image-meta=\"{&quot;aperture&quot;:&quot;0&quot;,&quot;credit&quot;:&quot;&quot;,&quot;camera&quot;:&quot;&quot;,&quot;caption&quot;:&quot;&quot;,&quot;created_timestamp&quot;:&quot;0&quot;,&quot;copyright&quot;:&quot;&quot;,&quot;focal_length&quot;:&quot;0&quot;,&quot;iso&quot;:&quot;0&quot;,&quot;shutter_speed&quot;:&quot;0&quot;,&quot;title&quot;:&quot;&quot;,&quot;orientation&quot;:&quot;0&quot;}\" data-image-title=\"13 muni obras3\" data-image-description=\"\" data-image-caption=\"\" data-large-file=\"https:\/\/www.hoymercedes.com.ar\/principal\/wp-content\/uploads\/2019\/01\/13-muni-obras3.png\" src=\"https:\/\/www.hoymercedes.com.ar\/principal\/wp-content\/uploads\/2019\/01\/13-muni-obras3.png\" alt=\"\" class=\"wp-image-86838\" srcset=\"https:\/\/www.hoymercedes.com.ar\/principal\/wp-content\/uploads\/2019\/01\/13-muni-obras3.png 750w, https:\/\/www.hoymercedes.com.ar\/principal\/wp-content\/uploads\/2019\/01\/13-muni-obras3-150x84.png 150w, https:\/\/www.hoymercedes.com.ar\/principal\/wp-content\/uploads\/2019\/01\/13-muni-obras3-630x354.png 630w\" sizes=\"auto, (max-width: 750px) 100vw, 750px\" \/><\/figure>\n\n\n\n<p>De esta manera, Mat\u00edas Dematei explic\u00f3 \u201clos vecinos de zona de la calle 4 entre Av. 29 y 31, los d\u00edas de lluvia sufr\u00edan diversos inconvenientes, entre ellos la abnegaci\u00f3n por la gran acumulaci\u00f3n de agua\u201d y agreg\u00f3 \u201cesto ocurr\u00eda porque el agua de lluvia de muchas calles cercanas desembocaban aqu\u00ed\u201d.<\/p>\n\n\n\n<p>\u201cEsta obra permitir\u00e1 que la misma desemboque en este pluvial, en donde se ha hecho un conducto de mayor di\u00e1metro que facilitar\u00e1 el escurrimiento r\u00e1pido y una mejor mantenci\u00f3n del mismo\u201d apunt\u00f3 Dematei y destac\u00f3 \u201cestos trabajos son gracias a la decisi\u00f3n del intendente Ustarroz y a la gran labor efectuada durante su gesti\u00f3n que permite tener una econom\u00eda saneada y dispuesta \u2013con recursos municipales- a salir a resolver los inconvenientes que en la ciudad se suscitan\u201d.&nbsp;<\/p>\n\n\n\n<p>Es importante destacar que todos estos trabajos se efect\u00faan con recursos municipales y se enmarcan dentro del plan de obras &#8211; por m\u00e1s de 100 millones de pesos- que la Municipalidad lleva adelante, la cual contempla pavimentos, construcci\u00f3n de espacios de salud, jardines y mejores estructurales por toda la ciudad.<\/p>\n\n\n\n<p>\u201cEsta es una obra de gran magnitud que solucionar\u00e1 de manera efectiva esta problem\u00e1tica que por muchos a\u00f1os aquej\u00f3 a los vecinos del lugar\u201d y asegur\u00f3 \u201ceste trabajo est\u00e1 enmarcado dentro del gran plan de obras que se viene ejecutando el municipio que derivan en soluciones concretas para los vecinos de Mercedes\u201d.<\/p>\n\n\n\n<p>\u201cAdem\u00e1s mejorar\u00e1 el ingreso, tanto a los alumnos como a la comunidad educativa, del colegio Industrial, quienes tambi\u00e9n se ve\u00edan perjudicados los d\u00edas de lluvia\u201d destac\u00f3 Dematei.\u00a0<\/p>\n\n\n\n<figure class=\"wp-block-image\"><img loading=\"lazy\" decoding=\"async\" width=\"750\" height=\"422\" data-attachment-id=\"86840\" data-permalink=\"https:\/\/www.hoymercedes.com.ar\/principal\/2019\/01\/13\/concluyo-obra-pluvial-en-31-entre-2-y-4\/13-muni-obras4\/#main\" data-orig-file=\"https:\/\/www.hoymercedes.com.ar\/principal\/wp-content\/uploads\/2019\/01\/13-muni-obras4.png\" data-orig-size=\"750,422\" data-comments-opened=\"0\" data-image-meta=\"{&quot;aperture&quot;:&quot;0&quot;,&quot;credit&quot;:&quot;&quot;,&quot;camera&quot;:&quot;&quot;,&quot;caption&quot;:&quot;&quot;,&quot;created_timestamp&quot;:&quot;0&quot;,&quot;copyright&quot;:&quot;&quot;,&quot;focal_length&quot;:&quot;0&quot;,&quot;iso&quot;:&quot;0&quot;,&quot;shutter_speed&quot;:&quot;0&quot;,&quot;title&quot;:&quot;&quot;,&quot;orientation&quot;:&quot;0&quot;}\" data-image-title=\"13 muni obras4\" data-image-description=\"\" data-image-caption=\"\" data-large-file=\"https:\/\/www.hoymercedes.com.ar\/principal\/wp-content\/uploads\/2019\/01\/13-muni-obras4.png\" src=\"https:\/\/www.hoymercedes.com.ar\/principal\/wp-content\/uploads\/2019\/01\/13-muni-obras4.png\" alt=\"\" class=\"wp-image-86840\" srcset=\"https:\/\/www.hoymercedes.com.ar\/principal\/wp-content\/uploads\/2019\/01\/13-muni-obras4.png 750w, https:\/\/www.hoymercedes.com.ar\/principal\/wp-content\/uploads\/2019\/01\/13-muni-obras4-150x84.png 150w, https:\/\/www.hoymercedes.com.ar\/principal\/wp-content\/uploads\/2019\/01\/13-muni-obras4-630x354.png 630w\" sizes=\"auto, (max-width: 750px) 100vw, 750px\" \/><\/figure>\n\n\n\n<p><br><\/p>\n","protected":false},"excerpt":{"rendered":"<p>El Municipio de Mercedes contin\u00faa con un importante plan de obras p\u00fablicas desplegado por toda la ciudad. En esta ocasi\u00f3n, &#8230; <a title=\"Concluy\u00f3 obra pluvial en 31 entre 2 y 4\" class=\"read-more\" href=\"https:\/\/www.hoymercedes.com.ar\/principal\/2019\/01\/13\/concluyo-obra-pluvial-en-31-entre-2-y-4\/\" aria-label=\"Leer m\u00e1s sobre Concluy\u00f3 obra pluvial en 31 entre 2 y 4\">Leer m\u00e1s<\/a><\/p>\n","protected":false},"author":1,"featured_media":86840,"comment_status":"closed","ping_status":"open","sticky":false,"template":"","format":"standard","meta":{"_monsterinsights_skip_tracking":false,"_monsterinsights_sitenote_active":false,"_monsterinsights_sitenote_note":"","_monsterinsights_sitenote_category":0,"jetpack_post_was_ever_published":false,"_jetpack_newsletter_access":"","_jetpack_dont_email_post_to_subs":false,"_jetpack_newsletter_tier_id":0,"_jetpack_memberships_contains_paywalled_content":false,"_jetpack_memberships_contains_paid_content":false,"footnotes":"","jetpack_publicize_message":"","jetpack_publicize_feature_enabled":true,"jetpack_social_post_already_shared":true,"jetpack_social_options":{"image_generator_settings":{"template":"highway","default_image_id":0,"font":"","enabled":false},"version":2},"_wpas_customize_per_network":false},"categories":[30],"tags":[5947],"class_list":["post-86837","post","type-post","status-publish","format-standard","has-post-thumbnail","hentry","category-municipio","tag-obras-publicas","generate-columns","tablet-grid-50","mobile-grid-100","grid-parent","grid-50"],"jetpack_publicize_connections":[],"jetpack_featured_media_url":"https:\/\/www.hoymercedes.com.ar\/principal\/wp-content\/uploads\/2019\/01\/13-muni-obras4.png","wps_subtitle":"Servicios p\u00fablicos","jetpack_sharing_enabled":true,"_links":{"self":[{"href":"https:\/\/www.hoymercedes.com.ar\/principal\/wp-json\/wp\/v2\/posts\/86837","targetHints":{"allow":["GET"]}}],"collection":[{"href":"https:\/\/www.hoymercedes.com.ar\/principal\/wp-json\/wp\/v2\/posts"}],"about":[{"href":"https:\/\/www.hoymercedes.com.ar\/principal\/wp-json\/wp\/v2\/types\/post"}],"author":[{"embeddable":true,"href":"https:\/\/www.hoymercedes.com.ar\/principal\/wp-json\/wp\/v2\/users\/1"}],"replies":[{"embeddable":true,"href":"https:\/\/www.hoymercedes.com.ar\/principal\/wp-json\/wp\/v2\/comments?post=86837"}],"version-history":[{"count":0,"href":"https:\/\/www.hoymercedes.com.ar\/principal\/wp-json\/wp\/v2\/posts\/86837\/revisions"}],"wp:featuredmedia":[{"embeddable":true,"href":"https:\/\/www.hoymercedes.com.ar\/principal\/wp-json\/wp\/v2\/media\/86840"}],"wp:attachment":[{"href":"https:\/\/www.hoymercedes.com.ar\/principal\/wp-json\/wp\/v2\/media?parent=86837"}],"wp:term":[{"taxonomy":"category","embeddable":true,"href":"https:\/\/www.hoymercedes.com.ar\/principal\/wp-json\/wp\/v2\/categories?post=86837"},{"taxonomy":"post_tag","embeddable":true,"href":"https:\/\/www.hoymercedes.com.ar\/principal\/wp-json\/wp\/v2\/tags?post=86837"}],"curies":[{"name":"wp","href":"https:\/\/api.w.org\/{rel}","templated":true}]}}