{"id":8684,"date":"2011-10-27T11:45:35","date_gmt":"2011-10-27T11:45:35","guid":{"rendered":"http:\/\/www.hoymercedes.com.ar\/principal\/?p=8684"},"modified":"2011-10-27T11:49:02","modified_gmt":"2011-10-27T11:49:02","slug":"concejo-deliberante-da-prorroga-al-ejecutivo-para-presentar-el-presupuesto","status":"publish","type":"post","link":"https:\/\/www.hoymercedes.com.ar\/principal\/2011\/10\/27\/concejo-deliberante-da-prorroga-al-ejecutivo-para-presentar-el-presupuesto\/","title":{"rendered":"Concejo Deliberante da pr\u00f3rroga al ejecutivo para presentar el presupuesto"},"content":{"rendered":"<figure id=\"attachment_8691\" aria-describedby=\"caption-attachment-8691\" style=\"width: 340px\" class=\"wp-caption alignleft\"><a href=\"https:\/\/www.hoymercedes.com.ar\/principal\/wp-content\/uploads\/2011\/10\/ConcejoDeliberante.jpg\"><img loading=\"lazy\" decoding=\"async\" data-attachment-id=\"8691\" data-permalink=\"https:\/\/www.hoymercedes.com.ar\/principal\/2011\/10\/27\/concejo-deliberante-da-prorroga-al-ejecutivo-para-presentar-el-presupuesto\/concejodeliberante-3\/#main\" data-orig-file=\"https:\/\/www.hoymercedes.com.ar\/principal\/wp-content\/uploads\/2011\/10\/ConcejoDeliberante.jpg\" data-orig-size=\"350,263\" data-comments-opened=\"1\" data-image-meta=\"{&quot;aperture&quot;:&quot;3.4&quot;,&quot;credit&quot;:&quot;&quot;,&quot;camera&quot;:&quot;COOLPIX L10&quot;,&quot;caption&quot;:&quot;&quot;,&quot;created_timestamp&quot;:&quot;1319464699&quot;,&quot;copyright&quot;:&quot;Copyright 2006&quot;,&quot;focal_length&quot;:&quot;9&quot;,&quot;iso&quot;:&quot;400&quot;,&quot;shutter_speed&quot;:&quot;0.016666666666667&quot;,&quot;title&quot;:&quot;&quot;}\" data-image-title=\"ConcejoDeliberante\" data-image-description=\"&lt;p&gt;Concejo Deliberante&lt;\/p&gt;\n\" data-image-caption=\"\" data-large-file=\"https:\/\/www.hoymercedes.com.ar\/principal\/wp-content\/uploads\/2011\/10\/ConcejoDeliberante.jpg\" class=\"size-full wp-image-8691\" title=\"ConcejoDeliberante\" src=\"https:\/\/www.hoymercedes.com.ar\/principal\/wp-content\/uploads\/2011\/10\/ConcejoDeliberante.jpg\" alt=\"\" width=\"350\" height=\"263\" \/><\/a><figcaption id=\"caption-attachment-8691\" class=\"wp-caption-text\">ConcejoDeliberante<\/figcaption><\/figure>\n<p>Se le otorg\u00f3 al departamento Ejecutivo un plazo adicional de treinta d\u00edas corridos para que presente el proyecto de Calculo de Recursos y Gatos para el ejercicio 2012 tal como lo indica la Ley Org\u00e1nica de los Municipios.<\/p>\n<p>El Honorable Concejo Deliberante de nuestra ciudad acept\u00f3 ayer por unanimidad otorgar una pr\u00f3rroga de treinta d\u00edas para que el departamento Ejecutivo pueda presentar el Proyecto de C\u00e1lculo de Recursos y Gastos correspondiente al a\u00f1o 2012, cuyo plazo de presentaci\u00f3n de acuerdo a lo dispuesto por la Ley Org\u00e1nica de las Municipalidad vence el 31 de octubre.<\/p>\n<p>En la nota presentada ante el Cuerpo Deliberativo por parte del Secretario de Econom\u00eda y Hacienda Contador Rodolfo Berardo se dan las explicaciones de las causas que originaron el pedido efectuado siendo los mismos \u201cel atraso de la confecci\u00f3n de sus c\u00e1lculos en las diferentes \u00e1reas que forman el Departamento Ejecutivo debido a dos motivos; a) la aparici\u00f3n por primera vez del m\u00f3dulo de RAFAN de Administraci\u00f3n por Personas con su operatoria totalmente diferente al sistema que se ven\u00eda empleando en el Centro de C\u00f3mputos con necesidades de programaci\u00f3n y capacitaci\u00f3n de parte de la empresa con la que se implement\u00f3 en julio de 2011 y b) una reevaluaci\u00f3n de las estructuras program\u00e1ticas y de las misiones y funciones de cada una de las \u00e1reas de trabajo, tarea que est\u00e1 en la etapa de conclusi\u00f3n\u201d.<\/p>\n<p>Por otra parte el Cuerpo Deliberativo tambi\u00e9n abordo un proyecto de Ordenanza elevado por el Departamento Ejecutivo con la firma del Secretario de Obras y Servicios P\u00fablicos Ing. Gustavo Salomone y el jefe comunal Carlos Selva para que se autorice la donaci\u00f3n al Instituto Nacional de Tecnolog\u00eda Agropecuaria (INTA) un lote de terreno de la reserva fiscal ubicado en la esquina de calles 3 y 36 con destino a ser utilizado para la construcci\u00f3n en el mismo de la nueva sede de la Agencia de Extensi\u00f3n Rural INTA Mercedes con una cl\u00e1usula que establece un tiempo de 12 meses a partir de la firma de la escritura traslativa de dominio y dicho plazo nunca deber\u00e1 ser mayor a los treinta y Seis (36) meses a partir de la promulgaci\u00f3n de ordenanza sancionada, caso contrario quedar\u00e1 autom\u00e1ticamente sin efecto la donaci\u00f3n efectuada.<\/p>\n<p>Vale la pena recordar que en la actualidad la sede de la Agencia Local de Extensi\u00f3n rural del INTA se encuentra funcionando en una de las oficinas pertenecientes al Municipio ubicada en la planta alta de la Estaci\u00f3n Centralizadora de \u00d3mnibus.<\/p>\n<p>La particularidad de la sesi\u00f3n efectuada ayer fue que en la barra se hicieron presentes un grupo de j\u00f3venes de ambos sexo pertenecientes a la Agrupaci\u00f3n 17 de Octubre, la liderada por Carlos Selva.<\/p>\n<p>La totalidad de las chicas ten\u00edan colocada una remera con la inscripci\u00f3n Carlos Selva 2011y seg\u00fan sostuvieron \u201cno vinimos con \u00e1nimo de provocar a nadie, solo de festejar con los integrantes de nuestro bloque la victoria obtenida el domingo pasado\u201d permaneciendo correctamente ubicados durante el desarrollo de la reuni\u00f3n.<\/p>\n","protected":false},"excerpt":{"rendered":"<p>Se le otorg\u00f3 al departamento Ejecutivo un plazo adicional de treinta d\u00edas corridos para que presente el proyecto de Calculo &#8230; <a title=\"Concejo Deliberante da pr\u00f3rroga al ejecutivo para presentar el presupuesto\" class=\"read-more\" href=\"https:\/\/www.hoymercedes.com.ar\/principal\/2011\/10\/27\/concejo-deliberante-da-prorroga-al-ejecutivo-para-presentar-el-presupuesto\/\" aria-label=\"Leer m\u00e1s sobre Concejo Deliberante da pr\u00f3rroga al ejecutivo para presentar el presupuesto\">Leer m\u00e1s<\/a><\/p>\n","protected":false},"author":1,"featured_media":0,"comment_status":"open","ping_status":"open","sticky":false,"template":"","format":"standard","meta":{"_monsterinsights_skip_tracking":false,"_monsterinsights_sitenote_active":false,"_monsterinsights_sitenote_note":"","_monsterinsights_sitenote_category":0,"jetpack_post_was_ever_published":false,"_jetpack_newsletter_access":"","_jetpack_dont_email_post_to_subs":false,"_jetpack_newsletter_tier_id":0,"_jetpack_memberships_contains_paywalled_content":false,"_jetpack_memberships_contains_paid_content":false,"footnotes":"","jetpack_publicize_message":"","jetpack_publicize_feature_enabled":true,"jetpack_social_post_already_shared":false,"jetpack_social_options":{"image_generator_settings":{"template":"highway","default_image_id":0,"font":"","enabled":false},"version":2},"_wpas_customize_per_network":false},"categories":[5],"tags":[236],"class_list":["post-8684","post","type-post","status-publish","format-standard","hentry","category-politica","tag-concejo-deliberante","generate-columns","tablet-grid-50","mobile-grid-100","grid-parent","grid-50"],"jetpack_publicize_connections":[],"jetpack_featured_media_url":"","wps_subtitle":"","jetpack_sharing_enabled":true,"_links":{"self":[{"href":"https:\/\/www.hoymercedes.com.ar\/principal\/wp-json\/wp\/v2\/posts\/8684","targetHints":{"allow":["GET"]}}],"collection":[{"href":"https:\/\/www.hoymercedes.com.ar\/principal\/wp-json\/wp\/v2\/posts"}],"about":[{"href":"https:\/\/www.hoymercedes.com.ar\/principal\/wp-json\/wp\/v2\/types\/post"}],"author":[{"embeddable":true,"href":"https:\/\/www.hoymercedes.com.ar\/principal\/wp-json\/wp\/v2\/users\/1"}],"replies":[{"embeddable":true,"href":"https:\/\/www.hoymercedes.com.ar\/principal\/wp-json\/wp\/v2\/comments?post=8684"}],"version-history":[{"count":0,"href":"https:\/\/www.hoymercedes.com.ar\/principal\/wp-json\/wp\/v2\/posts\/8684\/revisions"}],"wp:attachment":[{"href":"https:\/\/www.hoymercedes.com.ar\/principal\/wp-json\/wp\/v2\/media?parent=8684"}],"wp:term":[{"taxonomy":"category","embeddable":true,"href":"https:\/\/www.hoymercedes.com.ar\/principal\/wp-json\/wp\/v2\/categories?post=8684"},{"taxonomy":"post_tag","embeddable":true,"href":"https:\/\/www.hoymercedes.com.ar\/principal\/wp-json\/wp\/v2\/tags?post=8684"}],"curies":[{"name":"wp","href":"https:\/\/api.w.org\/{rel}","templated":true}]}}