{"id":86856,"date":"2019-01-14T20:55:13","date_gmt":"2019-01-14T23:55:13","guid":{"rendered":"http:\/\/www.hoymercedes.com.ar\/principal\/?p=86856"},"modified":"2019-01-14T20:55:31","modified_gmt":"2019-01-14T23:55:31","slug":"el-cone-es-imbatible-en-la-zona-a-en-la-b-hay-dos-lideres","status":"publish","type":"post","link":"https:\/\/www.hoymercedes.com.ar\/principal\/2019\/01\/14\/el-cone-es-imbatible-en-la-zona-a-en-la-b-hay-dos-lideres\/","title":{"rendered":"El Cone es imbatible en la zona A, en la B hay dos l\u00edderes"},"content":{"rendered":"\n<p>Los primeros de cada grupo siguen cumpliendo con el deber de ganar y lo consiguen. En cuanto a los mayores, arranc\u00f3 el certamen nocturno de verano.<\/p>\n\n\n\n<figure class=\"wp-block-image\"><img loading=\"lazy\" decoding=\"async\" width=\"1024\" height=\"768\" data-attachment-id=\"86857\" data-permalink=\"https:\/\/www.hoymercedes.com.ar\/principal\/2019\/01\/14\/el-cone-es-imbatible-en-la-zona-a-en-la-b-hay-dos-lideres\/la-cortada-jpg\/#main\" data-orig-file=\"https:\/\/www.hoymercedes.com.ar\/principal\/wp-content\/uploads\/2019\/01\/La-Cortada.jpg.jpg\" data-orig-size=\"1032,774\" data-comments-opened=\"0\" data-image-meta=\"{&quot;aperture&quot;:&quot;0&quot;,&quot;credit&quot;:&quot;&quot;,&quot;camera&quot;:&quot;&quot;,&quot;caption&quot;:&quot;&quot;,&quot;created_timestamp&quot;:&quot;0&quot;,&quot;copyright&quot;:&quot;&quot;,&quot;focal_length&quot;:&quot;0&quot;,&quot;iso&quot;:&quot;0&quot;,&quot;shutter_speed&quot;:&quot;0&quot;,&quot;title&quot;:&quot;&quot;,&quot;orientation&quot;:&quot;0&quot;}\" data-image-title=\"La Cortada.jpg\" data-image-description=\"\" data-image-caption=\"\" data-large-file=\"https:\/\/www.hoymercedes.com.ar\/principal\/wp-content\/uploads\/2019\/01\/La-Cortada.jpg-1024x768.jpg\" src=\"https:\/\/www.hoymercedes.com.ar\/principal\/wp-content\/uploads\/2019\/01\/La-Cortada.jpg-1024x768.jpg\" alt=\"\" class=\"wp-image-86857\" srcset=\"https:\/\/www.hoymercedes.com.ar\/principal\/wp-content\/uploads\/2019\/01\/La-Cortada.jpg-1024x768.jpg 1024w, https:\/\/www.hoymercedes.com.ar\/principal\/wp-content\/uploads\/2019\/01\/La-Cortada.jpg-150x113.jpg 150w, https:\/\/www.hoymercedes.com.ar\/principal\/wp-content\/uploads\/2019\/01\/La-Cortada.jpg-630x473.jpg 630w, https:\/\/www.hoymercedes.com.ar\/principal\/wp-content\/uploads\/2019\/01\/La-Cortada.jpg-320x240.jpg 320w, https:\/\/www.hoymercedes.com.ar\/principal\/wp-content\/uploads\/2019\/01\/La-Cortada.jpg-100x75.jpg 100w, https:\/\/www.hoymercedes.com.ar\/principal\/wp-content\/uploads\/2019\/01\/La-Cortada.jpg.jpg 1032w\" sizes=\"auto, (max-width: 1024px) 100vw, 1024px\" \/><\/figure>\n\n\n\n<p>Dentro del impecable predio del Sindicato de la Carne Mercedes volvi\u00f3 a vibrar el buen f\u00fatbol que muestran los menores y los mayores, ambos torneo organizados bajo el mando y la buena predisposici\u00f3n de Walter Banega. Fue otra tarde con grandes encuentros, goleadas, partidazos, y sorpresas en las respectivas zonas. En lo que correspondi\u00f3 a las goleadas, las mismas fueron protagonizadas por el Barrio San Mart\u00edn y los j\u00f3venes del Puty Club-T\u00edo P\u00e1jaro. Como se mencion\u00f3 anteriormente, El Cone volvi\u00f3 a sumar las dos unidades y comanda en soledad. Por la otra llave, la B, quienes est\u00e1n en la cima son los Galgueros y justamente San Mart\u00edn.<\/p>\n\n\n\n<p>Golpearon duro:<\/p>\n\n\n\n<p>Con todo sali\u00f3 al campo de juega la muchachada de San Mart\u00edn, desde el inicio del match apabull\u00f3 a su contrincante, La Pasta de Juan. Con fe y perseverancia, r\u00e1pidamente anotaron cinco tantos para liquidar el pleito. Los del Barrio vienen dulces en cuanto a las anotaciones, diez goles en dos encuentros disputados, y ya comienzan a perfilarse como candidatos a clasificar de ronda. La otra lluvia de tantos se vio en el duelo que tuvo de un lado del verde c\u00e9sped al Puty Club-T\u00edo P\u00e1jaro ante Verduler\u00eda Roc\u00edo. En la jornada anterior, El Puty Club-T\u00edo P\u00e1jaro recibi\u00f3 seis tantos, ahora dio vuelta la p\u00e1gina y le concret\u00f3 seis a su adversario. Alberto Gauna fue la figura del partido, ya que se hizo de un magn\u00edfico Hat-Trick. Verduler\u00eda Roc\u00edo pudo descontar en dos ocasiones.<\/p>\n\n\n\n<p>Un triunfo m\u00e1s para Galgueros:<\/p>\n\n\n\n<p>Acostumbrados a ganar en lo que va del torneo, Galgueros sum\u00f3 su tercera victoria al hilo. Esta vez su v\u00edctima fue Carnicer\u00eda la 11-Refrigeraci\u00f3n D&amp;N. El poderoso Galgueros supo desequilibrar la balanza en el momento justo para debilitar a su rival. El marcador final fue dos a cero. El otro primero de la zona B se sac\u00f3 de encima al vigente sub-campe\u00f3n y no le permiti\u00f3 despegarse del fondo de la tabla de posiciones.<\/p>\n\n\n\n<figure class=\"wp-block-image\"><img loading=\"lazy\" decoding=\"async\" width=\"768\" height=\"1024\" data-attachment-id=\"86858\" data-permalink=\"https:\/\/www.hoymercedes.com.ar\/principal\/2019\/01\/14\/el-cone-es-imbatible-en-la-zona-a-en-la-b-hay-dos-lideres\/los-pibes-jpg\/#main\" data-orig-file=\"https:\/\/www.hoymercedes.com.ar\/principal\/wp-content\/uploads\/2019\/01\/Los-Pibes.jpg.jpg\" data-orig-size=\"774,1032\" data-comments-opened=\"0\" data-image-meta=\"{&quot;aperture&quot;:&quot;0&quot;,&quot;credit&quot;:&quot;&quot;,&quot;camera&quot;:&quot;&quot;,&quot;caption&quot;:&quot;&quot;,&quot;created_timestamp&quot;:&quot;0&quot;,&quot;copyright&quot;:&quot;&quot;,&quot;focal_length&quot;:&quot;0&quot;,&quot;iso&quot;:&quot;0&quot;,&quot;shutter_speed&quot;:&quot;0&quot;,&quot;title&quot;:&quot;&quot;,&quot;orientation&quot;:&quot;0&quot;}\" data-image-title=\"Los Pibes.jpg\" data-image-description=\"\" data-image-caption=\"\" data-large-file=\"https:\/\/www.hoymercedes.com.ar\/principal\/wp-content\/uploads\/2019\/01\/Los-Pibes.jpg-768x1024.jpg\" src=\"https:\/\/www.hoymercedes.com.ar\/principal\/wp-content\/uploads\/2019\/01\/Los-Pibes.jpg-768x1024.jpg\" alt=\"\" class=\"wp-image-86858\" srcset=\"https:\/\/www.hoymercedes.com.ar\/principal\/wp-content\/uploads\/2019\/01\/Los-Pibes.jpg-768x1024.jpg 768w, https:\/\/www.hoymercedes.com.ar\/principal\/wp-content\/uploads\/2019\/01\/Los-Pibes.jpg-113x150.jpg 113w, https:\/\/www.hoymercedes.com.ar\/principal\/wp-content\/uploads\/2019\/01\/Los-Pibes.jpg-465x620.jpg 465w, https:\/\/www.hoymercedes.com.ar\/principal\/wp-content\/uploads\/2019\/01\/Los-Pibes.jpg.jpg 774w\" sizes=\"auto, (max-width: 768px) 100vw, 768px\" \/><\/figure>\n\n\n\n<p>Victorias importantes:<\/p>\n\n\n\n<p>El Cone los mira desde arriba a todos. Los dirigidos por Dar\u00edo Ravassa siguen con la efectividad del 100%. Le toc\u00f3 saltar al campo de batalla contra uno de los teams debutantes, Rest\u00f3 Ravello. Sin dudas la experiencia, la jerarqu\u00eda individual y colectiva del Cone pes\u00f3 m\u00e1s y gan\u00f3 tres a uno. El destacado fue Diego S\u00e1nchez, quien anot\u00f3 en dos oportunidades. Los Pibes no quieren que los de arriba se escapen, asique hizo bien los tr\u00e1mites y sali\u00f3 victorioso por tres a cero ante Vadex Shop Jun\u00edn; ahora est\u00e1n a dos puntos de la cima. Finalmente Estudio Jur\u00eddico Pagano-Poggio y El Rejunte ganaron por<\/p>\n\n\n\n<p>la m\u00ednima diferencia. Los del estudio fueron los verdugos del Bosquecito-Peluquer\u00eda Juan Cesar por uno a cero, mientras que El Rejunte, actual campe\u00f3n, le gan\u00f3 dos a uno a De Rabona.<\/p>\n\n\n\n<p>Uno para cada uno<\/p>\n\n\n\n<p>El \u00fanico empate que se registr\u00f3 en otra jornada m\u00e1s de s\u00e1bado fue el que protagonizaron Quilmes y GS Repuestos. Para la gente de Quilmes fue una enorme igualdad ante uno de los \u201cgigantes\u201d que tiene el sindicato. Todo fue dos a dos.<\/p>\n\n\n\n<p>Copa Goodyear Neum\u00e1ticos<\/p>\n\n\n\n<p>Con un total de seis conjuntos, con la modalidad de todos contra todos ida y vuelta, ya est\u00e1 en marcha el nocturno de verano para los m\u00e1s grandes del complejo. En primera instancia, La Cortada y Lo Jarrones brindaron un verdadero festival de goles; tres para cada bando. Luego, Electromec\u00e1nica Zunino arranc\u00f3 con el pie derecho su camino en el certamen m\u00e1ster. Despach\u00f3 a Goodyear Neum\u00e1ticos por uno contundente tres a uno. Por \u00faltimo, m\u00e1s all\u00e1 del uno a uno, Consultorio Nuestra Se\u00f1ora se le plant\u00f3 de igual a igual al Rejunte, que tuvo que sacar a relucir un poco m\u00e1s de lo habitual su buen nivel, pero casi se va derrotado.<\/p>\n\n\n\n<p>Resultados completos Copa Mercedes Deportes:<\/p>\n\n\n\n<p>La Pasta de Juan: 0<\/p>\n\n\n\n<p>Barrio San Mart\u00edn: 5 (Diego Maiorana 2, Nicol\u00e1s Montenegro, Hern\u00e1n Gonz\u00e1lez 2)<\/p>\n\n\n\n<p>Los Pibes: 3 (Carlos Larrea, Braian Lucero, Lautaro Mart\u00ednez)<\/p>\n\n\n\n<p>Vadex Shop Jun\u00edn: 0<\/p>\n\n\n\n<p>Carnicer\u00eda la 11: 0<\/p>\n\n\n\n<p>Galgueros: 2 (Lucas Ch\u00e1vez, Maximiliano Russi)<\/p>\n\n\n\n<p>Estudio Jur\u00eddico Pagano-Poggio: 1 (Gonzalo Guerra)<\/p>\n\n\n\n<p>El Bosquecito-Peluquer\u00eda Juan Cesar: 0<\/p>\n\n\n\n<p>Quilmes: 2 (Claudio Pollero, Gustavo Bondanza)<\/p>\n\n\n\n<p>GS Repuestos: 2 (Juan Montero 2)<\/p>\n\n\n\n<p>Rest\u00f3 Ravello: 1 (Pablo Marconi)<\/p>\n\n\n\n<p>El Cone: 3 (Mariano Guzm\u00e1n, Diego S\u00e1nchez 2)<\/p>\n\n\n\n<p>Puty Club-T\u00edo P\u00e1jaro: 6 (Alberto Gauna 3, Daniel Paj\u00f3n, Franco Irusta)<\/p>\n\n\n\n<p>Verduler\u00eda Roc\u00edo: 2 (Nicol\u00e1s \u00c1vila, Luciano Lecouna)<\/p>\n\n\n\n<p>De Rabona: 1 (Luis Santilli)<\/p>\n\n\n\n<p>El Rejunte: 2 (Gast\u00f3n Garc\u00eda, Pedro Larrea)<\/p>\n\n\n\n<p>Resultado completos Copa Goodyear Neum\u00e1ticos:<\/p>\n\n\n\n<p>La Cortada: 3 (Ariel Antunes, Claudio G\u00f3mez, Pablo Boragno)<\/p>\n\n\n\n<p>Lo Jarrones: 3 (Diego Bola 2, Pablo Quiroga)<\/p>\n\n\n\n<p>Goodyear Neum\u00e1ticos: 1 (Luciano Apariente)<\/p>\n\n\n\n<p>Electromec\u00e1nica Zunino: 3 (Leonardo Martino, Carlos Juan 2)<\/p>\n\n\n\n<p>El Rejunte: 1 (Facundo Portillo)<\/p>\n\n\n\n<p>Consultorio Nuestra Se\u00f1ora: 1 (Horacio Sotelo)<\/p>\n","protected":false},"excerpt":{"rendered":"<p>Los primeros de cada grupo siguen cumpliendo con el deber de ganar y lo consiguen. En cuanto a los mayores, &#8230; <a title=\"El Cone es imbatible en la zona A, en la B hay dos l\u00edderes\" class=\"read-more\" href=\"https:\/\/www.hoymercedes.com.ar\/principal\/2019\/01\/14\/el-cone-es-imbatible-en-la-zona-a-en-la-b-hay-dos-lideres\/\" aria-label=\"Leer m\u00e1s sobre El Cone es imbatible en la zona A, en la B hay dos l\u00edderes\">Leer m\u00e1s<\/a><\/p>\n","protected":false},"author":1,"featured_media":86857,"comment_status":"closed","ping_status":"open","sticky":false,"template":"","format":"standard","meta":{"_monsterinsights_skip_tracking":false,"_monsterinsights_sitenote_active":false,"_monsterinsights_sitenote_note":"","_monsterinsights_sitenote_category":0,"jetpack_post_was_ever_published":false,"_jetpack_newsletter_access":"","_jetpack_dont_email_post_to_subs":false,"_jetpack_newsletter_tier_id":0,"_jetpack_memberships_contains_paywalled_content":false,"_jetpack_memberships_contains_paid_content":false,"footnotes":"","jetpack_publicize_message":"","jetpack_publicize_feature_enabled":true,"jetpack_social_post_already_shared":true,"jetpack_social_options":{"image_generator_settings":{"template":"highway","default_image_id":0,"font":"","enabled":false},"version":2},"_wpas_customize_per_network":false},"categories":[21],"tags":[12957,1789],"class_list":["post-86856","post","type-post","status-publish","format-standard","has-post-thumbnail","hentry","category-deportes","tag-futbol-amateur","tag-sindicato-de-la-carne","generate-columns","tablet-grid-50","mobile-grid-100","grid-parent","grid-50"],"jetpack_publicize_connections":[],"jetpack_featured_media_url":"https:\/\/www.hoymercedes.com.ar\/principal\/wp-content\/uploads\/2019\/01\/La-Cortada.jpg.jpg","wps_subtitle":"Sindicato de la Carne","jetpack_sharing_enabled":true,"jetpack-related-posts":[{"id":77749,"url":"https:\/\/www.hoymercedes.com.ar\/principal\/2018\/06\/26\/bicicleteria-mer-bike-polirubros-santino-campeon-con-goleada\/","url_meta":{"origin":86856,"position":0},"title":"Bicicleter\u00eda Mer Bike-Polirubros Santino campe\u00f3n con goleada","author":"hoymercedes","date":"26 junio, 2018","format":false,"excerpt":"El team de veteranos super\u00f3 a la Cortada, y con eso le alcanz\u00f3 para alzar la copa. En menores hay uno solo nombre que se destaca, GS Repuestos. Se cerr\u00f3 otra participaci\u00f3n m\u00e1s para el certamen de veteranos del complejo del Sindicato de la Carne Mercedes, organizado por Walter Banega.\u2026","rel":"","context":"En \u00abDeportes\u00bb","block_context":{"text":"Deportes","link":"https:\/\/www.hoymercedes.com.ar\/principal\/category\/deportes\/"},"img":{"alt_text":"","src":"https:\/\/i0.wp.com\/www.hoymercedes.com.ar\/principal\/wp-content\/uploads\/2018\/06\/bici.jpeg?resize=350%2C200&ssl=1","width":350,"height":200,"srcset":"https:\/\/i0.wp.com\/www.hoymercedes.com.ar\/principal\/wp-content\/uploads\/2018\/06\/bici.jpeg?resize=350%2C200&ssl=1 1x, https:\/\/i0.wp.com\/www.hoymercedes.com.ar\/principal\/wp-content\/uploads\/2018\/06\/bici.jpeg?resize=525%2C300&ssl=1 1.5x, https:\/\/i0.wp.com\/www.hoymercedes.com.ar\/principal\/wp-content\/uploads\/2018\/06\/bici.jpeg?resize=700%2C400&ssl=1 2x"},"classes":[]},{"id":160500,"url":"https:\/\/www.hoymercedes.com.ar\/principal\/2023\/04\/03\/futbol-femenino-una-tercera-fecha-con-varias-goleadas-en-el-futbol-femenino\/","url_meta":{"origin":86856,"position":1},"title":"F\u00fatbol Femenino: Una tercera fecha con varias goleadas en el f\u00fatbol Femenino","author":"hoymercedes","date":"3 abril, 2023","format":false,"excerpt":"Defensores, Trocha, Flandria, Palometas y Pabell\u00f3n Argentino ganaron sus partidos sin sobresaltos,\u00a0 El resto de la fecha solo dejo dos empates. Algunos equipos empiezan a tomar distancia.\u00a0 Durante la jornada del s\u00e1bado en Mercedes, J\u00e1uregui y Marcos Paz entre los dos d\u00edas del fin de semana, la primera divisi\u00f3n del\u2026","rel":"","context":"En \u00abDeportes\u00bb","block_context":{"text":"Deportes","link":"https:\/\/www.hoymercedes.com.ar\/principal\/category\/deportes\/"},"img":{"alt_text":"","src":"https:\/\/i0.wp.com\/www.hoymercedes.com.ar\/principal\/wp-content\/uploads\/2023\/04\/fut-femenino-0304.jpg?resize=350%2C200&ssl=1","width":350,"height":200,"srcset":"https:\/\/i0.wp.com\/www.hoymercedes.com.ar\/principal\/wp-content\/uploads\/2023\/04\/fut-femenino-0304.jpg?resize=350%2C200&ssl=1 1x, https:\/\/i0.wp.com\/www.hoymercedes.com.ar\/principal\/wp-content\/uploads\/2023\/04\/fut-femenino-0304.jpg?resize=525%2C300&ssl=1 1.5x, https:\/\/i0.wp.com\/www.hoymercedes.com.ar\/principal\/wp-content\/uploads\/2023\/04\/fut-femenino-0304.jpg?resize=700%2C400&ssl=1 2x"},"classes":[]},{"id":87739,"url":"https:\/\/www.hoymercedes.com.ar\/principal\/2019\/02\/05\/copa-mercedes-deportes-se-vivio-una-jornada-llena-de-sorpresas\/","url_meta":{"origin":86856,"position":2},"title":"Copa Mercedes Deportes: Se vivi\u00f3 una jornada llena de sorpresas","author":"hoymercedes","date":"5 febrero, 2019","format":false,"excerpt":"En ambas zonas hubo partidos mas que impactantes que dieron mucho que hablar. En veteranos la punta es para dos planteles. Como es habitual en el predio del Sindicato de la Carne Mercedes, con una enorme cantidad de p\u00fablico disfrutando de entretenidos duelos, otra tarde m\u00e1s de f\u00fatbol y del\u2026","rel":"","context":"En \u00abDeportes\u00bb","block_context":{"text":"Deportes","link":"https:\/\/www.hoymercedes.com.ar\/principal\/category\/deportes\/"},"img":{"alt_text":"","src":"https:\/\/i0.wp.com\/www.hoymercedes.com.ar\/principal\/wp-content\/uploads\/2019\/02\/IMG-20190203-WA0028.jpg?resize=350%2C200&ssl=1","width":350,"height":200,"srcset":"https:\/\/i0.wp.com\/www.hoymercedes.com.ar\/principal\/wp-content\/uploads\/2019\/02\/IMG-20190203-WA0028.jpg?resize=350%2C200&ssl=1 1x, https:\/\/i0.wp.com\/www.hoymercedes.com.ar\/principal\/wp-content\/uploads\/2019\/02\/IMG-20190203-WA0028.jpg?resize=525%2C300&ssl=1 1.5x, https:\/\/i0.wp.com\/www.hoymercedes.com.ar\/principal\/wp-content\/uploads\/2019\/02\/IMG-20190203-WA0028.jpg?resize=700%2C400&ssl=1 2x"},"classes":[]},{"id":89370,"url":"https:\/\/www.hoymercedes.com.ar\/principal\/2019\/03\/13\/galgueros-lidera-la-liguilla-de-los-clasificados\/","url_meta":{"origin":86856,"position":3},"title":"Galgueros lidera la liguilla de los clasificados","author":"hoymercedes","date":"13 marzo, 2019","format":false,"excerpt":"Dentro del complejo del Sindicato de la Carne Mercedes, el buen futbol volvi\u00f3 a ser protagonista en otra tarde m\u00e1s de s\u00e1bado, la cual acompa\u00f1ada por el buen clima y los grandes partidos, fue totalmente fabuloso. Cada plantel de los menores, nuevamente tuvo otra batalla por delante. Como la dos\u2026","rel":"","context":"En \u00abDeportes\u00bb","block_context":{"text":"Deportes","link":"https:\/\/www.hoymercedes.com.ar\/principal\/category\/deportes\/"},"img":{"alt_text":"","src":"https:\/\/i0.wp.com\/www.hoymercedes.com.ar\/principal\/wp-content\/uploads\/2019\/03\/Galgueros-2.jpeg?resize=350%2C200&ssl=1","width":350,"height":200,"srcset":"https:\/\/i0.wp.com\/www.hoymercedes.com.ar\/principal\/wp-content\/uploads\/2019\/03\/Galgueros-2.jpeg?resize=350%2C200&ssl=1 1x, https:\/\/i0.wp.com\/www.hoymercedes.com.ar\/principal\/wp-content\/uploads\/2019\/03\/Galgueros-2.jpeg?resize=525%2C300&ssl=1 1.5x, https:\/\/i0.wp.com\/www.hoymercedes.com.ar\/principal\/wp-content\/uploads\/2019\/03\/Galgueros-2.jpeg?resize=700%2C400&ssl=1 2x, https:\/\/i0.wp.com\/www.hoymercedes.com.ar\/principal\/wp-content\/uploads\/2019\/03\/Galgueros-2.jpeg?resize=1050%2C600&ssl=1 3x"},"classes":[]},{"id":90104,"url":"https:\/\/www.hoymercedes.com.ar\/principal\/2019\/03\/25\/la-punta-de-la-liguilla-es-para-tres-conjuntos\/","url_meta":{"origin":86856,"position":4},"title":"La punta de la liguilla es para tres conjuntos","author":"hoymercedes","date":"25 marzo, 2019","format":false,"excerpt":"Una vez m\u00e1s hubo sorpresas en la jornada futbol\u00edstica. El torneo de mayores va llegando su momento definitorio. Ya es una costumbre que en el predio del Sindicato de la Carne Mercedes, tanto en la Copa Mercedes Deportes de menores y en la Copa Goodyear Neum\u00e1ticos de veteranos, cada s\u00e1bado\u2026","rel":"","context":"En \u00abDeportes\u00bb","block_context":{"text":"Deportes","link":"https:\/\/www.hoymercedes.com.ar\/principal\/category\/deportes\/"},"img":{"alt_text":"","src":"https:\/\/i0.wp.com\/www.hoymercedes.com.ar\/principal\/wp-content\/uploads\/2019\/03\/cone-san-mart%C3%ADn.jpg.jpg?resize=350%2C200&ssl=1","width":350,"height":200,"srcset":"https:\/\/i0.wp.com\/www.hoymercedes.com.ar\/principal\/wp-content\/uploads\/2019\/03\/cone-san-mart%C3%ADn.jpg.jpg?resize=350%2C200&ssl=1 1x, https:\/\/i0.wp.com\/www.hoymercedes.com.ar\/principal\/wp-content\/uploads\/2019\/03\/cone-san-mart%C3%ADn.jpg.jpg?resize=525%2C300&ssl=1 1.5x, https:\/\/i0.wp.com\/www.hoymercedes.com.ar\/principal\/wp-content\/uploads\/2019\/03\/cone-san-mart%C3%ADn.jpg.jpg?resize=700%2C400&ssl=1 2x"},"classes":[]},{"id":163922,"url":"https:\/\/www.hoymercedes.com.ar\/principal\/2023\/06\/27\/futbol-femenino-goleadas-para-pabellon-y-defensores\/","url_meta":{"origin":86856,"position":5},"title":"Futbol Femenino: Goleadas para Pabell\u00f3n y Defensores","author":"hoymercedes","date":"27 junio, 2023","format":false,"excerpt":"Los de Marcos Paz ganaron el cl\u00e1sico y se mantienen punteros. El \u201cceleste\u201d super\u00f3 a Palometas y sigue al acecho.\u00a0 Durante el fin de semana se llev\u00f3 a cabo la und\u00e9cima fecha del torneo de F\u00fatbol Femenino de Primera Divisi\u00f3n organizado por la Liga Mercedina de F\u00fatbol. Para la jornada,\u2026","rel":"","context":"En \u00abDeportes\u00bb","block_context":{"text":"Deportes","link":"https:\/\/www.hoymercedes.com.ar\/principal\/category\/deportes\/"},"img":{"alt_text":"","src":"https:\/\/i0.wp.com\/www.hoymercedes.com.ar\/principal\/wp-content\/uploads\/2023\/06\/fut-femenino-2606.jpg?resize=350%2C200&ssl=1","width":350,"height":200,"srcset":"https:\/\/i0.wp.com\/www.hoymercedes.com.ar\/principal\/wp-content\/uploads\/2023\/06\/fut-femenino-2606.jpg?resize=350%2C200&ssl=1 1x, https:\/\/i0.wp.com\/www.hoymercedes.com.ar\/principal\/wp-content\/uploads\/2023\/06\/fut-femenino-2606.jpg?resize=525%2C300&ssl=1 1.5x, https:\/\/i0.wp.com\/www.hoymercedes.com.ar\/principal\/wp-content\/uploads\/2023\/06\/fut-femenino-2606.jpg?resize=700%2C400&ssl=1 2x"},"classes":[]}],"_links":{"self":[{"href":"https:\/\/www.hoymercedes.com.ar\/principal\/wp-json\/wp\/v2\/posts\/86856","targetHints":{"allow":["GET"]}}],"collection":[{"href":"https:\/\/www.hoymercedes.com.ar\/principal\/wp-json\/wp\/v2\/posts"}],"about":[{"href":"https:\/\/www.hoymercedes.com.ar\/principal\/wp-json\/wp\/v2\/types\/post"}],"author":[{"embeddable":true,"href":"https:\/\/www.hoymercedes.com.ar\/principal\/wp-json\/wp\/v2\/users\/1"}],"replies":[{"embeddable":true,"href":"https:\/\/www.hoymercedes.com.ar\/principal\/wp-json\/wp\/v2\/comments?post=86856"}],"version-history":[{"count":0,"href":"https:\/\/www.hoymercedes.com.ar\/principal\/wp-json\/wp\/v2\/posts\/86856\/revisions"}],"wp:featuredmedia":[{"embeddable":true,"href":"https:\/\/www.hoymercedes.com.ar\/principal\/wp-json\/wp\/v2\/media\/86857"}],"wp:attachment":[{"href":"https:\/\/www.hoymercedes.com.ar\/principal\/wp-json\/wp\/v2\/media?parent=86856"}],"wp:term":[{"taxonomy":"category","embeddable":true,"href":"https:\/\/www.hoymercedes.com.ar\/principal\/wp-json\/wp\/v2\/categories?post=86856"},{"taxonomy":"post_tag","embeddable":true,"href":"https:\/\/www.hoymercedes.com.ar\/principal\/wp-json\/wp\/v2\/tags?post=86856"}],"curies":[{"name":"wp","href":"https:\/\/api.w.org\/{rel}","templated":true}]}}