{"id":86861,"date":"2019-01-15T07:55:58","date_gmt":"2019-01-15T10:55:58","guid":{"rendered":"http:\/\/www.hoymercedes.com.ar\/principal\/?p=86861"},"modified":"2019-01-14T21:11:07","modified_gmt":"2019-01-15T00:11:07","slug":"se-ponen-en-marcha-las-xvii-olimpiadas-de-la-cuenca-del-salado","status":"publish","type":"post","link":"https:\/\/www.hoymercedes.com.ar\/principal\/2019\/01\/15\/se-ponen-en-marcha-las-xvii-olimpiadas-de-la-cuenca-del-salado\/","title":{"rendered":"Se ponen en marcha las XVII Olimp\u00edadas de la Cuenca del Salado"},"content":{"rendered":"\n<p>Como todos los a\u00f1os, en Lobos se realizar\u00e1n las Olimpiadas de la Cuenca del Salado que en esta 17\u00b0 edici\u00f3n se realizar\u00e1 los d\u00edas 9, 10, 16 y 17 de marzo. Por tal motivo, la Direcci\u00f3n de Deportes de la Municipalidad de Mercedes comenz\u00f3 con la inscripci\u00f3n en su sede de 6 y 9 de 7 a 13 hasta el 4 de febrero.<\/p>\n\n\n\n<figure class=\"wp-block-image\"><img loading=\"lazy\" decoding=\"async\" width=\"650\" height=\"399\" data-attachment-id=\"86862\" data-permalink=\"https:\/\/www.hoymercedes.com.ar\/principal\/2019\/01\/15\/se-ponen-en-marcha-las-xvii-olimpiadas-de-la-cuenca-del-salado\/cuenca-del-salado\/#main\" data-orig-file=\"https:\/\/www.hoymercedes.com.ar\/principal\/wp-content\/uploads\/2019\/01\/Cuenca-del-Salado.jpg\" data-orig-size=\"650,399\" data-comments-opened=\"0\" data-image-meta=\"{&quot;aperture&quot;:&quot;0&quot;,&quot;credit&quot;:&quot;&quot;,&quot;camera&quot;:&quot;&quot;,&quot;caption&quot;:&quot;&quot;,&quot;created_timestamp&quot;:&quot;0&quot;,&quot;copyright&quot;:&quot;&quot;,&quot;focal_length&quot;:&quot;0&quot;,&quot;iso&quot;:&quot;0&quot;,&quot;shutter_speed&quot;:&quot;0&quot;,&quot;title&quot;:&quot;&quot;,&quot;orientation&quot;:&quot;0&quot;}\" data-image-title=\"Cuenca del Salado\" data-image-description=\"\" data-image-caption=\"\" data-large-file=\"https:\/\/www.hoymercedes.com.ar\/principal\/wp-content\/uploads\/2019\/01\/Cuenca-del-Salado.jpg\" src=\"https:\/\/www.hoymercedes.com.ar\/principal\/wp-content\/uploads\/2019\/01\/Cuenca-del-Salado.jpg\" alt=\"\" class=\"wp-image-86862\" srcset=\"https:\/\/www.hoymercedes.com.ar\/principal\/wp-content\/uploads\/2019\/01\/Cuenca-del-Salado.jpg 650w, https:\/\/www.hoymercedes.com.ar\/principal\/wp-content\/uploads\/2019\/01\/Cuenca-del-Salado-150x92.jpg 150w, https:\/\/www.hoymercedes.com.ar\/principal\/wp-content\/uploads\/2019\/01\/Cuenca-del-Salado-630x387.jpg 630w\" sizes=\"auto, (max-width: 650px) 100vw, 650px\" \/><\/figure>\n\n\n\n<p>Adem\u00e1s de Mercedes, participar\u00e1n de la misma algunos de los municipios que destacan deportivamente en la regi\u00f3on: Lobos (organizador) Ca\u00f1uelas, Marcos Paz, Navarro, Las Heras, Saladillo, Monte, 25 de Mayo, Roque P\u00e9rez, Gral. Alvear, Las Flores, Coronel Brandsen, Suipacha, San Andr\u00e9sde Giles, Gral. Belgrano, Chascomus, Lujan, Chivilcoy y San Vicente.<\/p>\n\n\n\n<p>Las olimpiadas de la Cuenca del Salado, representan uno de los eventos deportivos m\u00e1s importantes de la Provincia de Buenos Aires en el cual se compite en 48 disciplinas.\u00a0Cabe destacar que en todos los deportes se establece que la categor\u00eda para participar es libre y el \u00fanico requisito para hacerlo es que cada deportista debe residir en el distrito al que representa. <\/p>\n\n\n\n<p>Este a\u00f1o se competir\u00e1 en Nataci\u00f3n, Basquet, voley, beach voley, paddle, bochas, tejo, handball, hockey, rural bike, duatl\u00f3n, atletismo, canotaje, 10 km, tenis, golf, ajedrez, pesca, pelota paleta, tenis de mesa, tekwondo, atletismo paral\u00edmpico, f\u00fatbol inclusivo, new com, y juegos electr\u00f3nicos (FIFA). <\/p>\n\n\n\n<p>Hay disciplinas femeninas como f\u00fatbol 7 y pat\u00edn art\u00edstico; masculinas como f\u00fatbol 11, rugby y ciclismo; y de exhibici\u00f3n, como Skate y BMX.<br><\/p>\n","protected":false},"excerpt":{"rendered":"<p>Como todos los a\u00f1os, en Lobos se realizar\u00e1n las Olimpiadas de la Cuenca del Salado que en esta 17\u00b0 edici\u00f3n &#8230; <a title=\"Se ponen en marcha las XVII Olimp\u00edadas de la Cuenca del Salado\" class=\"read-more\" href=\"https:\/\/www.hoymercedes.com.ar\/principal\/2019\/01\/15\/se-ponen-en-marcha-las-xvii-olimpiadas-de-la-cuenca-del-salado\/\" aria-label=\"Leer m\u00e1s sobre Se ponen en marcha las XVII Olimp\u00edadas de la Cuenca del Salado\">Leer m\u00e1s<\/a><\/p>\n","protected":false},"author":1,"featured_media":86862,"comment_status":"closed","ping_status":"open","sticky":false,"template":"","format":"standard","meta":{"_monsterinsights_skip_tracking":false,"_monsterinsights_sitenote_active":false,"_monsterinsights_sitenote_note":"","_monsterinsights_sitenote_category":0,"jetpack_post_was_ever_published":false,"_jetpack_newsletter_access":"","_jetpack_dont_email_post_to_subs":false,"_jetpack_newsletter_tier_id":0,"_jetpack_memberships_contains_paywalled_content":false,"_jetpack_memberships_contains_paid_content":false,"footnotes":"","jetpack_publicize_message":"","jetpack_publicize_feature_enabled":true,"jetpack_social_post_already_shared":true,"jetpack_social_options":{"image_generator_settings":{"template":"highway","default_image_id":0,"font":"","enabled":false},"version":2},"_wpas_customize_per_network":false},"categories":[21],"tags":[2060,9049,12559],"class_list":["post-86861","post","type-post","status-publish","format-standard","has-post-thumbnail","hentry","category-deportes","tag-cuenca-del-salado","tag-olimpiadas","tag-olimpiadas-cuenca-del-salado","generate-columns","tablet-grid-50","mobile-grid-100","grid-parent","grid-50"],"jetpack_publicize_connections":[],"jetpack_featured_media_url":"https:\/\/www.hoymercedes.com.ar\/principal\/wp-content\/uploads\/2019\/01\/Cuenca-del-Salado.jpg","wps_subtitle":"","jetpack_sharing_enabled":true,"_links":{"self":[{"href":"https:\/\/www.hoymercedes.com.ar\/principal\/wp-json\/wp\/v2\/posts\/86861","targetHints":{"allow":["GET"]}}],"collection":[{"href":"https:\/\/www.hoymercedes.com.ar\/principal\/wp-json\/wp\/v2\/posts"}],"about":[{"href":"https:\/\/www.hoymercedes.com.ar\/principal\/wp-json\/wp\/v2\/types\/post"}],"author":[{"embeddable":true,"href":"https:\/\/www.hoymercedes.com.ar\/principal\/wp-json\/wp\/v2\/users\/1"}],"replies":[{"embeddable":true,"href":"https:\/\/www.hoymercedes.com.ar\/principal\/wp-json\/wp\/v2\/comments?post=86861"}],"version-history":[{"count":0,"href":"https:\/\/www.hoymercedes.com.ar\/principal\/wp-json\/wp\/v2\/posts\/86861\/revisions"}],"wp:featuredmedia":[{"embeddable":true,"href":"https:\/\/www.hoymercedes.com.ar\/principal\/wp-json\/wp\/v2\/media\/86862"}],"wp:attachment":[{"href":"https:\/\/www.hoymercedes.com.ar\/principal\/wp-json\/wp\/v2\/media?parent=86861"}],"wp:term":[{"taxonomy":"category","embeddable":true,"href":"https:\/\/www.hoymercedes.com.ar\/principal\/wp-json\/wp\/v2\/categories?post=86861"},{"taxonomy":"post_tag","embeddable":true,"href":"https:\/\/www.hoymercedes.com.ar\/principal\/wp-json\/wp\/v2\/tags?post=86861"}],"curies":[{"name":"wp","href":"https:\/\/api.w.org\/{rel}","templated":true}]}}