{"id":86897,"date":"2019-01-15T20:57:26","date_gmt":"2019-01-15T23:57:26","guid":{"rendered":"http:\/\/www.hoymercedes.com.ar\/principal\/?p=86897"},"modified":"2019-01-15T20:57:28","modified_gmt":"2019-01-15T23:57:28","slug":"caras-nuevas-en-el-amistoso-de-trocha-ante-el-campeon-de-lujan","status":"publish","type":"post","link":"https:\/\/www.hoymercedes.com.ar\/principal\/2019\/01\/15\/caras-nuevas-en-el-amistoso-de-trocha-ante-el-campeon-de-lujan\/","title":{"rendered":"Caras nuevas en el amistoso de Trocha ante el campe\u00f3n de Luj\u00e1n"},"content":{"rendered":"\n<p>No descansa Trocha y a 12 d\u00edas del debut jug\u00f3 en la noche del lunes su tercer amistoso de los cinco que program\u00f3. Esta vez lleg\u00f3 a la cancha de Quilmes el club La Uni\u00f3n, de El Jag\u00fcel, el \u00faltimo campe\u00f3n de la Liga de Luj\u00e1n.<\/p>\n\n\n\n<figure class=\"wp-block-image\"><img loading=\"lazy\" decoding=\"async\" width=\"720\" height=\"480\" data-attachment-id=\"86898\" data-permalink=\"https:\/\/www.hoymercedes.com.ar\/principal\/2019\/01\/15\/caras-nuevas-en-el-amistoso-de-trocha-ante-el-campeon-de-lujan\/whatsapp-image-2019-01-15-at-01-07-49\/#main\" data-orig-file=\"https:\/\/www.hoymercedes.com.ar\/principal\/wp-content\/uploads\/2019\/01\/WhatsApp-Image-2019-01-15-at-01.07.49.jpeg\" data-orig-size=\"720,480\" data-comments-opened=\"0\" data-image-meta=\"{&quot;aperture&quot;:&quot;0&quot;,&quot;credit&quot;:&quot;&quot;,&quot;camera&quot;:&quot;&quot;,&quot;caption&quot;:&quot;&quot;,&quot;created_timestamp&quot;:&quot;0&quot;,&quot;copyright&quot;:&quot;&quot;,&quot;focal_length&quot;:&quot;0&quot;,&quot;iso&quot;:&quot;0&quot;,&quot;shutter_speed&quot;:&quot;0&quot;,&quot;title&quot;:&quot;&quot;,&quot;orientation&quot;:&quot;0&quot;}\" data-image-title=\"WhatsApp Image 2019-01-15 at 01.07.49\" data-image-description=\"\" data-image-caption=\"\" data-large-file=\"https:\/\/www.hoymercedes.com.ar\/principal\/wp-content\/uploads\/2019\/01\/WhatsApp-Image-2019-01-15-at-01.07.49.jpeg\" src=\"https:\/\/www.hoymercedes.com.ar\/principal\/wp-content\/uploads\/2019\/01\/WhatsApp-Image-2019-01-15-at-01.07.49.jpeg\" alt=\"\" class=\"wp-image-86898\" srcset=\"https:\/\/www.hoymercedes.com.ar\/principal\/wp-content\/uploads\/2019\/01\/WhatsApp-Image-2019-01-15-at-01.07.49.jpeg 720w, https:\/\/www.hoymercedes.com.ar\/principal\/wp-content\/uploads\/2019\/01\/WhatsApp-Image-2019-01-15-at-01.07.49-150x100.jpeg 150w, https:\/\/www.hoymercedes.com.ar\/principal\/wp-content\/uploads\/2019\/01\/WhatsApp-Image-2019-01-15-at-01.07.49-630x420.jpeg 630w, https:\/\/www.hoymercedes.com.ar\/principal\/wp-content\/uploads\/2019\/01\/WhatsApp-Image-2019-01-15-at-01.07.49-360x240.jpeg 360w\" sizes=\"auto, (max-width: 720px) 100vw, 720px\" \/><figcaption>Iv\u00e1n Portillo, la nueva cara de Trocha.<\/figcaption><\/figure>\n\n\n\n<p>Se jugaron tres tiempos de 40 minutos. Algunos jugadores en la Carbonilla estuvieron ausentes con aviso y otros no superaron el per\u00edodo de prueba, como son los casos de Washington Balmaceda y Daniel Caputo, mientras que se destac\u00f3 la llegada de Dar\u00edo Gianaschi, que vuelve a Trocha tras jugar el Apertura y haberse ido a Col\u00f3n de Chivilcoy en el segundo semestre del 2018.<\/p>\n\n\n\n<p>Otros que llegaron fueron Iv\u00e1n Portillo, un central de 31 a\u00f1os de edad, que viene de jugar en Fernando C\u00e1ceres de Luj\u00e1n, adem\u00e1s de vestir las camisetas de Laferrere, JJ Urquiza, Midland y SATSAID, adem\u00e1s de confirmar la incorporaci\u00f3n de Leonardo Dizeo, quien jug\u00f3 el amistoso anterior ante Pabell\u00f3n de Marcos Paz.<\/p>\n\n\n\n<p>El primer partido fue 2 a 0 para La Uni\u00f3n. Trocha form\u00f3 con Francisco Bavastro (Pablo Leguizam\u00f3n), Nicol\u00e1s Padula, Ojeda, Agust\u00edn Uviz y Marcos Vel\u00e1zquez. Maximiliano Ballesteros, Maximiliano Becerra, Pablo Gorosito y Jonathan Niz; Jer\u00f3nimo Mirata y Santiago Yasky.<\/p>\n\n\n\n<p>El segundo encuentro fue 1 a 0 para Trocha, que tuvo en cancha a Pablo Leguizam\u00f3n (Federico Grosso), Maximiliano Lobos, Iv\u00e1n Portillo, Emanuel Gonz\u00e1lez e Ignacio Brazuna. Pablo Giacoy, Dizeo, Mart\u00edn Pastor y Solano Bonamino. Brenier (Torres) y Castro (Latessa). El gol lo hizo Giacoy.<\/p>\n\n\n\n<p>Los \u00fatimos 40 minutos fueron para La Uni\u00f3n por 1 a 0 y Menendez puso en cancha a Corbell, Nelson Denis, Leonardo Dizeo, Emmanuel Gonz\u00e1lez e Ignacio Brazuna; Santiago Romagnoli, Mart\u00edn Pastor, Ruben Mansilla y Solano Bonamino; Latessa y Torres, ingrensando por ellos luego Yasky y Miratta.<\/p>\n\n\n\n<p>Esperando que el clima acompa\u00f1e, este mi\u00e9rcoles Trocha recibir\u00e1 a Fernando C\u00e1ceres de Lujan, en cancha de Quilmes a partir de las 20. El s\u00e1bado jugar\u00e1 el \u00faltimo amistoso ante Sports de Salto, desde las 15.30.<\/p>\n","protected":false},"excerpt":{"rendered":"<p>No descansa Trocha y a 12 d\u00edas del debut jug\u00f3 en la noche del lunes su tercer amistoso de los &#8230; <a title=\"Caras nuevas en el amistoso de Trocha ante el campe\u00f3n de Luj\u00e1n\" class=\"read-more\" href=\"https:\/\/www.hoymercedes.com.ar\/principal\/2019\/01\/15\/caras-nuevas-en-el-amistoso-de-trocha-ante-el-campeon-de-lujan\/\" aria-label=\"Leer m\u00e1s sobre Caras nuevas en el amistoso de Trocha ante el campe\u00f3n de Luj\u00e1n\">Leer m\u00e1s<\/a><\/p>\n","protected":false},"author":1,"featured_media":86898,"comment_status":"closed","ping_status":"open","sticky":false,"template":"","format":"standard","meta":{"_monsterinsights_skip_tracking":false,"_monsterinsights_sitenote_active":false,"_monsterinsights_sitenote_note":"","_monsterinsights_sitenote_category":0,"jetpack_post_was_ever_published":false,"_jetpack_newsletter_access":"","_jetpack_dont_email_post_to_subs":false,"_jetpack_newsletter_tier_id":0,"_jetpack_memberships_contains_paywalled_content":false,"_jetpack_memberships_contains_paid_content":false,"footnotes":"","jetpack_publicize_message":"","jetpack_publicize_feature_enabled":true,"jetpack_social_post_already_shared":true,"jetpack_social_options":{"image_generator_settings":{"template":"highway","default_image_id":0,"font":"","enabled":false},"version":2},"_wpas_customize_per_network":false},"categories":[21],"tags":[14385,14255,1379],"class_list":["post-86897","post","type-post","status-publish","format-standard","has-post-thumbnail","hentry","category-deportes","tag-la-union-el-jaguel","tag-regional-amateur","tag-trocha","generate-columns","tablet-grid-50","mobile-grid-100","grid-parent","grid-50"],"jetpack_publicize_connections":[],"jetpack_featured_media_url":"https:\/\/www.hoymercedes.com.ar\/principal\/wp-content\/uploads\/2019\/01\/WhatsApp-Image-2019-01-15-at-01.07.49.jpeg","wps_subtitle":"Regional Amateur","jetpack_sharing_enabled":true,"_links":{"self":[{"href":"https:\/\/www.hoymercedes.com.ar\/principal\/wp-json\/wp\/v2\/posts\/86897","targetHints":{"allow":["GET"]}}],"collection":[{"href":"https:\/\/www.hoymercedes.com.ar\/principal\/wp-json\/wp\/v2\/posts"}],"about":[{"href":"https:\/\/www.hoymercedes.com.ar\/principal\/wp-json\/wp\/v2\/types\/post"}],"author":[{"embeddable":true,"href":"https:\/\/www.hoymercedes.com.ar\/principal\/wp-json\/wp\/v2\/users\/1"}],"replies":[{"embeddable":true,"href":"https:\/\/www.hoymercedes.com.ar\/principal\/wp-json\/wp\/v2\/comments?post=86897"}],"version-history":[{"count":0,"href":"https:\/\/www.hoymercedes.com.ar\/principal\/wp-json\/wp\/v2\/posts\/86897\/revisions"}],"wp:featuredmedia":[{"embeddable":true,"href":"https:\/\/www.hoymercedes.com.ar\/principal\/wp-json\/wp\/v2\/media\/86898"}],"wp:attachment":[{"href":"https:\/\/www.hoymercedes.com.ar\/principal\/wp-json\/wp\/v2\/media?parent=86897"}],"wp:term":[{"taxonomy":"category","embeddable":true,"href":"https:\/\/www.hoymercedes.com.ar\/principal\/wp-json\/wp\/v2\/categories?post=86897"},{"taxonomy":"post_tag","embeddable":true,"href":"https:\/\/www.hoymercedes.com.ar\/principal\/wp-json\/wp\/v2\/tags?post=86897"}],"curies":[{"name":"wp","href":"https:\/\/api.w.org\/{rel}","templated":true}]}}