{"id":86919,"date":"2019-01-16T16:05:04","date_gmt":"2019-01-16T19:05:04","guid":{"rendered":"http:\/\/www.hoymercedes.com.ar\/principal\/?p=86919"},"modified":"2019-01-16T16:05:08","modified_gmt":"2019-01-16T19:05:08","slug":"espacio-de-lectura-para-el-hogar-villa-abrile","status":"publish","type":"post","link":"https:\/\/www.hoymercedes.com.ar\/principal\/2019\/01\/16\/espacio-de-lectura-para-el-hogar-villa-abrile\/","title":{"rendered":"Espacio de lectura para el Hogar Villa Abrile"},"content":{"rendered":"\n<p>La Direcci\u00f3n de Adultos Mayores de la Municipalidad de Mercedes inaugur\u00f3 una biblioteca p\u00fablica en el Hogar Villa Abrile. El espacio literario cuenta con 98 ejemplares de diferentes tem\u00e1ticas, entre los cuales se encuentran los libros editados por la Comisi\u00f3n Municipal de Patrimonio de Mercedes. \u00a0<\/p>\n\n\n\n<figure class=\"wp-block-image\"><img loading=\"lazy\" decoding=\"async\" width=\"750\" height=\"500\" data-attachment-id=\"86920\" data-permalink=\"https:\/\/www.hoymercedes.com.ar\/principal\/2019\/01\/16\/espacio-de-lectura-para-el-hogar-villa-abrile\/16-muni-adultos\/#main\" data-orig-file=\"https:\/\/www.hoymercedes.com.ar\/principal\/wp-content\/uploads\/2019\/01\/16-muni-adultos.png\" data-orig-size=\"750,500\" data-comments-opened=\"0\" data-image-meta=\"{&quot;aperture&quot;:&quot;0&quot;,&quot;credit&quot;:&quot;&quot;,&quot;camera&quot;:&quot;&quot;,&quot;caption&quot;:&quot;&quot;,&quot;created_timestamp&quot;:&quot;0&quot;,&quot;copyright&quot;:&quot;&quot;,&quot;focal_length&quot;:&quot;0&quot;,&quot;iso&quot;:&quot;0&quot;,&quot;shutter_speed&quot;:&quot;0&quot;,&quot;title&quot;:&quot;&quot;,&quot;orientation&quot;:&quot;0&quot;}\" data-image-title=\"16 muni adultos\" data-image-description=\"\" data-image-caption=\"\" data-large-file=\"https:\/\/www.hoymercedes.com.ar\/principal\/wp-content\/uploads\/2019\/01\/16-muni-adultos.png\" src=\"https:\/\/www.hoymercedes.com.ar\/principal\/wp-content\/uploads\/2019\/01\/16-muni-adultos.png\" alt=\"\" class=\"wp-image-86920\" srcset=\"https:\/\/www.hoymercedes.com.ar\/principal\/wp-content\/uploads\/2019\/01\/16-muni-adultos.png 750w, https:\/\/www.hoymercedes.com.ar\/principal\/wp-content\/uploads\/2019\/01\/16-muni-adultos-150x100.png 150w, https:\/\/www.hoymercedes.com.ar\/principal\/wp-content\/uploads\/2019\/01\/16-muni-adultos-630x420.png 630w, https:\/\/www.hoymercedes.com.ar\/principal\/wp-content\/uploads\/2019\/01\/16-muni-adultos-720x480.png 720w, https:\/\/www.hoymercedes.com.ar\/principal\/wp-content\/uploads\/2019\/01\/16-muni-adultos-360x240.png 360w\" sizes=\"auto, (max-width: 750px) 100vw, 750px\" \/><\/figure>\n\n\n\n<p>La responsable del \u00e1rea de Adultos Mayores, Victoria Odell cont\u00f3 que reciben libros en el Hogar, pero en poco tiempo recibieron cerca de 70 que ameritaban un espacio especial. \u00abPensamos en abrir esta biblioteca para los adultos mayores, pero es un espacio abierto a todo el p\u00fablico. Contamos con un espacio muy c\u00e1lido\u201d, destac\u00f3 la funcionaria.<\/p>\n\n\n\n<p>Los vecinos, entonces, \u201cpueden venir a leer, llevarse un libro como as\u00ed tambi\u00e9n dejar libros para que alg\u00fan otro pueda disfrutar de ellos. Poder donar un libro tiene mucho valor para que alg\u00fan otra pueda disfrutar de esa misma historia o recorrido bibliogr\u00e1fico\u201d.<\/p>\n\n\n\n<p>\u00abEl objetivo de este espacio es que los autores mercedinos vengan y nos dejen sus ejemplares, para que todos los vecinos podamos acudir a ellos. Como as\u00ed tambi\u00e9n, esta idea de haber le\u00eddo algo y transmit\u00edrselo a alg\u00fan otro\u201d, concluyo la responsable del \u00e1rea de Adultos Mayores que aprovech\u00f3 la oportunidad para agradecer los libros donados que hacen realidad el espacio de lectura. <\/p>\n\n\n\n<p><\/p>\n","protected":false},"excerpt":{"rendered":"<p>La Direcci\u00f3n de Adultos Mayores de la Municipalidad de Mercedes inaugur\u00f3 una biblioteca p\u00fablica en el Hogar Villa Abrile. El &#8230; <a title=\"Espacio de lectura para el Hogar Villa Abrile\" class=\"read-more\" href=\"https:\/\/www.hoymercedes.com.ar\/principal\/2019\/01\/16\/espacio-de-lectura-para-el-hogar-villa-abrile\/\" aria-label=\"Leer m\u00e1s sobre Espacio de lectura para el Hogar Villa Abrile\">Leer m\u00e1s<\/a><\/p>\n","protected":false},"author":1,"featured_media":86920,"comment_status":"closed","ping_status":"open","sticky":false,"template":"","format":"standard","meta":{"_monsterinsights_skip_tracking":false,"_monsterinsights_sitenote_active":false,"_monsterinsights_sitenote_note":"","_monsterinsights_sitenote_category":0,"jetpack_post_was_ever_published":false,"_jetpack_newsletter_access":"","_jetpack_dont_email_post_to_subs":false,"_jetpack_newsletter_tier_id":0,"_jetpack_memberships_contains_paywalled_content":false,"_jetpack_memberships_contains_paid_content":false,"footnotes":"","jetpack_publicize_message":"","jetpack_publicize_feature_enabled":true,"jetpack_social_post_already_shared":true,"jetpack_social_options":{"image_generator_settings":{"template":"highway","default_image_id":0,"font":"","enabled":false},"version":2},"_wpas_customize_per_network":false},"categories":[30],"tags":[8752,10358],"class_list":["post-86919","post","type-post","status-publish","format-standard","has-post-thumbnail","hentry","category-municipio","tag-adultos-mayores","tag-municipio","generate-columns","tablet-grid-50","mobile-grid-100","grid-parent","grid-50"],"jetpack_publicize_connections":[],"jetpack_featured_media_url":"https:\/\/www.hoymercedes.com.ar\/principal\/wp-content\/uploads\/2019\/01\/16-muni-adultos.png","wps_subtitle":"Abierta al p\u00fablico","jetpack_sharing_enabled":true,"_links":{"self":[{"href":"https:\/\/www.hoymercedes.com.ar\/principal\/wp-json\/wp\/v2\/posts\/86919","targetHints":{"allow":["GET"]}}],"collection":[{"href":"https:\/\/www.hoymercedes.com.ar\/principal\/wp-json\/wp\/v2\/posts"}],"about":[{"href":"https:\/\/www.hoymercedes.com.ar\/principal\/wp-json\/wp\/v2\/types\/post"}],"author":[{"embeddable":true,"href":"https:\/\/www.hoymercedes.com.ar\/principal\/wp-json\/wp\/v2\/users\/1"}],"replies":[{"embeddable":true,"href":"https:\/\/www.hoymercedes.com.ar\/principal\/wp-json\/wp\/v2\/comments?post=86919"}],"version-history":[{"count":0,"href":"https:\/\/www.hoymercedes.com.ar\/principal\/wp-json\/wp\/v2\/posts\/86919\/revisions"}],"wp:featuredmedia":[{"embeddable":true,"href":"https:\/\/www.hoymercedes.com.ar\/principal\/wp-json\/wp\/v2\/media\/86920"}],"wp:attachment":[{"href":"https:\/\/www.hoymercedes.com.ar\/principal\/wp-json\/wp\/v2\/media?parent=86919"}],"wp:term":[{"taxonomy":"category","embeddable":true,"href":"https:\/\/www.hoymercedes.com.ar\/principal\/wp-json\/wp\/v2\/categories?post=86919"},{"taxonomy":"post_tag","embeddable":true,"href":"https:\/\/www.hoymercedes.com.ar\/principal\/wp-json\/wp\/v2\/tags?post=86919"}],"curies":[{"name":"wp","href":"https:\/\/api.w.org\/{rel}","templated":true}]}}