{"id":86927,"date":"2019-01-16T18:13:29","date_gmt":"2019-01-16T21:13:29","guid":{"rendered":"http:\/\/www.hoymercedes.com.ar\/principal\/?p=86927"},"modified":"2019-01-16T23:20:46","modified_gmt":"2019-01-17T02:20:46","slug":"atacan-a-piedrazos-la-panaderia-de-20-y-7","status":"publish","type":"post","link":"https:\/\/www.hoymercedes.com.ar\/principal\/2019\/01\/16\/atacan-a-piedrazos-la-panaderia-de-20-y-7\/","title":{"rendered":"Atacan a piedrazos la panader\u00eda de 20 y 7"},"content":{"rendered":"\n<p>Promediando\nla tarde del martes, la panader\u00eda de la esquina de 20 y 7 fue el centro de un\nataque de piedras en su local. De acuerdo a los comentarios del panadero, de los\nvecinos y de las autoridades municipales en el \u00e1rea de seguridad, habr\u00edan sido\ncerca de quince j\u00f3venes de entre 15 y 17 a\u00f1os que ingresaron a la panader\u00eda a\nincrepar a uno de los trabajadores del comercio, para luego arrojar piedras en\nla esquina. <\/p>\n\n\n\n<figure class=\"wp-block-image\"><img loading=\"lazy\" decoding=\"async\" width=\"750\" height=\"500\" data-attachment-id=\"86923\" data-permalink=\"https:\/\/www.hoymercedes.com.ar\/principal\/16-panaderia-san-marcos\/\" data-orig-file=\"https:\/\/www.hoymercedes.com.ar\/principal\/wp-content\/uploads\/2019\/01\/16-panaderia-san-marcos.jpeg\" data-orig-size=\"750,500\" data-comments-opened=\"0\" data-image-meta=\"{&quot;aperture&quot;:&quot;2&quot;,&quot;credit&quot;:&quot;&quot;,&quot;camera&quot;:&quot;Moto G (5S) Plus&quot;,&quot;caption&quot;:&quot;&quot;,&quot;created_timestamp&quot;:&quot;1547639254&quot;,&quot;copyright&quot;:&quot;&quot;,&quot;focal_length&quot;:&quot;3.59&quot;,&quot;iso&quot;:&quot;100&quot;,&quot;shutter_speed&quot;:&quot;0.00076923076923077&quot;,&quot;title&quot;:&quot;&quot;,&quot;orientation&quot;:&quot;1&quot;}\" data-image-title=\"16 panaderia san marcos\" data-image-description=\"\" data-image-caption=\"\" data-large-file=\"https:\/\/www.hoymercedes.com.ar\/principal\/wp-content\/uploads\/2019\/01\/16-panaderia-san-marcos.jpeg\" src=\"https:\/\/www.hoymercedes.com.ar\/principal\/wp-content\/uploads\/2019\/01\/16-panaderia-san-marcos.jpeg\" alt=\"\" class=\"wp-image-86923\" srcset=\"https:\/\/www.hoymercedes.com.ar\/principal\/wp-content\/uploads\/2019\/01\/16-panaderia-san-marcos.jpeg 750w, https:\/\/www.hoymercedes.com.ar\/principal\/wp-content\/uploads\/2019\/01\/16-panaderia-san-marcos-150x100.jpeg 150w, https:\/\/www.hoymercedes.com.ar\/principal\/wp-content\/uploads\/2019\/01\/16-panaderia-san-marcos-630x420.jpeg 630w, https:\/\/www.hoymercedes.com.ar\/principal\/wp-content\/uploads\/2019\/01\/16-panaderia-san-marcos-720x480.jpeg 720w, https:\/\/www.hoymercedes.com.ar\/principal\/wp-content\/uploads\/2019\/01\/16-panaderia-san-marcos-360x240.jpeg 360w\" sizes=\"auto, (max-width: 750px) 100vw, 750px\" \/><\/figure>\n\n\n\n<p>Los testigos aseguran que hubo dos ataques y la polic\u00eda intervino dando \u201cdisparos al aire\u201d para disuadir los disturbios. Que averiaron los veh\u00edculos estacionados, que agredieron a una clienta y que otros comercios tuvieron que cerrar sus puertas ante las agresiones. Las autoridades de seguridad aseguraron que est\u00e1n a la espera de la investigaci\u00f3n judicial. <\/p>\n\n\n\n<p>En declaraciones\npara Radio F\u00e9nix, el panadero, Miguel, asegur\u00f3 que los chicos que ingresaron al\ncomercio eran j\u00f3venes habitu\u00e9 del lugar. \u201cQuisieron entrar a la panader\u00eda, no\ns\u00e9 si ten\u00edan un problema con alguno de los chicos que vienen ac\u00e1. No hubo ni un\ncruce de palabras. Entraron a tirar piedrazos, rompieron los vidrios de la\ncamioneta. Siempre vienen a pedir factura algunos de ellos. Fui a preguntarles\ny me recibieron a piedrazos. Me vine, se vinieron atr\u00e1s nuestro. Con la polic\u00eda\nac\u00e1 y de nuevo. No le encuentro explicaci\u00f3n. La hicieron caer a una clienta que\nestaba en su moto. No detuvieron a nadie porque era menores dijeron\u201d, relat\u00f3 en\nel medio radial. <\/p>\n","protected":false},"excerpt":{"rendered":"<p>Promediando la tarde del martes, la panader\u00eda de la esquina de 20 y 7 fue el centro de un ataque &#8230; <a title=\"Atacan a piedrazos la panader\u00eda de 20 y 7\" class=\"read-more\" href=\"https:\/\/www.hoymercedes.com.ar\/principal\/2019\/01\/16\/atacan-a-piedrazos-la-panaderia-de-20-y-7\/\" aria-label=\"Leer m\u00e1s sobre Atacan a piedrazos la panader\u00eda de 20 y 7\">Leer m\u00e1s<\/a><\/p>\n","protected":false},"author":1,"featured_media":86923,"comment_status":"closed","ping_status":"open","sticky":false,"template":"","format":"standard","meta":{"_monsterinsights_skip_tracking":false,"_monsterinsights_sitenote_active":false,"_monsterinsights_sitenote_note":"","_monsterinsights_sitenote_category":0,"jetpack_post_was_ever_published":false,"_jetpack_newsletter_access":"","_jetpack_dont_email_post_to_subs":false,"_jetpack_newsletter_tier_id":0,"_jetpack_memberships_contains_paywalled_content":false,"_jetpack_memberships_contains_paid_content":false,"footnotes":"","jetpack_publicize_message":"","jetpack_publicize_feature_enabled":true,"jetpack_social_post_already_shared":true,"jetpack_social_options":{"image_generator_settings":{"template":"highway","default_image_id":0,"font":"","enabled":false},"version":2},"_wpas_customize_per_network":false},"categories":[85],"tags":[8894,9391,96],"class_list":["post-86927","post","type-post","status-publish","format-standard","has-post-thumbnail","hentry","category-policial","tag-ataque","tag-panaderia","tag-policial-2","generate-columns","tablet-grid-50","mobile-grid-100","grid-parent","grid-50"],"jetpack_publicize_connections":[],"jetpack_featured_media_url":"https:\/\/www.hoymercedes.com.ar\/principal\/wp-content\/uploads\/2019\/01\/16-panaderia-san-marcos.jpeg","wps_subtitle":"En la tarde del martes","jetpack_sharing_enabled":true,"_links":{"self":[{"href":"https:\/\/www.hoymercedes.com.ar\/principal\/wp-json\/wp\/v2\/posts\/86927","targetHints":{"allow":["GET"]}}],"collection":[{"href":"https:\/\/www.hoymercedes.com.ar\/principal\/wp-json\/wp\/v2\/posts"}],"about":[{"href":"https:\/\/www.hoymercedes.com.ar\/principal\/wp-json\/wp\/v2\/types\/post"}],"author":[{"embeddable":true,"href":"https:\/\/www.hoymercedes.com.ar\/principal\/wp-json\/wp\/v2\/users\/1"}],"replies":[{"embeddable":true,"href":"https:\/\/www.hoymercedes.com.ar\/principal\/wp-json\/wp\/v2\/comments?post=86927"}],"version-history":[{"count":0,"href":"https:\/\/www.hoymercedes.com.ar\/principal\/wp-json\/wp\/v2\/posts\/86927\/revisions"}],"wp:featuredmedia":[{"embeddable":true,"href":"https:\/\/www.hoymercedes.com.ar\/principal\/wp-json\/wp\/v2\/media\/86923"}],"wp:attachment":[{"href":"https:\/\/www.hoymercedes.com.ar\/principal\/wp-json\/wp\/v2\/media?parent=86927"}],"wp:term":[{"taxonomy":"category","embeddable":true,"href":"https:\/\/www.hoymercedes.com.ar\/principal\/wp-json\/wp\/v2\/categories?post=86927"},{"taxonomy":"post_tag","embeddable":true,"href":"https:\/\/www.hoymercedes.com.ar\/principal\/wp-json\/wp\/v2\/tags?post=86927"}],"curies":[{"name":"wp","href":"https:\/\/api.w.org\/{rel}","templated":true}]}}