{"id":86935,"date":"2019-01-17T07:37:37","date_gmt":"2019-01-17T10:37:37","guid":{"rendered":"http:\/\/www.hoymercedes.com.ar\/principal\/?p=86935"},"modified":"2019-01-16T22:49:06","modified_gmt":"2019-01-17T01:49:06","slug":"los-equipos-de-la-liga-mercedina-se-preparan","status":"publish","type":"post","link":"https:\/\/www.hoymercedes.com.ar\/principal\/2019\/01\/17\/los-equipos-de-la-liga-mercedina-se-preparan\/","title":{"rendered":"Los equipos de la Liga Mercedina se preparan"},"content":{"rendered":"\n<p>Mientras Trocha, Club Mercedes y El Front\u00f3n de San Andr\u00e9s de Giles se preparan para el Regional Amateur, y Pabell\u00f3n de Marcos Paz lo hace para el Federaci\u00f3n Norte, de a poco el resto de los clubes empiezan a generar movimiento.<\/p>\n\n\n\n<figure class=\"wp-block-image\"><img loading=\"lazy\" decoding=\"async\" width=\"719\" height=\"539\" data-attachment-id=\"86940\" data-permalink=\"https:\/\/www.hoymercedes.com.ar\/principal\/2019\/01\/17\/los-equipos-de-la-liga-mercedina-se-preparan\/el-timon\/#main\" data-orig-file=\"https:\/\/www.hoymercedes.com.ar\/principal\/wp-content\/uploads\/2019\/01\/El-Tim\u00f3n.jpg\" data-orig-size=\"719,539\" data-comments-opened=\"0\" data-image-meta=\"{&quot;aperture&quot;:&quot;0&quot;,&quot;credit&quot;:&quot;&quot;,&quot;camera&quot;:&quot;&quot;,&quot;caption&quot;:&quot;&quot;,&quot;created_timestamp&quot;:&quot;0&quot;,&quot;copyright&quot;:&quot;&quot;,&quot;focal_length&quot;:&quot;0&quot;,&quot;iso&quot;:&quot;0&quot;,&quot;shutter_speed&quot;:&quot;0&quot;,&quot;title&quot;:&quot;&quot;,&quot;orientation&quot;:&quot;0&quot;}\" data-image-title=\"El Tim\u00f3n\" data-image-description=\"\" data-image-caption=\"\" data-large-file=\"https:\/\/www.hoymercedes.com.ar\/principal\/wp-content\/uploads\/2019\/01\/El-Tim\u00f3n.jpg\" src=\"https:\/\/www.hoymercedes.com.ar\/principal\/wp-content\/uploads\/2019\/01\/El-Tim\u00f3n.jpg\" alt=\"\" class=\"wp-image-86940\" srcset=\"https:\/\/www.hoymercedes.com.ar\/principal\/wp-content\/uploads\/2019\/01\/El-Tim\u00f3n.jpg 719w, https:\/\/www.hoymercedes.com.ar\/principal\/wp-content\/uploads\/2019\/01\/El-Tim\u00f3n-150x112.jpg 150w, https:\/\/www.hoymercedes.com.ar\/principal\/wp-content\/uploads\/2019\/01\/El-Tim\u00f3n-630x472.jpg 630w, https:\/\/www.hoymercedes.com.ar\/principal\/wp-content\/uploads\/2019\/01\/El-Tim\u00f3n-320x240.jpg 320w, https:\/\/www.hoymercedes.com.ar\/principal\/wp-content\/uploads\/2019\/01\/El-Tim\u00f3n-100x75.jpg 100w\" sizes=\"auto, (max-width: 719px) 100vw, 719px\" \/><\/figure>\n\n\n\n<p><strong>AMEFIP <\/strong>&#8211; <strong>Barrio San Mart\u00edn<\/strong> es otro de los que ya anunci\u00f3 el inicio de los primeros entrenamientos del a\u00f1o y se sabe que no tendr\u00e1 a la cabeza en Primera Divisi\u00f3n a Marcelo Rementer\u00eda y en su lugar quedar\u00e1 quien era su ayudante, Jorge Camargo. Por otra parte, y mostrando su crecimiento como instituci\u00f3n, anunci\u00f3 que en breve comenzar\u00e1n los entrenamientos de la categor\u00eda Escuelita, lo que indica que en poco tiempo se sumar\u00e1 al f\u00fatbol infantil de la Liga, como en el semestre pasado lo hizo con el Femenino.<\/p>\n\n\n\n<p><strong>Atl\u00e9tico Marcos Paz<\/strong> anunci\u00f3 que probar\u00e1 jugadores de cara a la nueva temporada. Los s\u00e1bados 19 y 26 de enero se realizar\u00e1 una selecci\u00f3n de futbol\u00edstas. En ambos casos es a partir de las 16 en la cancha de Sarmiento, Libertad y Patricias Argentinas, de la vecina localidad.<\/p>\n\n\n\n<p><strong>Costa Brava<\/strong> es otro que cambi\u00f3 de entrenador. El 9 de enero anunci\u00f3 a trav\u00e9s de su red social Facebook que Maxi Scorini y su equipo no continuar\u00e1 como director t\u00e9cnico y si bien no confirmaron su sucesor, este lunes dieron a conocer que Sebastian Andrada, Facundo Lahurcada y Walter Diaz ser\u00e1n los que comanden los entrenamientos de la Reserva que se realizar\u00e1n en la Plaza del Renacimiento en el Barrio las 14 Provincias (atras del Shoping) los martes y jueves desde las 20.<\/p>\n\n\n\n<p><strong>Defensores Junior<\/strong> tambi\u00e9n tendr\u00e1 un nuevo entrenador. Oscar Altuna llega para dirigir al celeste junto a Cacho Ag\u00fcero, quien dirigi\u00f3 en la temporada pasada y ambos estar\u00e1n a cargo de Primera y Reserva. El primer encuentro fue este lunes 14 a las 19 en el circuito del Parque Municipal Independencia. <\/p>\n\n\n\n<p><strong>El Tim\u00f3n de J\u00e1uregui<\/strong> es otro que cambi\u00f3 el DT. Julio Compagnoni fue reemplazado por Guillermo Mazzulla en Reserva y Pablo \u00abPetaca\u00bb Aranda en la Mayor y actualmente se encuentra probando jugadores, como siempre de la localidad lujanera, para ambas divisionales. Compagnoni ahora es manager del f\u00fatbol del club. Lelo Basso ser\u00e1 el preparador f\u00edsico.<\/p>\n\n\n\n<p><strong>Estudiantes <\/strong>ser\u00e1 uno de los que m\u00e1s tarde empiece. El 5 de febrero, bajo las \u00f3rdenes de Gabriel Lima, el Pincha empezar\u00e1 a conformar el equipo para dar la vuelta ol\u00edmpica que se le niega desde 2007 y estar\u00e1 acompa\u00f1ado por Nicol\u00e1s Borrasca (DT Reserva) y Ra\u00fal Quintana (Quinta Divisi\u00f3n).<\/p>\n\n\n\n<p><strong>Holanda <\/strong>por el momento no presenta cambios y comenzar\u00e1 la pretemporada este 18 de enero.<\/p>\n\n\n\n<p><strong>Palometas <\/strong>fue uno de los primeros en dar a conocer los cuerpos t\u00e9cnicos de la temporada 2019 y quien estar\u00e1 en Primera Divisi\u00f3n y Reserva ser\u00e1 Juan Manuel Amed en la direcci\u00f3n t\u00e9cnica y Guido Tokashiki como preparador f\u00edsico y el s\u00e1bado 26 de enero a las 18 ser\u00e1 el primer encuentro del plantel. <\/p>\n\n\n\n<p><strong>V\u00e9lez S\u00e1rsfield<\/strong> no tendr\u00e1 cambios en el cuerpo t\u00e9cnico, ya que Ernesto Ballesteros seguir\u00e1 con su proyecto junto a Osvaldo Pinilla. Este 15 de enero comenzaron los entrenamientos y tiene dos incorporaciones que vienen del ascenso, pero no fueron dadas a conocer.<\/p>\n","protected":false},"excerpt":{"rendered":"<p>Mientras Trocha, Club Mercedes y El Front\u00f3n de San Andr\u00e9s de Giles se preparan para el Regional Amateur, y Pabell\u00f3n &#8230; <a title=\"Los equipos de la Liga Mercedina se preparan\" class=\"read-more\" href=\"https:\/\/www.hoymercedes.com.ar\/principal\/2019\/01\/17\/los-equipos-de-la-liga-mercedina-se-preparan\/\" aria-label=\"Leer m\u00e1s sobre Los equipos de la Liga Mercedina se preparan\">Leer m\u00e1s<\/a><\/p>\n","protected":false},"author":1,"featured_media":86940,"comment_status":"closed","ping_status":"open","sticky":false,"template":"","format":"standard","meta":{"_monsterinsights_skip_tracking":false,"_monsterinsights_sitenote_active":false,"_monsterinsights_sitenote_note":"","_monsterinsights_sitenote_category":0,"jetpack_post_was_ever_published":false,"_jetpack_newsletter_access":"","_jetpack_dont_email_post_to_subs":false,"_jetpack_newsletter_tier_id":0,"_jetpack_memberships_contains_paywalled_content":false,"_jetpack_memberships_contains_paid_content":false,"footnotes":"","jetpack_publicize_message":"","jetpack_publicize_feature_enabled":true,"jetpack_social_post_already_shared":true,"jetpack_social_options":{"image_generator_settings":{"template":"highway","default_image_id":0,"font":"","enabled":false},"version":2},"_wpas_customize_per_network":false},"categories":[21],"tags":[1003,10441],"class_list":["post-86935","post","type-post","status-publish","format-standard","has-post-thumbnail","hentry","category-deportes","tag-futbol","tag-pretemporada","generate-columns","tablet-grid-50","mobile-grid-100","grid-parent","grid-50"],"jetpack_publicize_connections":[],"jetpack_featured_media_url":"https:\/\/www.hoymercedes.com.ar\/principal\/wp-content\/uploads\/2019\/01\/El-Tim\u00f3n.jpg","wps_subtitle":"Liga Mercedina","jetpack_sharing_enabled":true,"_links":{"self":[{"href":"https:\/\/www.hoymercedes.com.ar\/principal\/wp-json\/wp\/v2\/posts\/86935","targetHints":{"allow":["GET"]}}],"collection":[{"href":"https:\/\/www.hoymercedes.com.ar\/principal\/wp-json\/wp\/v2\/posts"}],"about":[{"href":"https:\/\/www.hoymercedes.com.ar\/principal\/wp-json\/wp\/v2\/types\/post"}],"author":[{"embeddable":true,"href":"https:\/\/www.hoymercedes.com.ar\/principal\/wp-json\/wp\/v2\/users\/1"}],"replies":[{"embeddable":true,"href":"https:\/\/www.hoymercedes.com.ar\/principal\/wp-json\/wp\/v2\/comments?post=86935"}],"version-history":[{"count":0,"href":"https:\/\/www.hoymercedes.com.ar\/principal\/wp-json\/wp\/v2\/posts\/86935\/revisions"}],"wp:featuredmedia":[{"embeddable":true,"href":"https:\/\/www.hoymercedes.com.ar\/principal\/wp-json\/wp\/v2\/media\/86940"}],"wp:attachment":[{"href":"https:\/\/www.hoymercedes.com.ar\/principal\/wp-json\/wp\/v2\/media?parent=86935"}],"wp:term":[{"taxonomy":"category","embeddable":true,"href":"https:\/\/www.hoymercedes.com.ar\/principal\/wp-json\/wp\/v2\/categories?post=86935"},{"taxonomy":"post_tag","embeddable":true,"href":"https:\/\/www.hoymercedes.com.ar\/principal\/wp-json\/wp\/v2\/tags?post=86935"}],"curies":[{"name":"wp","href":"https:\/\/api.w.org\/{rel}","templated":true}]}}