{"id":86958,"date":"2019-01-17T16:12:39","date_gmt":"2019-01-17T19:12:39","guid":{"rendered":"http:\/\/www.hoymercedes.com.ar\/principal\/?p=86958"},"modified":"2019-01-17T17:22:19","modified_gmt":"2019-01-17T20:22:19","slug":"comenzo-la-colonia-cultural","status":"publish","type":"post","link":"https:\/\/www.hoymercedes.com.ar\/principal\/2019\/01\/17\/comenzo-la-colonia-cultural\/","title":{"rendered":"Comenz\u00f3 la Colonia Cultural"},"content":{"rendered":"\n<p>La Direcci\u00f3n de Cultura del Municipio dio inicio a la Colonia Cultural para ni\u00f1os y ni\u00f1as de la ciudad. M\u00e1s de 120 chicos y chicas participan de los ochos talleres propuestos en el Centro Cultural La Trocha entre las 9 y el mediod\u00eda, actividades culturales que se extender\u00e1n hasta los primeros d\u00edas de marzo cuando termine el receso escolar . <\/p>\n\n\n\n<figure class=\"wp-block-image\"><img loading=\"lazy\" decoding=\"async\" width=\"750\" height=\"500\" data-attachment-id=\"86960\" data-permalink=\"https:\/\/www.hoymercedes.com.ar\/principal\/2019\/01\/17\/comenzo-la-colonia-cultural\/17-muni-cultura-1\/#main\" data-orig-file=\"https:\/\/www.hoymercedes.com.ar\/principal\/wp-content\/uploads\/2019\/01\/17-muni-cultura-1.png\" data-orig-size=\"750,500\" data-comments-opened=\"0\" data-image-meta=\"{&quot;aperture&quot;:&quot;0&quot;,&quot;credit&quot;:&quot;&quot;,&quot;camera&quot;:&quot;&quot;,&quot;caption&quot;:&quot;&quot;,&quot;created_timestamp&quot;:&quot;0&quot;,&quot;copyright&quot;:&quot;&quot;,&quot;focal_length&quot;:&quot;0&quot;,&quot;iso&quot;:&quot;0&quot;,&quot;shutter_speed&quot;:&quot;0&quot;,&quot;title&quot;:&quot;&quot;,&quot;orientation&quot;:&quot;0&quot;}\" data-image-title=\"17 muni cultura 1\" data-image-description=\"\" data-image-caption=\"\" data-large-file=\"https:\/\/www.hoymercedes.com.ar\/principal\/wp-content\/uploads\/2019\/01\/17-muni-cultura-1.png\" src=\"https:\/\/www.hoymercedes.com.ar\/principal\/wp-content\/uploads\/2019\/01\/17-muni-cultura-1.png\" alt=\"\" class=\"wp-image-86960\" srcset=\"https:\/\/www.hoymercedes.com.ar\/principal\/wp-content\/uploads\/2019\/01\/17-muni-cultura-1.png 750w, https:\/\/www.hoymercedes.com.ar\/principal\/wp-content\/uploads\/2019\/01\/17-muni-cultura-1-150x100.png 150w, https:\/\/www.hoymercedes.com.ar\/principal\/wp-content\/uploads\/2019\/01\/17-muni-cultura-1-630x420.png 630w, https:\/\/www.hoymercedes.com.ar\/principal\/wp-content\/uploads\/2019\/01\/17-muni-cultura-1-720x480.png 720w, https:\/\/www.hoymercedes.com.ar\/principal\/wp-content\/uploads\/2019\/01\/17-muni-cultura-1-360x240.png 360w\" sizes=\"auto, (max-width: 750px) 100vw, 750px\" \/><\/figure>\n\n\n\n<p>Replicando lo explicado en la presentaci\u00f3n de la propuestas, el Intendente Interino Carlos Garro record\u00f3 que la iniciativa del \u00e1rea de Cultura busca incluir, educar y que chicos y chicas de Mercedes disfruten de otras actividades en los meses de verano. \u201cEstamos fomentando, apoyando y promoviendo nuestros centros culturales durante esta temporada estival donde la actividad en los mismos disminuye notablemente\u201d resalt\u00f3.<\/p>\n\n\n\n<p>Por su parte, la Directora de Cultura, Lucia Capaccio record\u00f3 que la Colonia Cultural es una propuesta para chicos y chicas de entre 4 y 11 a\u00f1os y una manera de colaborar con los Centros Culturales locales que disminuyen sus actividades en el verano. \u201cEsto permite que los Centros Culturales contin\u00faen trabajando durante estos meses y los chicos puedan conocer todo las iniciativas que desde estos espacios se desprenden\u201d agreg\u00f3 la funcionaria. <\/p>\n\n\n\n<figure class=\"wp-block-image\"><img loading=\"lazy\" decoding=\"async\" width=\"750\" height=\"500\" data-attachment-id=\"86959\" data-permalink=\"https:\/\/www.hoymercedes.com.ar\/principal\/2019\/01\/17\/comenzo-la-colonia-cultural\/17-muni-cultura-2\/#main\" data-orig-file=\"https:\/\/www.hoymercedes.com.ar\/principal\/wp-content\/uploads\/2019\/01\/17-muni-cultura-2.png\" data-orig-size=\"750,500\" data-comments-opened=\"0\" data-image-meta=\"{&quot;aperture&quot;:&quot;0&quot;,&quot;credit&quot;:&quot;&quot;,&quot;camera&quot;:&quot;&quot;,&quot;caption&quot;:&quot;&quot;,&quot;created_timestamp&quot;:&quot;0&quot;,&quot;copyright&quot;:&quot;&quot;,&quot;focal_length&quot;:&quot;0&quot;,&quot;iso&quot;:&quot;0&quot;,&quot;shutter_speed&quot;:&quot;0&quot;,&quot;title&quot;:&quot;&quot;,&quot;orientation&quot;:&quot;0&quot;}\" data-image-title=\"17 muni cultura 2\" data-image-description=\"\" data-image-caption=\"\" data-large-file=\"https:\/\/www.hoymercedes.com.ar\/principal\/wp-content\/uploads\/2019\/01\/17-muni-cultura-2.png\" src=\"https:\/\/www.hoymercedes.com.ar\/principal\/wp-content\/uploads\/2019\/01\/17-muni-cultura-2.png\" alt=\"\" class=\"wp-image-86959\" srcset=\"https:\/\/www.hoymercedes.com.ar\/principal\/wp-content\/uploads\/2019\/01\/17-muni-cultura-2.png 750w, https:\/\/www.hoymercedes.com.ar\/principal\/wp-content\/uploads\/2019\/01\/17-muni-cultura-2-150x100.png 150w, https:\/\/www.hoymercedes.com.ar\/principal\/wp-content\/uploads\/2019\/01\/17-muni-cultura-2-630x420.png 630w, https:\/\/www.hoymercedes.com.ar\/principal\/wp-content\/uploads\/2019\/01\/17-muni-cultura-2-720x480.png 720w, https:\/\/www.hoymercedes.com.ar\/principal\/wp-content\/uploads\/2019\/01\/17-muni-cultura-2-360x240.png 360w\" sizes=\"auto, (max-width: 750px) 100vw, 750px\" \/><\/figure>\n\n\n\n<p><br><\/p>\n","protected":false},"excerpt":{"rendered":"<p>La Direcci\u00f3n de Cultura del Municipio dio inicio a la Colonia Cultural para ni\u00f1os y ni\u00f1as de la ciudad. M\u00e1s &#8230; <a title=\"Comenz\u00f3 la Colonia Cultural\" class=\"read-more\" href=\"https:\/\/www.hoymercedes.com.ar\/principal\/2019\/01\/17\/comenzo-la-colonia-cultural\/\" aria-label=\"Leer m\u00e1s sobre Comenz\u00f3 la Colonia Cultural\">Leer m\u00e1s<\/a><\/p>\n","protected":false},"author":1,"featured_media":86960,"comment_status":"closed","ping_status":"open","sticky":false,"template":"","format":"standard","meta":{"_monsterinsights_skip_tracking":false,"_monsterinsights_sitenote_active":false,"_monsterinsights_sitenote_note":"","_monsterinsights_sitenote_category":0,"jetpack_post_was_ever_published":false,"_jetpack_newsletter_access":"","_jetpack_dont_email_post_to_subs":false,"_jetpack_newsletter_tier_id":0,"_jetpack_memberships_contains_paywalled_content":false,"_jetpack_memberships_contains_paid_content":false,"footnotes":"","jetpack_publicize_message":"","jetpack_publicize_feature_enabled":true,"jetpack_social_post_already_shared":true,"jetpack_social_options":{"image_generator_settings":{"template":"highway","default_image_id":0,"font":"","enabled":false},"version":2},"_wpas_customize_per_network":false},"categories":[104],"tags":[14317,7805,244],"class_list":["post-86958","post","type-post","status-publish","format-standard","has-post-thumbnail","hentry","category-cultura","tag-colonia-cultural","tag-cultura","tag-municipio-2","generate-columns","tablet-grid-50","mobile-grid-100","grid-parent","grid-50"],"jetpack_publicize_connections":[],"jetpack_featured_media_url":"https:\/\/www.hoymercedes.com.ar\/principal\/wp-content\/uploads\/2019\/01\/17-muni-cultura-1.png","wps_subtitle":"Arranc\u00f3 el lunes pasado","jetpack_sharing_enabled":true,"_links":{"self":[{"href":"https:\/\/www.hoymercedes.com.ar\/principal\/wp-json\/wp\/v2\/posts\/86958","targetHints":{"allow":["GET"]}}],"collection":[{"href":"https:\/\/www.hoymercedes.com.ar\/principal\/wp-json\/wp\/v2\/posts"}],"about":[{"href":"https:\/\/www.hoymercedes.com.ar\/principal\/wp-json\/wp\/v2\/types\/post"}],"author":[{"embeddable":true,"href":"https:\/\/www.hoymercedes.com.ar\/principal\/wp-json\/wp\/v2\/users\/1"}],"replies":[{"embeddable":true,"href":"https:\/\/www.hoymercedes.com.ar\/principal\/wp-json\/wp\/v2\/comments?post=86958"}],"version-history":[{"count":0,"href":"https:\/\/www.hoymercedes.com.ar\/principal\/wp-json\/wp\/v2\/posts\/86958\/revisions"}],"wp:featuredmedia":[{"embeddable":true,"href":"https:\/\/www.hoymercedes.com.ar\/principal\/wp-json\/wp\/v2\/media\/86960"}],"wp:attachment":[{"href":"https:\/\/www.hoymercedes.com.ar\/principal\/wp-json\/wp\/v2\/media?parent=86958"}],"wp:term":[{"taxonomy":"category","embeddable":true,"href":"https:\/\/www.hoymercedes.com.ar\/principal\/wp-json\/wp\/v2\/categories?post=86958"},{"taxonomy":"post_tag","embeddable":true,"href":"https:\/\/www.hoymercedes.com.ar\/principal\/wp-json\/wp\/v2\/tags?post=86958"}],"curies":[{"name":"wp","href":"https:\/\/api.w.org\/{rel}","templated":true}]}}