{"id":8697,"date":"2011-10-27T12:00:56","date_gmt":"2011-10-27T12:00:56","guid":{"rendered":"http:\/\/www.hoymercedes.com.ar\/principal\/?p=8697"},"modified":"2011-10-27T12:00:56","modified_gmt":"2011-10-27T12:00:56","slug":"el-dr-sergio-lopez-reflexiono-acerca-de-la-nueva-victoria-del-actual-intendente-carlos-selva","status":"publish","type":"post","link":"https:\/\/www.hoymercedes.com.ar\/principal\/2011\/10\/27\/el-dr-sergio-lopez-reflexiono-acerca-de-la-nueva-victoria-del-actual-intendente-carlos-selva\/","title":{"rendered":"El Dr. Sergio L\u00f3pez reflexion\u00f3 acerca de la nueva victoria del actual intendente  Carlos Selva"},"content":{"rendered":"<figure id=\"attachment_8699\" aria-describedby=\"caption-attachment-8699\" style=\"width: 290px\" class=\"wp-caption alignleft\"><a href=\"https:\/\/www.hoymercedes.com.ar\/principal\/wp-content\/uploads\/2011\/10\/Sergio-L\u00f3pez.jpg\"><img loading=\"lazy\" decoding=\"async\" data-attachment-id=\"8699\" data-permalink=\"https:\/\/www.hoymercedes.com.ar\/principal\/2011\/10\/27\/el-dr-sergio-lopez-reflexiono-acerca-de-la-nueva-victoria-del-actual-intendente-carlos-selva\/sergio-lopez\/#main\" data-orig-file=\"https:\/\/www.hoymercedes.com.ar\/principal\/wp-content\/uploads\/2011\/10\/Sergio-L\u00f3pez.jpg\" data-orig-size=\"325,203\" data-comments-opened=\"1\" data-image-meta=\"{&quot;aperture&quot;:&quot;2.8&quot;,&quot;credit&quot;:&quot;&quot;,&quot;camera&quot;:&quot;COOLPIX L10&quot;,&quot;caption&quot;:&quot;&quot;,&quot;created_timestamp&quot;:&quot;1319360626&quot;,&quot;copyright&quot;:&quot;Copyright 2006&quot;,&quot;focal_length&quot;:&quot;6.2&quot;,&quot;iso&quot;:&quot;64&quot;,&quot;shutter_speed&quot;:&quot;0.033333333333333&quot;,&quot;title&quot;:&quot;&quot;}\" data-image-title=\"Sergio-L\u00f3pez\" data-image-description=\"\" data-image-caption=\"\" data-large-file=\"https:\/\/www.hoymercedes.com.ar\/principal\/wp-content\/uploads\/2011\/10\/Sergio-L\u00f3pez.jpg\" class=\"size-medium wp-image-8699\" title=\"Sergio-L\u00f3pez\" src=\"https:\/\/www.hoymercedes.com.ar\/principal\/wp-content\/uploads\/2011\/10\/Sergio-L\u00f3pez-300x187.jpg\" alt=\"\" width=\"300\" height=\"187\" srcset=\"https:\/\/www.hoymercedes.com.ar\/principal\/wp-content\/uploads\/2011\/10\/Sergio-L\u00f3pez-300x187.jpg 300w, https:\/\/www.hoymercedes.com.ar\/principal\/wp-content\/uploads\/2011\/10\/Sergio-L\u00f3pez.jpg 325w\" sizes=\"auto, (max-width: 300px) 100vw, 300px\" \/><\/a><figcaption id=\"caption-attachment-8699\" class=\"wp-caption-text\">Sergio L\u00f3pez<\/figcaption><\/figure>\n<p>El titular de la Secretar\u00eda de Gobierno y Gesti\u00f3n del municipio sostuvo que el triunfo del domingo genera un aval pero al mismo tiempo un desafi\u00f3 que el intendente y su grupo de colaboradores deber\u00e1n enfrentar de ahora en adelante<\/p>\n<p>El Secreatrio de Gobierno y Gesti\u00f3n del actual intendente Carlos Selva, Sergio Fabi\u00e1n L\u00f3prz se refiri\u00f3 a lo que para \u00e9l signific\u00f3 la victoria obtenida por el jefe comuna de la ciudad en las elecciones del domingo pasado y a la imortancia que tiene el nuevo aval que los ciudadanos mercedinos dieron a la gesti\u00f3n qyue se lleva a cabo en estos momentos.<\/p>\n<p>El funcionario sostuvo entre otros conceptos <em>\u00abla decisi\u00f3n colectiva de los ciudadanos de Mercedes del pasado domingo genera de acuerdo a mi punto de vista a la vez un aval y un desaf\u00edo para la gesti\u00f3n del actual Intendente Municipal Carlos Selva.<\/em><\/p>\n<p><em>Conforme lo dijeramos antes del mismo comicio,incluso en varias notas de car\u00e1cter critico con ustedes, el Intendente se par\u00f3 ante los vecinos para explicarles todo lo que hab\u00eda hecho, pero fundamentalmente para pedirles su voto de confianza para que nos permitan seguir transformando esta ciudad, concientes de lo mucho que a\u00fan falta por realizar. Y la gente as\u00ed lo entendi\u00f3 decidiendo que Carlos Selva sea quien sigue gobernando Mercedes.<\/em><\/p>\n<p><em>Contrariamente a algunas desacertadas y hasta entiendo que poco reflexionadas opiniones que se han vertido en las \u00faltimas horas respecto de la variedad de pensamiento pol\u00edtico de origen de esos m\u00e1s de quince mil votos, especialmente de secores que intentan desmerecer lo ocurrido en las urnas, creo que sin ninguna duda, enriquecen la base de sustentaci\u00f3n y obligan a responder a las aspiraciones de todos los mercedinos en atenci\u00f3n a esa diversidad.<\/em><\/p>\n<p><em>Sab\u00edamos que iba a ser as\u00ed. Lo vaticinamos cuando instamos a que se ejerciera este derecho de opci\u00f3n que convert\u00eda a la elecci\u00f3n en un virtual balotaje, con la consiguiente polarizaci\u00f3n que ello entra\u00f1aba, y no entender que ello iba a funcionar as\u00ed, es no entender la realidad, no conocer la pol\u00edtica.<\/em><\/p>\n<p><em>Ahoira nosotros vamos a hacer lo imposible por no defraudar esas expectativas, y Carlos ha dado ejemplo de una amplitud no habitual en pol\u00edtica. Yo mismo soy ejemplo de ello, vine desde otro sectorpol\u00edtico de la ciudad y estoy absolutamente agradecido por permitirme compartir esta gesti\u00f3n y este momento tan importante para la vida de la ciudad<\/em><\/p>\n<p><em>Los desaf\u00edos son muchos. Sabemos lo que Mercedes puede, sabemos lo que el Intendente es capaz de hacer y tenemos el mandato de hacerlo\u00bb.<\/em><\/p>\n<p>Luegio el Dr. Sergio L\u00f3pez record\u00f3 que entre las cosas que se seguir\u00e1n ajustando ahora \u00a0<em>\u00abcon ucho m\u00e1s fuerza\u00bb est\u00e1n aquellas que tienen que ver con lo que signbifica la verdadera expresi\u00f3n de la modernizaci\u00f3n del Estado Municipal para hacerlo m\u00e1s \u00e1gil y sobre todo eficiente para beneficio de la mejor calidad de vida de cada uno de los vecinos de Mercedes.\u00bb<\/em><\/p>\n","protected":false},"excerpt":{"rendered":"<p>El titular de la Secretar\u00eda de Gobierno y Gesti\u00f3n del municipio sostuvo que el triunfo del domingo genera un aval &#8230; <a title=\"El Dr. Sergio L\u00f3pez reflexion\u00f3 acerca de la nueva victoria del actual intendente  Carlos Selva\" class=\"read-more\" href=\"https:\/\/www.hoymercedes.com.ar\/principal\/2011\/10\/27\/el-dr-sergio-lopez-reflexiono-acerca-de-la-nueva-victoria-del-actual-intendente-carlos-selva\/\" aria-label=\"Leer m\u00e1s sobre El Dr. Sergio L\u00f3pez reflexion\u00f3 acerca de la nueva victoria del actual intendente  Carlos Selva\">Leer m\u00e1s<\/a><\/p>\n","protected":false},"author":1,"featured_media":0,"comment_status":"open","ping_status":"open","sticky":false,"template":"","format":"standard","meta":{"_monsterinsights_skip_tracking":false,"_monsterinsights_sitenote_active":false,"_monsterinsights_sitenote_note":"","_monsterinsights_sitenote_category":0,"jetpack_post_was_ever_published":false,"_jetpack_newsletter_access":"","_jetpack_dont_email_post_to_subs":false,"_jetpack_newsletter_tier_id":0,"_jetpack_memberships_contains_paywalled_content":false,"_jetpack_memberships_contains_paid_content":false,"footnotes":"","jetpack_publicize_message":"","jetpack_publicize_feature_enabled":true,"jetpack_social_post_already_shared":false,"jetpack_social_options":{"image_generator_settings":{"template":"highway","default_image_id":0,"font":"","enabled":false},"version":2},"_wpas_customize_per_network":false},"categories":[5],"tags":[10,18,327],"class_list":["post-8697","post","type-post","status-publish","format-standard","hentry","category-politica","tag-mercedes","tag-selva","tag-sergio-lopez","generate-columns","tablet-grid-50","mobile-grid-100","grid-parent","grid-50"],"jetpack_publicize_connections":[],"jetpack_featured_media_url":"","wps_subtitle":"","jetpack_sharing_enabled":true,"_links":{"self":[{"href":"https:\/\/www.hoymercedes.com.ar\/principal\/wp-json\/wp\/v2\/posts\/8697","targetHints":{"allow":["GET"]}}],"collection":[{"href":"https:\/\/www.hoymercedes.com.ar\/principal\/wp-json\/wp\/v2\/posts"}],"about":[{"href":"https:\/\/www.hoymercedes.com.ar\/principal\/wp-json\/wp\/v2\/types\/post"}],"author":[{"embeddable":true,"href":"https:\/\/www.hoymercedes.com.ar\/principal\/wp-json\/wp\/v2\/users\/1"}],"replies":[{"embeddable":true,"href":"https:\/\/www.hoymercedes.com.ar\/principal\/wp-json\/wp\/v2\/comments?post=8697"}],"version-history":[{"count":0,"href":"https:\/\/www.hoymercedes.com.ar\/principal\/wp-json\/wp\/v2\/posts\/8697\/revisions"}],"wp:attachment":[{"href":"https:\/\/www.hoymercedes.com.ar\/principal\/wp-json\/wp\/v2\/media?parent=8697"}],"wp:term":[{"taxonomy":"category","embeddable":true,"href":"https:\/\/www.hoymercedes.com.ar\/principal\/wp-json\/wp\/v2\/categories?post=8697"},{"taxonomy":"post_tag","embeddable":true,"href":"https:\/\/www.hoymercedes.com.ar\/principal\/wp-json\/wp\/v2\/tags?post=8697"}],"curies":[{"name":"wp","href":"https:\/\/api.w.org\/{rel}","templated":true}]}}