{"id":86975,"date":"2019-01-17T17:32:28","date_gmt":"2019-01-17T20:32:28","guid":{"rendered":"http:\/\/www.hoymercedes.com.ar\/principal\/?p=86975"},"modified":"2019-01-17T17:38:47","modified_gmt":"2019-01-17T20:38:47","slug":"arrancaron-nuevas-obras-en-acceso-oeste","status":"publish","type":"post","link":"https:\/\/www.hoymercedes.com.ar\/principal\/2019\/01\/17\/arrancaron-nuevas-obras-en-acceso-oeste\/","title":{"rendered":"Arrancaron nuevas obras en Acceso Oeste"},"content":{"rendered":"\n<p>Desde Vialidad Nacional dieron cuenta del inicio de obras de ampliaci\u00f3n del Acceso Oeste, v\u00eda que los mercedinos toman para ir a la Capital Federal, y mejorar\u00eda la circulaci\u00f3n de los veh\u00edculos con los cuartos y terceros carriles. <\/p>\n\n\n\n<p>La obra consiste en la construcci\u00f3n de un cuarto carril a lo largo de 3,5 km, sentido a Luj\u00e1n. Adem\u00e1s, prev\u00e9 la pavimentaci\u00f3n de banquinas y el ensanche de los puentes Jos\u00e9 Mar\u00eda Paz y Mart\u00edn Fierro para un mejor ordenamiento en los cruces y los accesos.<\/p>\n\n\n\n<p>El proyecto incluye adem\u00e1s la incorporaci\u00f3n de 3 km de tercer carril -en ambos sentidos- y la adecuaci\u00f3n de las ramas de los distribuidores de las calles Wilde\/La Reja y Gorriti, a la altura de Moreno. Adem\u00e1s, estipula la construcci\u00f3n de una rama de enlace en el cruce de las RN 5 y 7, para agilizar la circulaci\u00f3n del tr\u00e1nsito proveniente de Mercedes con destino a San Andr\u00e9s de Giles.<\/p>\n","protected":false},"excerpt":{"rendered":"<p>Desde Vialidad Nacional dieron cuenta del inicio de obras de ampliaci\u00f3n del Acceso Oeste, v\u00eda que los mercedinos toman para &#8230; <a title=\"Arrancaron nuevas obras en Acceso Oeste\" class=\"read-more\" href=\"https:\/\/www.hoymercedes.com.ar\/principal\/2019\/01\/17\/arrancaron-nuevas-obras-en-acceso-oeste\/\" aria-label=\"Leer m\u00e1s sobre Arrancaron nuevas obras en Acceso Oeste\">Leer m\u00e1s<\/a><\/p>\n","protected":false},"author":1,"featured_media":86976,"comment_status":"closed","ping_status":"open","sticky":false,"template":"","format":"standard","meta":{"_monsterinsights_skip_tracking":false,"_monsterinsights_sitenote_active":false,"_monsterinsights_sitenote_note":"","_monsterinsights_sitenote_category":0,"jetpack_post_was_ever_published":false,"_jetpack_newsletter_access":"","_jetpack_dont_email_post_to_subs":false,"_jetpack_newsletter_tier_id":0,"_jetpack_memberships_contains_paywalled_content":false,"_jetpack_memberships_contains_paid_content":false,"footnotes":"","jetpack_publicize_message":"","jetpack_publicize_feature_enabled":true,"jetpack_social_post_already_shared":true,"jetpack_social_options":{"image_generator_settings":{"template":"highway","default_image_id":0,"font":"","enabled":false},"version":2},"_wpas_customize_per_network":false},"categories":[8],"tags":[10854,185,5947,4211],"class_list":["post-86975","post","type-post","status-publish","format-standard","has-post-thumbnail","hentry","category-sociedad","tag-acceso-oeste","tag-nacion","tag-obras-publicas","tag-ruta","generate-columns","tablet-grid-50","mobile-grid-100","grid-parent","grid-50"],"jetpack_publicize_connections":[],"jetpack_featured_media_url":"https:\/\/www.hoymercedes.com.ar\/principal\/wp-content\/uploads\/2019\/01\/17-Acceso-Oeste-324x400.jpg","wps_subtitle":"","jetpack_sharing_enabled":true,"_links":{"self":[{"href":"https:\/\/www.hoymercedes.com.ar\/principal\/wp-json\/wp\/v2\/posts\/86975","targetHints":{"allow":["GET"]}}],"collection":[{"href":"https:\/\/www.hoymercedes.com.ar\/principal\/wp-json\/wp\/v2\/posts"}],"about":[{"href":"https:\/\/www.hoymercedes.com.ar\/principal\/wp-json\/wp\/v2\/types\/post"}],"author":[{"embeddable":true,"href":"https:\/\/www.hoymercedes.com.ar\/principal\/wp-json\/wp\/v2\/users\/1"}],"replies":[{"embeddable":true,"href":"https:\/\/www.hoymercedes.com.ar\/principal\/wp-json\/wp\/v2\/comments?post=86975"}],"version-history":[{"count":0,"href":"https:\/\/www.hoymercedes.com.ar\/principal\/wp-json\/wp\/v2\/posts\/86975\/revisions"}],"wp:featuredmedia":[{"embeddable":true,"href":"https:\/\/www.hoymercedes.com.ar\/principal\/wp-json\/wp\/v2\/media\/86976"}],"wp:attachment":[{"href":"https:\/\/www.hoymercedes.com.ar\/principal\/wp-json\/wp\/v2\/media?parent=86975"}],"wp:term":[{"taxonomy":"category","embeddable":true,"href":"https:\/\/www.hoymercedes.com.ar\/principal\/wp-json\/wp\/v2\/categories?post=86975"},{"taxonomy":"post_tag","embeddable":true,"href":"https:\/\/www.hoymercedes.com.ar\/principal\/wp-json\/wp\/v2\/tags?post=86975"}],"curies":[{"name":"wp","href":"https:\/\/api.w.org\/{rel}","templated":true}]}}