{"id":86978,"date":"2019-01-17T18:12:53","date_gmt":"2019-01-17T21:12:53","guid":{"rendered":"http:\/\/www.hoymercedes.com.ar\/principal\/?p=86978"},"modified":"2019-01-17T18:04:41","modified_gmt":"2019-01-17T21:04:41","slug":"el-observatorio-municipal-invita-a-ver-el-eclipse-de-luna","status":"publish","type":"post","link":"https:\/\/www.hoymercedes.com.ar\/principal\/2019\/01\/17\/el-observatorio-municipal-invita-a-ver-el-eclipse-de-luna\/","title":{"rendered":"El Observatorio Municipal invita a ver el eclipse de Luna"},"content":{"rendered":"\n<p>En la noche del domingo y madrugada del lunes 21 de enero se podr\u00e1 ver en Argentina un nuevo eclipse total de Luna. Desde el Observatorio Municipal, que dirige Miguel de Laurenti, invitan a observar este fen\u00f3meno en las instalaciones del observatorio desde la hora 23 del domingo 20. <\/p>\n\n\n\n<figure class=\"wp-block-image\"><img loading=\"lazy\" decoding=\"async\" width=\"786\" height=\"605\" data-attachment-id=\"86968\" data-permalink=\"https:\/\/www.hoymercedes.com.ar\/principal\/18-eclipse2\/\" data-orig-file=\"https:\/\/www.hoymercedes.com.ar\/principal\/wp-content\/uploads\/2019\/01\/18-eclipse2.jpg\" data-orig-size=\"786,605\" data-comments-opened=\"0\" data-image-meta=\"{&quot;aperture&quot;:&quot;0&quot;,&quot;credit&quot;:&quot;&quot;,&quot;camera&quot;:&quot;&quot;,&quot;caption&quot;:&quot;&quot;,&quot;created_timestamp&quot;:&quot;0&quot;,&quot;copyright&quot;:&quot;&quot;,&quot;focal_length&quot;:&quot;0&quot;,&quot;iso&quot;:&quot;0&quot;,&quot;shutter_speed&quot;:&quot;0&quot;,&quot;title&quot;:&quot;&quot;,&quot;orientation&quot;:&quot;0&quot;}\" data-image-title=\"18 eclipse2\" data-image-description=\"\" data-image-caption=\"\" data-large-file=\"https:\/\/www.hoymercedes.com.ar\/principal\/wp-content\/uploads\/2019\/01\/18-eclipse2.jpg\" src=\"https:\/\/www.hoymercedes.com.ar\/principal\/wp-content\/uploads\/2019\/01\/18-eclipse2.jpg\" alt=\"\" class=\"wp-image-86968\" srcset=\"https:\/\/www.hoymercedes.com.ar\/principal\/wp-content\/uploads\/2019\/01\/18-eclipse2.jpg 786w, https:\/\/www.hoymercedes.com.ar\/principal\/wp-content\/uploads\/2019\/01\/18-eclipse2-150x115.jpg 150w, https:\/\/www.hoymercedes.com.ar\/principal\/wp-content\/uploads\/2019\/01\/18-eclipse2-630x485.jpg 630w, https:\/\/www.hoymercedes.com.ar\/principal\/wp-content\/uploads\/2019\/01\/18-eclipse2-520x400.jpg 520w\" sizes=\"auto, (max-width: 786px) 100vw, 786px\" \/><\/figure>\n\n\n\n<p>Miguel de Laurenti explic\u00f3 por distintas v\u00edas que en todo el continente se podr\u00e1 observar el eclipse total de Luna.\u00a0\u00abEste fen\u00f3meno se produce cuando la Luna ingresa en alguna de las zonas de la sombra que la Tierra proyecta hacia el espacio en direcci\u00f3n opuesta al Sol: la umbra o la penumbra. Es decir, la sombra de nuestro planeta se ve proyectada sobre nuestro sat\u00e9lite natural, que adem\u00e1s se encontrar\u00e1 en su fase \u201cllena\u201d, explica. <\/p>\n\n\n\n<p>\u00abUn eclipse lunar se denomina total cuando la Luna ingresa por completo en el cono de sombra terrestre, si s\u00f3lo ingresa una parte de ella al mismo, entonces se lo llama parcial. Y, dependiendo de la posici\u00f3n geogr\u00e1fica del observador, se puede apreciar el eclipse en su totalidad, desde el inicio al final, que es lo que suceder\u00e1 con \u00e9ste, o parcialmente\u00bb, agrega.\u00a0<\/p>\n\n\n\n<p>Las fases del eclipse se inician cuando la Luna ingresa en el cono de penumbra y luego en el de sombra o umbra. Cuando nuestro sat\u00e9lite se encuentra en la penumbra (que es casi indetectable), pierde su brillo gradualmente hasta ingresar en la sombra dando inicio a la fase umbral; all\u00ed toma un color rojizo anaranjado. Ese color se debe a los rayos solares que son refractados por nuestra atm\u00f3sfera. Luego la Luna se ve completamente eclipsada hasta el fin de la totalidad. Finalmente, la Luna sale del cono de sombra y luego del de penumbra, finalizando el eclipse.<br> Este fen\u00f3meno se aprecia a simple vista, sin riesgo alguno para la vista\u00bb, contin\u00faa explicando para luego dar detalles de los horarios el pr\u00f3ximo eclipse. <\/p>\n\n\n\n<p>El domingo 20 de enero, la luna ingresar\u00e1 en penumbra  a las 23:34:43, luego, la Luna ingresa en umbra a las 00:33:16 del 21 de enero. M\u00e1s de una hora m\u00e1s tarde comenzar\u00e1 el eclipse en s\u00ed teniendo su m\u00e1ximo a las 02:11:59\u00a0y concluyendo la totalidad a las 02:43:30. La Luna egresar\u00e1 de umbra a las 03:50:44\u00a0y egresar\u00e1 de penumbra a las 04:49:15. La duraci\u00f3n de la totalidad ser\u00e1 1 hora 3 minutos. <\/p>\n\n\n\n<p>A partir de la hora 23 del domingo 20 y hasta las 3 del lunes 21, contando con cielo despejado, estar\u00e1 abierto el Observatorio Municipal para realizar observaciones, tanto a simple vista como telesc\u00f3picas, y para dar explicaciones a trav\u00e9s de modelos sencillos del fen\u00f3meno del eclipse.<\/p>\n\n\n\n<figure class=\"wp-block-image\"><img loading=\"lazy\" decoding=\"async\" width=\"750\" height=\"422\" data-attachment-id=\"86967\" data-permalink=\"https:\/\/www.hoymercedes.com.ar\/principal\/18-eclipse\/\" data-orig-file=\"https:\/\/www.hoymercedes.com.ar\/principal\/wp-content\/uploads\/2019\/01\/18-eclipse.jpg\" data-orig-size=\"750,422\" data-comments-opened=\"0\" data-image-meta=\"{&quot;aperture&quot;:&quot;0&quot;,&quot;credit&quot;:&quot;&quot;,&quot;camera&quot;:&quot;&quot;,&quot;caption&quot;:&quot;&quot;,&quot;created_timestamp&quot;:&quot;0&quot;,&quot;copyright&quot;:&quot;&quot;,&quot;focal_length&quot;:&quot;0&quot;,&quot;iso&quot;:&quot;0&quot;,&quot;shutter_speed&quot;:&quot;0&quot;,&quot;title&quot;:&quot;&quot;,&quot;orientation&quot;:&quot;0&quot;}\" data-image-title=\"18 eclipse\" data-image-description=\"\" data-image-caption=\"\" data-large-file=\"https:\/\/www.hoymercedes.com.ar\/principal\/wp-content\/uploads\/2019\/01\/18-eclipse.jpg\" src=\"https:\/\/www.hoymercedes.com.ar\/principal\/wp-content\/uploads\/2019\/01\/18-eclipse.jpg\" alt=\"\" class=\"wp-image-86967\" srcset=\"https:\/\/www.hoymercedes.com.ar\/principal\/wp-content\/uploads\/2019\/01\/18-eclipse.jpg 750w, https:\/\/www.hoymercedes.com.ar\/principal\/wp-content\/uploads\/2019\/01\/18-eclipse-150x84.jpg 150w, https:\/\/www.hoymercedes.com.ar\/principal\/wp-content\/uploads\/2019\/01\/18-eclipse-630x354.jpg 630w\" sizes=\"auto, (max-width: 750px) 100vw, 750px\" \/><\/figure>\n\n\n\n<p><a href=\"https:\/\/www.facebook.com\/photo.php?fbid=2224894397837053&amp;set=pcb.2224896871170139&amp;type=3&amp;__tn__=HH-R&amp;eid=ARC0WHGwJx1W5q0GaYrWHhWDxU1e7XW4ctqOfDpTu0i9XWNh2GJhZZoGEWuzOLQuePZ1zT36bacW0hla\" target=\"_blank\" rel=\"noopener\"><br>\n<\/a><\/p>\n","protected":false},"excerpt":{"rendered":"<p>En la noche del domingo y madrugada del lunes 21 de enero se podr\u00e1 ver en Argentina un nuevo eclipse &#8230; <a title=\"El Observatorio Municipal invita a ver el eclipse de Luna\" class=\"read-more\" href=\"https:\/\/www.hoymercedes.com.ar\/principal\/2019\/01\/17\/el-observatorio-municipal-invita-a-ver-el-eclipse-de-luna\/\" aria-label=\"Leer m\u00e1s sobre El Observatorio Municipal invita a ver el eclipse de Luna\">Leer m\u00e1s<\/a><\/p>\n","protected":false},"author":1,"featured_media":86968,"comment_status":"closed","ping_status":"open","sticky":false,"template":"","format":"standard","meta":{"_monsterinsights_skip_tracking":false,"_monsterinsights_sitenote_active":false,"_monsterinsights_sitenote_note":"","_monsterinsights_sitenote_category":0,"jetpack_post_was_ever_published":false,"_jetpack_newsletter_access":"","_jetpack_dont_email_post_to_subs":false,"_jetpack_newsletter_tier_id":0,"_jetpack_memberships_contains_paywalled_content":false,"_jetpack_memberships_contains_paid_content":false,"footnotes":"","jetpack_publicize_message":"","jetpack_publicize_feature_enabled":true,"jetpack_social_post_already_shared":true,"jetpack_social_options":{"image_generator_settings":{"template":"highway","default_image_id":0,"font":"","enabled":false},"version":2},"_wpas_customize_per_network":false},"categories":[8],"tags":[13505,10646],"class_list":["post-86978","post","type-post","status-publish","format-standard","has-post-thumbnail","hentry","category-sociedad","tag-eclipse-de-luna","tag-observatorio-municipal","generate-columns","tablet-grid-50","mobile-grid-100","grid-parent","grid-50"],"jetpack_publicize_connections":[],"jetpack_featured_media_url":"https:\/\/www.hoymercedes.com.ar\/principal\/wp-content\/uploads\/2019\/01\/18-eclipse2.jpg","wps_subtitle":"Domingo a la noche, lunes a la madrugada","jetpack_sharing_enabled":true,"_links":{"self":[{"href":"https:\/\/www.hoymercedes.com.ar\/principal\/wp-json\/wp\/v2\/posts\/86978","targetHints":{"allow":["GET"]}}],"collection":[{"href":"https:\/\/www.hoymercedes.com.ar\/principal\/wp-json\/wp\/v2\/posts"}],"about":[{"href":"https:\/\/www.hoymercedes.com.ar\/principal\/wp-json\/wp\/v2\/types\/post"}],"author":[{"embeddable":true,"href":"https:\/\/www.hoymercedes.com.ar\/principal\/wp-json\/wp\/v2\/users\/1"}],"replies":[{"embeddable":true,"href":"https:\/\/www.hoymercedes.com.ar\/principal\/wp-json\/wp\/v2\/comments?post=86978"}],"version-history":[{"count":0,"href":"https:\/\/www.hoymercedes.com.ar\/principal\/wp-json\/wp\/v2\/posts\/86978\/revisions"}],"wp:featuredmedia":[{"embeddable":true,"href":"https:\/\/www.hoymercedes.com.ar\/principal\/wp-json\/wp\/v2\/media\/86968"}],"wp:attachment":[{"href":"https:\/\/www.hoymercedes.com.ar\/principal\/wp-json\/wp\/v2\/media?parent=86978"}],"wp:term":[{"taxonomy":"category","embeddable":true,"href":"https:\/\/www.hoymercedes.com.ar\/principal\/wp-json\/wp\/v2\/categories?post=86978"},{"taxonomy":"post_tag","embeddable":true,"href":"https:\/\/www.hoymercedes.com.ar\/principal\/wp-json\/wp\/v2\/tags?post=86978"}],"curies":[{"name":"wp","href":"https:\/\/api.w.org\/{rel}","templated":true}]}}