{"id":86994,"date":"2019-01-18T12:44:43","date_gmt":"2019-01-18T15:44:43","guid":{"rendered":"http:\/\/www.hoymercedes.com.ar\/principal\/?p=86994"},"modified":"2019-01-18T16:04:15","modified_gmt":"2019-01-18T19:04:15","slug":"arreglos-en-el-sistema-cloacal-de-los-banos-del-parque","status":"publish","type":"post","link":"https:\/\/www.hoymercedes.com.ar\/principal\/2019\/01\/18\/arreglos-en-el-sistema-cloacal-de-los-banos-del-parque\/","title":{"rendered":"Arreglos en el sistema cloacal de los ba\u00f1os del Parque"},"content":{"rendered":"\n<p>La Municipalidad de Mercedes est\u00e1 realizando por estos\nd\u00edas obras en el sector viejo del Parque Municipal. Espec\u00edficamente est\u00e1n\nrefaccionando el sistema de desag\u00fce cloacal de los ba\u00f1os del espacio p\u00fablico. De\nacuerdo a la informaci\u00f3n brindada por la comuna, el sistema sanitario del\nParque no se acondicionaba desde hace veinte a\u00f1os. <\/p>\n\n\n\n<figure class=\"wp-block-image\"><img loading=\"lazy\" decoding=\"async\" width=\"750\" height=\"421\" data-attachment-id=\"86995\" data-permalink=\"https:\/\/www.hoymercedes.com.ar\/principal\/2019\/01\/18\/arreglos-en-el-sistema-cloacal-de-los-banos-del-parque\/18-muni-parque\/#main\" data-orig-file=\"https:\/\/www.hoymercedes.com.ar\/principal\/wp-content\/uploads\/2019\/01\/18-muni-parque.jpg\" data-orig-size=\"750,421\" data-comments-opened=\"0\" data-image-meta=\"{&quot;aperture&quot;:&quot;5.6&quot;,&quot;credit&quot;:&quot;&quot;,&quot;camera&quot;:&quot;Canon EOS 60D&quot;,&quot;caption&quot;:&quot;&quot;,&quot;created_timestamp&quot;:&quot;1547719200&quot;,&quot;copyright&quot;:&quot;&quot;,&quot;focal_length&quot;:&quot;49&quot;,&quot;iso&quot;:&quot;100&quot;,&quot;shutter_speed&quot;:&quot;0.008&quot;,&quot;title&quot;:&quot;&quot;,&quot;orientation&quot;:&quot;1&quot;}\" data-image-title=\"18 muni parque\" data-image-description=\"\" data-image-caption=\"\" data-large-file=\"https:\/\/www.hoymercedes.com.ar\/principal\/wp-content\/uploads\/2019\/01\/18-muni-parque.jpg\" src=\"https:\/\/www.hoymercedes.com.ar\/principal\/wp-content\/uploads\/2019\/01\/18-muni-parque.jpg\" alt=\"\" class=\"wp-image-86995\" srcset=\"https:\/\/www.hoymercedes.com.ar\/principal\/wp-content\/uploads\/2019\/01\/18-muni-parque.jpg 750w, https:\/\/www.hoymercedes.com.ar\/principal\/wp-content\/uploads\/2019\/01\/18-muni-parque-150x84.jpg 150w, https:\/\/www.hoymercedes.com.ar\/principal\/wp-content\/uploads\/2019\/01\/18-muni-parque-630x354.jpg 630w\" sizes=\"auto, (max-width: 750px) 100vw, 750px\" \/><\/figure>\n\n\n\n<p>En di\u00e1logo con distintos medios, el Jefe de Gabinete,\nMat\u00edas Dematei explic\u00f3 que el problema en los ba\u00f1os del Parque se encontraban\ncon problemas en los niveles de los desag\u00fces de la red cloacal, adem\u00e1s de\ncontar con una \u201ccontrapendiente\u201d desde el pozo de la 60 y 29 y eso produc\u00eda que\nla zona del ba\u00f1o estuviese rebalsado. <\/p>\n\n\n\n<p>\u201cPara poner en valor el Parque Municipal, primero\nten\u00edamos que acondicionar los ba\u00f1os para que la gente que visitase el Parque\npueda utilizarlos. La obra es grande y le dar\u00e1 soluci\u00f3n al uso de los\nsanitarios. Se est\u00e1 haciendo una ca\u00f1er\u00eda paralela a la que ya hay que no tiene\nla ca\u00edda necesaria. Cuando est\u00e9 terminada la obra dejar\u00e1 de utilizarse la\nactual. Las ca\u00f1er\u00edas se llevar\u00e1n a gran profundidad ya que las napas est\u00e1n\naltas y el r\u00edo est\u00e1 muy cerca\u201d, expres\u00f3 Dematei. <\/p>\n\n\n\n<p>\u201cDesde el comienzo de la gesti\u00f3n estamos haciendo una puesta en\nvalor muy importante en el parque municipal Independencia. Estos trabajos los\nqueremos tener terminados cuanto antes porque es muy importante que la gente\ncuando venga a este lugar tenga sanitarios como corresponde\u201d, agreg\u00f3 el\nfuncionario municipal.&nbsp;&nbsp;&nbsp;<\/p>\n","protected":false},"excerpt":{"rendered":"<p>La Municipalidad de Mercedes est\u00e1 realizando por estos d\u00edas obras en el sector viejo del Parque Municipal. Espec\u00edficamente est\u00e1n refaccionando &#8230; <a title=\"Arreglos en el sistema cloacal de los ba\u00f1os del Parque\" class=\"read-more\" href=\"https:\/\/www.hoymercedes.com.ar\/principal\/2019\/01\/18\/arreglos-en-el-sistema-cloacal-de-los-banos-del-parque\/\" aria-label=\"Leer m\u00e1s sobre Arreglos en el sistema cloacal de los ba\u00f1os del Parque\">Leer m\u00e1s<\/a><\/p>\n","protected":false},"author":1,"featured_media":86995,"comment_status":"closed","ping_status":"open","sticky":false,"template":"","format":"standard","meta":{"_monsterinsights_skip_tracking":false,"_monsterinsights_sitenote_active":false,"_monsterinsights_sitenote_note":"","_monsterinsights_sitenote_category":0,"jetpack_post_was_ever_published":false,"_jetpack_newsletter_access":"","_jetpack_dont_email_post_to_subs":false,"_jetpack_newsletter_tier_id":0,"_jetpack_memberships_contains_paywalled_content":false,"_jetpack_memberships_contains_paid_content":false,"footnotes":"","jetpack_publicize_message":"","jetpack_publicize_feature_enabled":true,"jetpack_social_post_already_shared":true,"jetpack_social_options":{"image_generator_settings":{"template":"highway","default_image_id":0,"font":"","enabled":false},"version":2},"_wpas_customize_per_network":false},"categories":[30],"tags":[10358,5947,13934],"class_list":["post-86994","post","type-post","status-publish","format-standard","has-post-thumbnail","hentry","category-municipio","tag-municipio","tag-obras-publicas","tag-puesta-en-valor","generate-columns","tablet-grid-50","mobile-grid-100","grid-parent","grid-50"],"jetpack_publicize_connections":[],"jetpack_featured_media_url":"https:\/\/www.hoymercedes.com.ar\/principal\/wp-content\/uploads\/2019\/01\/18-muni-parque.jpg","wps_subtitle":"Puesta en valor","jetpack_sharing_enabled":true,"_links":{"self":[{"href":"https:\/\/www.hoymercedes.com.ar\/principal\/wp-json\/wp\/v2\/posts\/86994","targetHints":{"allow":["GET"]}}],"collection":[{"href":"https:\/\/www.hoymercedes.com.ar\/principal\/wp-json\/wp\/v2\/posts"}],"about":[{"href":"https:\/\/www.hoymercedes.com.ar\/principal\/wp-json\/wp\/v2\/types\/post"}],"author":[{"embeddable":true,"href":"https:\/\/www.hoymercedes.com.ar\/principal\/wp-json\/wp\/v2\/users\/1"}],"replies":[{"embeddable":true,"href":"https:\/\/www.hoymercedes.com.ar\/principal\/wp-json\/wp\/v2\/comments?post=86994"}],"version-history":[{"count":0,"href":"https:\/\/www.hoymercedes.com.ar\/principal\/wp-json\/wp\/v2\/posts\/86994\/revisions"}],"wp:featuredmedia":[{"embeddable":true,"href":"https:\/\/www.hoymercedes.com.ar\/principal\/wp-json\/wp\/v2\/media\/86995"}],"wp:attachment":[{"href":"https:\/\/www.hoymercedes.com.ar\/principal\/wp-json\/wp\/v2\/media?parent=86994"}],"wp:term":[{"taxonomy":"category","embeddable":true,"href":"https:\/\/www.hoymercedes.com.ar\/principal\/wp-json\/wp\/v2\/categories?post=86994"},{"taxonomy":"post_tag","embeddable":true,"href":"https:\/\/www.hoymercedes.com.ar\/principal\/wp-json\/wp\/v2\/tags?post=86994"}],"curies":[{"name":"wp","href":"https:\/\/api.w.org\/{rel}","templated":true}]}}