{"id":86998,"date":"2019-01-18T16:37:42","date_gmt":"2019-01-18T19:37:42","guid":{"rendered":"http:\/\/www.hoymercedes.com.ar\/principal\/?p=86998"},"modified":"2019-01-18T16:55:42","modified_gmt":"2019-01-18T19:55:42","slug":"desde-el-18-de-febrero-inscriben-en-el-cfp-n-401","status":"publish","type":"post","link":"https:\/\/www.hoymercedes.com.ar\/principal\/2019\/01\/18\/desde-el-18-de-febrero-inscriben-en-el-cfp-n-401\/","title":{"rendered":"Desde el 18 de febrero inscriben en el CFP N\u00b0 401"},"content":{"rendered":"\n<p><a href=\"http:\/\/cfp401mercedes.wixsite.com\/cfp401\/cursos?fbclid=IwAR23Khc25LEReyAu_2ztMKPoR4Xsaga8LqofCRYnlKRbPFD3zvJvfj68Rlo\" target=\"_blank\" rel=\"noopener\">El<\/a>\nCentro de Formaci\u00f3n Profesional N\u00b0 401 anunci\u00f3 la oferta de cursos y talleres\npara este 2019 con los horarios y d\u00edas que se dictan cada una de las\npropuestas. Para ir agendando, hay que tener en cuenta que la inscripci\u00f3n comienza\nel 18 de febrero hasta el 8 de marzo, o hasta que se cubran las vacantes de los\ndiferentes cursos. <\/p>\n\n\n\n<p>En calle 24 esquina 37, el 18 de febrero inscribir\u00e1n de\n16 a 20 horas teniendo en cuenta que son muchas las personas interesadas que el\nprimer d\u00eda se acercan a realizar la inscripci\u00f3n. Los d\u00edas subsiguientes el\nhorario es de 18 a 20 horas. <\/p>\n\n\n\n<p>La oferta para este 2019 son: &nbsp;<\/p>\n\n\n\n<ul class=\"wp-block-list\"><li>Cocinero &#8211; Inicia: 11\/03 \u2013 Finaliza: 13\/12 \u2013 Lu\/Mi\/Vi: 09:00 a 11:50 (Primario completo)<\/li><li>Auxiliar de peluquer\u00eda &#8211; Inicia: 13\/03 \u2013 Finaliza: 30\/08 \u2013 Mi\/Vi: 09:00 a 12:00 (Primario completo)<\/li><li>Artesan\u00eda en alhajas de metales 1 &#8211; Inicia: 12\/03 \u2013 Finaliza: 19\/07 \u2013 Ma\/Ju: 09:50 a 12:40 (Primario completo)<\/li><li>Confecci\u00f3n de ropa informal y deportiva &#8211; Inicia: 12\/03 \u2013 Finaliza: 13\/12 \u2013 Ma\/Ju: 10:00 a 12:00 (Primario completo)<\/li><li>Ingl\u00e9s para turismo Nivel I &#8211; Inicia: 13\/03 \u2013 Finaliza: 19\/07 \u2013Mi\/Vi: 09:00 a 12:00 (Primario completo)<\/li><li>Portugu\u00e9s para turismo Nivel I &#8211; Inicia: 12\/03 \u2013 Finaliza: 19\/07 \u2013 Ma\/Ju: 09:00 a 12:00 (Primario completo) <\/li><li>Automatizaci\u00f3n industrial por l\u00f3gica programada (PLC) &#8211; Inicia: 13\/03 \u2013 Finaliza: 05\/07 \u2013 Mi: 09:00 a 12:20 (Primario completo con conocimientos b\u00e1sicos de electricidad y de inform\u00e1tica) <\/li><li>Armador, centrador y Suelero de calzado &#8211; Inicia: 11\/03 \u2013 Finaliza: 13\/12 \u2013 Lu\/Mi: 08:30 a 11:30 (Primario completo) <\/li><li>Montador electricista &#8211; Instalador de equipos de energ\u00eda solar fotovoltaica &#8211; sistemas para calentamiento de agua por energ\u00eda solar &#8211; Inicia: 11\/03 \u2013 Finaliza: 13\/12 \u2013 Lu\/Mi\/Vi: 15:00 a 18:20 (Primario completo) Para realizar Energ\u00eda Solar deben tener aprobado el curso de Montador. Los que ya lo tengan ingresan el 20\/05\/19 pero se inscriben desde el 18\/02.<\/li><li>Operador sociocomunitario &#8211; Inicia: 12\/03 \u2013 Finaliza: 13\/12 \u2013 Ma\/Ju: 17:30 a 20:30 (Primario completo) <\/li><li>Operador de Inform\u00e1tica para administraci\u00f3n y gesti\u00f3n &#8211; Inicia: 18\/03 \u2013 Finaliza: 09\/12 \u2013 Lu\/Mi: 17:00 a 21:00 (Primario completo) <\/li><li>T\u00e9cnicas de dise\u00f1o gr\u00e1fico en sistemas inform\u00e1ticos Nivel I y II &#8211; Inicia: 12\/03 \u2013 Finaliza: 30\/08 \u2013 Ma\/Ju: 18:00 a 21:00 (Primario completo) <\/li><li>Auxiliar en Marketing de Productos &#8211; Inicia: 13\/03 \u2013 Finaliza: 13\/12 \u2013Mi\/Vi: 18:00 a 20:00 (Primario completo)<\/li><li>Cocina sin TACC &#8211; Inicia: 12\/03 \u2013 Finaliza: 19\/07 \u2013 Ma\/Vi: 18:00 a 20:20 (Primario completo)<\/li><li>Auxiliar de somelier &#8211; Inicia: 14\/03 \u2013 Finaliza: 13\/12 \u2013 Ju: 17:00 a 21:00 (Primario completo)<\/li><li>Marroquineria &#8211; Inicia: 11\/03 \u2013 Finaliza: 13\/12 \u2013 Lu\/Mi\/Ju: 18:00 a 20:30 \u2013 Obligatorio Capacitaci\u00f3n en emprendedorismo &#8211; Inicia: 13\/03 \u2013 Finaliza: 18\/07 \u2013 Mi\/Ju: 17:20 a 18:00 (Primario completo) <\/li><li>Coordinador tur\u00edstico &#8211; Inicia: 11\/03 \u2013 Finaliza: 19\/07 \u2013 Lu\/Mi\/Vi: 18:20 a 20:30 (Primario completo) <\/li><li>Remodelador de muebles &#8211; Inicia: 11\/03 \u2013 Finaliza: 13\/12 \u2013 Lu\/Mi: 18:00 a 20:40 (Primario completo)<\/li><li>Elaboraci\u00f3n y Conservaci\u00f3n de Frutas y Hortalizas &#8211; Inicia: 11\/03 \u2013 Finaliza: 17\/05 \u2013 Lu\/Mi: 18:00 a 21:00 (Primario completo) <\/li><li>Auxiliar en gesti\u00f3n previsional &#8211; Inicia: 13\/03 \u2013 Finaliza: 13\/12 \u2013 Ju: 17:30 a 20:50 (Primario completo)<\/li><li>Mantenimiento de edificios &#8211; Inicia: 12\/03 \u2013 Finaliza: 13\/12 \u2013 Ma\/Ju: 17:30 a 20:50 (Primario completo)<\/li><li>Administraci\u00f3n de microempresas &#8211; Inicia: 12\/03 \u2013 Finaliza: 13\/12 \u2013 Ma\/Ju: 18:00 a 20:00 (Primario completo) <\/li><li>Instalador de equipos de aire acondicionado &#8211; Inicia: 13\/03 \u2013 Finaliza: 13\/12 \u2013 Mi: 18:00 a 20:40 (Primario completo) <\/li><li>Mec\u00e1nica de ciclomotores (pocas vacantes ya que se cuenta con matr\u00edcula interna. Se dictar\u00e1 dentro de la Comunidad Terap\u00e9utica Ra\u00edces) &#8211; Inicia: 12\/03 \u2013 Finaliza: 13\/12 \u2013 Ma\/Ju: 14:00 a 16:40 (Primario completo) <\/li><li>Fideero (pocas vacantes ya que se cuenta con matr\u00edcula interna. Se dictar\u00e1 dentro de la Comunidad Terap\u00e9utica Ra\u00edces) &#8211; Inicia: 11\/03 \u2013 Finaliza: 13\/12 \u2013 Lu: 18:00 a 20:40 (Primario completo)<\/li><\/ul>\n\n\n\n<p>\u200bEn mayo, se abrir\u00e1 una nueva inscripci\u00f3n para otros\ncursos. En la semana del 13 de mayo se ofertar\u00e1n los cursos para Cocinero para\ncomedor escolar. En tanto, en el mes de julio se har\u00e1 la inscripci\u00f3n para el\nsegundo cuatrimestre. Los cursos que se dar\u00e1n para la segunda mitad del a\u00f1o\nson: Automatizaci\u00f3n el\u00e9ctrica para su aplicaci\u00f3n al PLC; Capacitaci\u00f3n en\nOrfebrer\u00eda; Ingl\u00e9s para Hoteler\u00eda y gastronom\u00eda; Portugu\u00e9s para Hoteler\u00eda y\ngastronom\u00eda; Auxiliar en marketing de servicios; Organizaci\u00f3n de eventos; Capacitaci\u00f3n\nen emprendedorismo; Capacitaci\u00f3n en turismo sostenible; Maquillaje profesional;\nDise\u00f1o de p\u00e1gina web; y Limpieza Institucional. <\/p>\n","protected":false},"excerpt":{"rendered":"<p>El Centro de Formaci\u00f3n Profesional N\u00b0 401 anunci\u00f3 la oferta de cursos y talleres para este 2019 con los horarios &#8230; <a title=\"Desde el 18 de febrero inscriben en el CFP N\u00b0 401\" class=\"read-more\" href=\"https:\/\/www.hoymercedes.com.ar\/principal\/2019\/01\/18\/desde-el-18-de-febrero-inscriben-en-el-cfp-n-401\/\" aria-label=\"Leer m\u00e1s sobre Desde el 18 de febrero inscriben en el CFP N\u00b0 401\">Leer m\u00e1s<\/a><\/p>\n","protected":false},"author":1,"featured_media":18554,"comment_status":"closed","ping_status":"open","sticky":false,"template":"","format":"standard","meta":{"_monsterinsights_skip_tracking":false,"_monsterinsights_sitenote_active":false,"_monsterinsights_sitenote_note":"","_monsterinsights_sitenote_category":0,"jetpack_post_was_ever_published":false,"_jetpack_newsletter_access":"","_jetpack_dont_email_post_to_subs":false,"_jetpack_newsletter_tier_id":0,"_jetpack_memberships_contains_paywalled_content":false,"_jetpack_memberships_contains_paid_content":false,"footnotes":"","jetpack_publicize_message":"","jetpack_publicize_feature_enabled":true,"jetpack_social_post_already_shared":true,"jetpack_social_options":{"image_generator_settings":{"template":"highway","default_image_id":0,"font":"","enabled":false},"version":2},"_wpas_customize_per_network":false},"categories":[23],"tags":[12342,47,8668],"class_list":["post-86998","post","type-post","status-publish","format-standard","has-post-thumbnail","hentry","category-educacion","tag-centro-de-formacion-profesional-n-401","tag-educacion-2","tag-inscripcion","generate-columns","tablet-grid-50","mobile-grid-100","grid-parent","grid-50"],"jetpack_publicize_connections":[],"jetpack_featured_media_url":"https:\/\/www.hoymercedes.com.ar\/principal\/wp-content\/uploads\/2012\/12\/FachadaCFP.jpg","wps_subtitle":"Para ir agendando","jetpack_sharing_enabled":true,"_links":{"self":[{"href":"https:\/\/www.hoymercedes.com.ar\/principal\/wp-json\/wp\/v2\/posts\/86998","targetHints":{"allow":["GET"]}}],"collection":[{"href":"https:\/\/www.hoymercedes.com.ar\/principal\/wp-json\/wp\/v2\/posts"}],"about":[{"href":"https:\/\/www.hoymercedes.com.ar\/principal\/wp-json\/wp\/v2\/types\/post"}],"author":[{"embeddable":true,"href":"https:\/\/www.hoymercedes.com.ar\/principal\/wp-json\/wp\/v2\/users\/1"}],"replies":[{"embeddable":true,"href":"https:\/\/www.hoymercedes.com.ar\/principal\/wp-json\/wp\/v2\/comments?post=86998"}],"version-history":[{"count":0,"href":"https:\/\/www.hoymercedes.com.ar\/principal\/wp-json\/wp\/v2\/posts\/86998\/revisions"}],"wp:featuredmedia":[{"embeddable":true,"href":"https:\/\/www.hoymercedes.com.ar\/principal\/wp-json\/wp\/v2\/media\/18554"}],"wp:attachment":[{"href":"https:\/\/www.hoymercedes.com.ar\/principal\/wp-json\/wp\/v2\/media?parent=86998"}],"wp:term":[{"taxonomy":"category","embeddable":true,"href":"https:\/\/www.hoymercedes.com.ar\/principal\/wp-json\/wp\/v2\/categories?post=86998"},{"taxonomy":"post_tag","embeddable":true,"href":"https:\/\/www.hoymercedes.com.ar\/principal\/wp-json\/wp\/v2\/tags?post=86998"}],"curies":[{"name":"wp","href":"https:\/\/api.w.org\/{rel}","templated":true}]}}