{"id":87001,"date":"2019-01-18T14:46:41","date_gmt":"2019-01-18T17:46:41","guid":{"rendered":"http:\/\/www.hoymercedes.com.ar\/principal\/?p=87001"},"modified":"2019-01-18T16:56:45","modified_gmt":"2019-01-18T19:56:45","slug":"hubo-otro-ruidazo-en-la-plaza-san-martin","status":"publish","type":"post","link":"https:\/\/www.hoymercedes.com.ar\/principal\/2019\/01\/18\/hubo-otro-ruidazo-en-la-plaza-san-martin\/","title":{"rendered":"Hubo otro ruidazo en la plaza San Mart\u00edn"},"content":{"rendered":"\n<p>Fue en contra del incremento en el valor de varios servicios esenciales. En Mercedes el reclamo fue convocado por MADRE, la Multisectorial contra los Despidos, el Ajuste y la Represi\u00f3n. Convoca nuevamente para el 7 de febrero, a la hora 20 en la plaza San Mart\u00edn. <\/p>\n\n\n\n<p>La Multisectorial\ncontra el Ajuste los Despidos y la Represi\u00f3n, con la concurrencia de partidos\npol\u00edticos y entidades sindicales realiz\u00f3 una nueva protesta en contra del\naumento de las tarifas.<\/p>\n\n\n\n<p>Como\nen varias ciudades del pa\u00eds, se realiz\u00f3 anoche una protesta en la plaza\ncentral, en contra del incremento en el valor de varios servicios esenciales.<\/p>\n\n\n\n<p>En\nalgunos lugares, las concentraciones fueron espontaneas. Mientras que en\nMercedes hab\u00eda sido convocada por la Multisectorial contra los Despidos, el\nAjuste y la Represi\u00f3n.<\/p>\n\n\n\n<p>Denominado\n\u201cruidazo\u201d, estuvo dirigido a despertar el inter\u00e9s de la poblaci\u00f3n en\nmanifestarse contra los tarifazos que atacan los bolsillos de todos los hogares\nargentinos. <\/p>\n\n\n\n<p>En el\nacto se realiz\u00f3 una asamblea, la cual decidi\u00f3 repetir estas movidas los\nprimeros jueves de cada mes, con lo cual convoca nuevamente para el 7 de febrero,\na las 20:00 en la plaza San Mart\u00edn, punto de referencia central de la ciudad,\npara una nueva manifestaci\u00f3n del mismo tenor.<\/p>\n\n\n\n<p>Tambi\u00e9n MADRe invita a la reuni\u00f3n organizativa a realizarse el martes 5 de febrero desde las 20 en Confiter\u00eda El Cabildo. La Multisectorial repetir\u00e1 estas manifestaciones todos los jueves de cada mes.<\/p>\n\n\n\n<p>Colaboraci\u00f3n: Diario El Oeste<\/p>\n","protected":false},"excerpt":{"rendered":"<p>Fue en contra del incremento en el valor de varios servicios esenciales. En Mercedes el reclamo fue convocado por MADRE, &#8230; <a title=\"Hubo otro ruidazo en la plaza San Mart\u00edn\" class=\"read-more\" href=\"https:\/\/www.hoymercedes.com.ar\/principal\/2019\/01\/18\/hubo-otro-ruidazo-en-la-plaza-san-martin\/\" aria-label=\"Leer m\u00e1s sobre Hubo otro ruidazo en la plaza San Mart\u00edn\">Leer m\u00e1s<\/a><\/p>\n","protected":false},"author":1,"featured_media":87002,"comment_status":"closed","ping_status":"open","sticky":false,"template":"","format":"standard","meta":{"_monsterinsights_skip_tracking":false,"_monsterinsights_sitenote_active":false,"_monsterinsights_sitenote_note":"","_monsterinsights_sitenote_category":0,"jetpack_post_was_ever_published":false,"_jetpack_newsletter_access":"","_jetpack_dont_email_post_to_subs":false,"_jetpack_newsletter_tier_id":0,"_jetpack_memberships_contains_paywalled_content":false,"_jetpack_memberships_contains_paid_content":false,"footnotes":"","jetpack_publicize_message":"","jetpack_publicize_feature_enabled":true,"jetpack_social_post_already_shared":true,"jetpack_social_options":{"image_generator_settings":{"template":"highway","default_image_id":0,"font":"","enabled":false},"version":2},"_wpas_customize_per_network":false},"categories":[5],"tags":[8510,9256,1005,5319,100,12809],"class_list":["post-87001","post","type-post","status-publish","format-standard","has-post-thumbnail","hentry","category-politica","tag-madre","tag-movilizacion","tag-plaza-san-martin","tag-politica-2","tag-reclamo","tag-ruidazo","generate-columns","tablet-grid-50","mobile-grid-100","grid-parent","grid-50"],"jetpack_publicize_connections":[],"jetpack_featured_media_url":"https:\/\/www.hoymercedes.com.ar\/principal\/wp-content\/uploads\/2019\/01\/18-madre.jpg","wps_subtitle":"","jetpack_sharing_enabled":true,"_links":{"self":[{"href":"https:\/\/www.hoymercedes.com.ar\/principal\/wp-json\/wp\/v2\/posts\/87001","targetHints":{"allow":["GET"]}}],"collection":[{"href":"https:\/\/www.hoymercedes.com.ar\/principal\/wp-json\/wp\/v2\/posts"}],"about":[{"href":"https:\/\/www.hoymercedes.com.ar\/principal\/wp-json\/wp\/v2\/types\/post"}],"author":[{"embeddable":true,"href":"https:\/\/www.hoymercedes.com.ar\/principal\/wp-json\/wp\/v2\/users\/1"}],"replies":[{"embeddable":true,"href":"https:\/\/www.hoymercedes.com.ar\/principal\/wp-json\/wp\/v2\/comments?post=87001"}],"version-history":[{"count":0,"href":"https:\/\/www.hoymercedes.com.ar\/principal\/wp-json\/wp\/v2\/posts\/87001\/revisions"}],"wp:featuredmedia":[{"embeddable":true,"href":"https:\/\/www.hoymercedes.com.ar\/principal\/wp-json\/wp\/v2\/media\/87002"}],"wp:attachment":[{"href":"https:\/\/www.hoymercedes.com.ar\/principal\/wp-json\/wp\/v2\/media?parent=87001"}],"wp:term":[{"taxonomy":"category","embeddable":true,"href":"https:\/\/www.hoymercedes.com.ar\/principal\/wp-json\/wp\/v2\/categories?post=87001"},{"taxonomy":"post_tag","embeddable":true,"href":"https:\/\/www.hoymercedes.com.ar\/principal\/wp-json\/wp\/v2\/tags?post=87001"}],"curies":[{"name":"wp","href":"https:\/\/api.w.org\/{rel}","templated":true}]}}