{"id":87007,"date":"2019-01-19T10:58:02","date_gmt":"2019-01-19T13:58:02","guid":{"rendered":"http:\/\/www.hoymercedes.com.ar\/principal\/?p=87007"},"modified":"2019-01-19T10:49:48","modified_gmt":"2019-01-19T13:49:48","slug":"comienza-la-edicion-2019-del-ciclo-musica-en-las-plazas","status":"publish","type":"post","link":"https:\/\/www.hoymercedes.com.ar\/principal\/2019\/01\/19\/comienza-la-edicion-2019-del-ciclo-musica-en-las-plazas\/","title":{"rendered":"Comienza la edici\u00f3n 2019 del ciclo M\u00fasica en las Plazas"},"content":{"rendered":"\n<p>Diez noches de m\u00fasica habr\u00e1 en las plazas del partido de\nMercedes. Desde el 25 de enero y hasta el 10 de febrero se llevar\u00e1 a cabo el\nciclo 2019 del ciclo M\u00fasica en Plazas que organiza el \u00e1rea de Cultura del Municipio\nde Mercedes. En la Plaza San Jos\u00e9 el d\u00eda viernes 25 comenzar\u00e1 el ciclo con\nfolclore y cumbia con artesanos y kermese desde la hora 19. <\/p>\n\n\n\n<figure class=\"wp-block-image is-resized\"><img loading=\"lazy\" decoding=\"async\" data-attachment-id=\"87009\" data-permalink=\"https:\/\/www.hoymercedes.com.ar\/principal\/2019\/01\/19\/comienza-la-edicion-2019-del-ciclo-musica-en-las-plazas\/20-musica-plaza-2\/#main\" data-orig-file=\"https:\/\/www.hoymercedes.com.ar\/principal\/wp-content\/uploads\/2019\/01\/20-musica-plaza-2.jpg\" data-orig-size=\"719,1280\" data-comments-opened=\"0\" data-image-meta=\"{&quot;aperture&quot;:&quot;0&quot;,&quot;credit&quot;:&quot;&quot;,&quot;camera&quot;:&quot;&quot;,&quot;caption&quot;:&quot;&quot;,&quot;created_timestamp&quot;:&quot;0&quot;,&quot;copyright&quot;:&quot;&quot;,&quot;focal_length&quot;:&quot;0&quot;,&quot;iso&quot;:&quot;0&quot;,&quot;shutter_speed&quot;:&quot;0&quot;,&quot;title&quot;:&quot;&quot;,&quot;orientation&quot;:&quot;0&quot;}\" data-image-title=\"20 musica plaza 2\" data-image-description=\"\" data-image-caption=\"\" data-large-file=\"https:\/\/www.hoymercedes.com.ar\/principal\/wp-content\/uploads\/2019\/01\/20-musica-plaza-2-575x1024.jpg\" src=\"https:\/\/www.hoymercedes.com.ar\/principal\/wp-content\/uploads\/2019\/01\/20-musica-plaza-2.jpg\" alt=\"\" class=\"wp-image-87009\" width=\"539\" height=\"960\" srcset=\"https:\/\/www.hoymercedes.com.ar\/principal\/wp-content\/uploads\/2019\/01\/20-musica-plaza-2.jpg 719w, https:\/\/www.hoymercedes.com.ar\/principal\/wp-content\/uploads\/2019\/01\/20-musica-plaza-2-84x150.jpg 84w, https:\/\/www.hoymercedes.com.ar\/principal\/wp-content\/uploads\/2019\/01\/20-musica-plaza-2-348x620.jpg 348w, https:\/\/www.hoymercedes.com.ar\/principal\/wp-content\/uploads\/2019\/01\/20-musica-plaza-2-575x1024.jpg 575w\" sizes=\"auto, (max-width: 539px) 100vw, 539px\" \/><\/figure>\n\n\n\n<p>A trav\u00e9s de una conferencia de prensa, el Intendente\nInterino Carlos Garro junto a la Directora de Cultura Luc\u00eda Capaccio y el\nSecretario de Gobierno Juan Pablo L\u00f3pez Baggio, present\u00f3 el ciclo de este a\u00f1o. \u201cCada\nvez m\u00e1s sociedades de fomento, artistas, grupos culturales, se animan y\ntrabajan para brindar un espect\u00e1culo y sumarse a esta iniciativa\u201d, dijo el\nIntendente Interino. <\/p>\n\n\n\n<p>A su lado, Capaccio cont\u00f3 que m\u00e1s de 50 artistas locales\nsubir\u00e1n al escenario en las plazas donde tambi\u00e9n habr\u00e1 artesanos, servicio de\ncantina, kermese, improvisaciones teatrales y payasos. \u201cLa actividades comenzar\u00e1n\na partir de las 19, porque hay actividades para chicos, payasos, funciones de\nt\u00edteres y diferentes entretenimientos para la familia\u201d, adelant\u00f3 y record\u00f3 que\nregresan los concursos de baile de cumbia con la gran final el \u00faltimo d\u00eda del\nciclo.<\/p>\n\n\n\n<p><strong>Grilla del ciclo\nM\u00fasica en las Plazas<\/strong><\/p>\n\n\n\n<p>-Viernes 25\/1. Plaza San Jos\u00e9 (Avenida 29 y calle 50): Comedia acrob\u00e1tica \u201cCual para tal\u201d; Sebasti\u00e1n Giovanetone (folclore); y Orquesta Org\u00e1nica (cumbia). <\/p>\n\n\n\n<p>-S\u00e1bado 26\/1. Plaza Barrio San Mart\u00edn (en calles 67 y 104): Titiriteros; Ponce de Le\u00f3n (folclore), Mati Navarro (cumbia); y El Principiante (cumbia). <\/p>\n\n\n\n<p>-Domingo 27\/1. Sociedad de Fomento de Gowland. (Calle 511 entre 504 y 506): Hernan Cruz (Tango), Mart\u00edn Soler (folclore); y Mi cumbia suena (cumbia). <\/p>\n\n\n\n<p>-Domingo 27\/1. Plaza Barrio Santa Teresita (calle 105 y 26 bis): Gonzalo Jes\u00fas (Folclore) y Menta y Lim\u00f3n (cumbia)<\/p>\n\n\n\n<p>-Viernes 1\/2 Plaza San Luis (calle 24 entre 15 y 13): Circo al Pie; Patota Aschero (tango); y Oscar Rosello (Folclore)<\/p>\n\n\n\n<p>-S\u00e1bado 2\/2 Plaza Barrio Unidad y Progreso (en calles 26 y 55): H\u00e9ctor G\u00f3mez (folclore) y La Clave (cumbia). <\/p>\n\n\n\n<p>-Domingo 3\/2 Plaza Barrio Blandengues (en calles 1 y 12): Circo al Pie; Ale Santana (rap); Matias Navarro (cumbia) y La Banda del Bondi\u00a0 (cumbia)<\/p>\n\n\n\n<p>-Viernes 8\/2 Plaza San Mart\u00edn (en calle 27, entre 24 y 26): Improvisaciones Teatrales; Payaso Tertulio\u201d; Pablo Aschero (tango); Sachapampa (folclore); y Disritmia. <\/p>\n\n\n\n<p>-Viernes 9\/2 Plaza Silvano en Tom\u00e1s Jofr\u00e9: Nahuel Fusco (tango), Fernando Pazos (Folkore); y La Banda Norte\u00f1a (cumbia)<\/p>\n\n\n\n<p>-Domingo 10\/2 Complejo Cultural La Trocha (avenida 40 y 21): Circo al Pie; L\u00f3pez Heredia (folclore) y Fernanda Ottolini y su banda (cumbia). Este d\u00eda se har\u00e1 el final del concurso de baile con la entrega de premios. <\/p>\n\n\n\n<figure class=\"wp-block-image\"><img loading=\"lazy\" decoding=\"async\" width=\"750\" height=\"500\" data-attachment-id=\"87008\" data-permalink=\"https:\/\/www.hoymercedes.com.ar\/principal\/2019\/01\/19\/comienza-la-edicion-2019-del-ciclo-musica-en-las-plazas\/20-musica-plaza-1\/#main\" data-orig-file=\"https:\/\/www.hoymercedes.com.ar\/principal\/wp-content\/uploads\/2019\/01\/20-musica-plaza-1.jpg\" data-orig-size=\"750,500\" data-comments-opened=\"0\" data-image-meta=\"{&quot;aperture&quot;:&quot;0&quot;,&quot;credit&quot;:&quot;&quot;,&quot;camera&quot;:&quot;&quot;,&quot;caption&quot;:&quot;&quot;,&quot;created_timestamp&quot;:&quot;0&quot;,&quot;copyright&quot;:&quot;&quot;,&quot;focal_length&quot;:&quot;0&quot;,&quot;iso&quot;:&quot;0&quot;,&quot;shutter_speed&quot;:&quot;0&quot;,&quot;title&quot;:&quot;&quot;,&quot;orientation&quot;:&quot;0&quot;}\" data-image-title=\"20 musica plaza 1\" data-image-description=\"\" data-image-caption=\"\" data-large-file=\"https:\/\/www.hoymercedes.com.ar\/principal\/wp-content\/uploads\/2019\/01\/20-musica-plaza-1.jpg\" src=\"https:\/\/www.hoymercedes.com.ar\/principal\/wp-content\/uploads\/2019\/01\/20-musica-plaza-1.jpg\" alt=\"\" class=\"wp-image-87008\" srcset=\"https:\/\/www.hoymercedes.com.ar\/principal\/wp-content\/uploads\/2019\/01\/20-musica-plaza-1.jpg 750w, https:\/\/www.hoymercedes.com.ar\/principal\/wp-content\/uploads\/2019\/01\/20-musica-plaza-1-150x100.jpg 150w, https:\/\/www.hoymercedes.com.ar\/principal\/wp-content\/uploads\/2019\/01\/20-musica-plaza-1-630x420.jpg 630w, https:\/\/www.hoymercedes.com.ar\/principal\/wp-content\/uploads\/2019\/01\/20-musica-plaza-1-720x480.jpg 720w, https:\/\/www.hoymercedes.com.ar\/principal\/wp-content\/uploads\/2019\/01\/20-musica-plaza-1-360x240.jpg 360w\" sizes=\"auto, (max-width: 750px) 100vw, 750px\" \/><\/figure>\n","protected":false},"excerpt":{"rendered":"<p>Diez noches de m\u00fasica habr\u00e1 en las plazas del partido de Mercedes. Desde el 25 de enero y hasta el &#8230; <a title=\"Comienza la edici\u00f3n 2019 del ciclo M\u00fasica en las Plazas\" class=\"read-more\" href=\"https:\/\/www.hoymercedes.com.ar\/principal\/2019\/01\/19\/comienza-la-edicion-2019-del-ciclo-musica-en-las-plazas\/\" aria-label=\"Leer m\u00e1s sobre Comienza la edici\u00f3n 2019 del ciclo M\u00fasica en las Plazas\">Leer m\u00e1s<\/a><\/p>\n","protected":false},"author":1,"featured_media":87008,"comment_status":"closed","ping_status":"open","sticky":false,"template":"","format":"standard","meta":{"_monsterinsights_skip_tracking":false,"_monsterinsights_sitenote_active":false,"_monsterinsights_sitenote_note":"","_monsterinsights_sitenote_category":0,"jetpack_post_was_ever_published":false,"_jetpack_newsletter_access":"","_jetpack_dont_email_post_to_subs":false,"_jetpack_newsletter_tier_id":0,"_jetpack_memberships_contains_paywalled_content":false,"_jetpack_memberships_contains_paid_content":false,"footnotes":"","jetpack_publicize_message":"","jetpack_publicize_feature_enabled":true,"jetpack_social_post_already_shared":true,"jetpack_social_options":{"image_generator_settings":{"template":"highway","default_image_id":0,"font":"","enabled":false},"version":2},"_wpas_customize_per_network":false},"categories":[104],"tags":[7805,244,8539,10455],"class_list":["post-87007","post","type-post","status-publish","format-standard","has-post-thumbnail","hentry","category-cultura","tag-cultura","tag-municipio-2","tag-musica","tag-musica-en-las-plazas","generate-columns","tablet-grid-50","mobile-grid-100","grid-parent","grid-50"],"jetpack_publicize_connections":[],"jetpack_featured_media_url":"https:\/\/www.hoymercedes.com.ar\/principal\/wp-content\/uploads\/2019\/01\/20-musica-plaza-1.jpg","wps_subtitle":"Armar la agenda","jetpack_sharing_enabled":true,"_links":{"self":[{"href":"https:\/\/www.hoymercedes.com.ar\/principal\/wp-json\/wp\/v2\/posts\/87007","targetHints":{"allow":["GET"]}}],"collection":[{"href":"https:\/\/www.hoymercedes.com.ar\/principal\/wp-json\/wp\/v2\/posts"}],"about":[{"href":"https:\/\/www.hoymercedes.com.ar\/principal\/wp-json\/wp\/v2\/types\/post"}],"author":[{"embeddable":true,"href":"https:\/\/www.hoymercedes.com.ar\/principal\/wp-json\/wp\/v2\/users\/1"}],"replies":[{"embeddable":true,"href":"https:\/\/www.hoymercedes.com.ar\/principal\/wp-json\/wp\/v2\/comments?post=87007"}],"version-history":[{"count":0,"href":"https:\/\/www.hoymercedes.com.ar\/principal\/wp-json\/wp\/v2\/posts\/87007\/revisions"}],"wp:featuredmedia":[{"embeddable":true,"href":"https:\/\/www.hoymercedes.com.ar\/principal\/wp-json\/wp\/v2\/media\/87008"}],"wp:attachment":[{"href":"https:\/\/www.hoymercedes.com.ar\/principal\/wp-json\/wp\/v2\/media?parent=87007"}],"wp:term":[{"taxonomy":"category","embeddable":true,"href":"https:\/\/www.hoymercedes.com.ar\/principal\/wp-json\/wp\/v2\/categories?post=87007"},{"taxonomy":"post_tag","embeddable":true,"href":"https:\/\/www.hoymercedes.com.ar\/principal\/wp-json\/wp\/v2\/tags?post=87007"}],"curies":[{"name":"wp","href":"https:\/\/api.w.org\/{rel}","templated":true}]}}