{"id":87014,"date":"2019-01-18T18:32:24","date_gmt":"2019-01-18T21:32:24","guid":{"rendered":"http:\/\/www.hoymercedes.com.ar\/principal\/?p=87014"},"modified":"2019-01-18T18:54:56","modified_gmt":"2019-01-18T21:54:56","slug":"partio-la-ayuda-solidaria-para-los-inundados-en-el-norte-del-pais","status":"publish","type":"post","link":"https:\/\/www.hoymercedes.com.ar\/principal\/2019\/01\/18\/partio-la-ayuda-solidaria-para-los-inundados-en-el-norte-del-pais\/","title":{"rendered":"Parti\u00f3 la ayuda solidaria para los inundados en el norte del pa\u00eds"},"content":{"rendered":"\n<p>Durante la\ntarde del jueves, y tras cinco d\u00edas de recolecci\u00f3n de donaciones, parti\u00f3 una tanda\nde ayuda para los inundados en el norte del pa\u00eds. La campa\u00f1a solidaria\norganizada por All Boys Solidario y el Club de Leones con la colaboraci\u00f3n del\nMunicipio de Mercedes recolect\u00f3 alimentos no perecederos y art\u00edculos de\nlimpieza que Gendarmer\u00eda Nacional traslada a los afectados en las provincias\ninundadas. <\/p>\n\n\n\n<figure class=\"wp-block-image\"><img loading=\"lazy\" decoding=\"async\" width=\"750\" height=\"500\" data-attachment-id=\"87015\" data-permalink=\"https:\/\/www.hoymercedes.com.ar\/principal\/2019\/01\/18\/partio-la-ayuda-solidaria-para-los-inundados-en-el-norte-del-pais\/18-solidaridad\/#main\" data-orig-file=\"https:\/\/www.hoymercedes.com.ar\/principal\/wp-content\/uploads\/2019\/01\/18-solidaridad.jpg\" data-orig-size=\"750,500\" data-comments-opened=\"0\" data-image-meta=\"{&quot;aperture&quot;:&quot;4.5&quot;,&quot;credit&quot;:&quot;&quot;,&quot;camera&quot;:&quot;Canon EOS 60D&quot;,&quot;caption&quot;:&quot;&quot;,&quot;created_timestamp&quot;:&quot;1547749517&quot;,&quot;copyright&quot;:&quot;&quot;,&quot;focal_length&quot;:&quot;21&quot;,&quot;iso&quot;:&quot;100&quot;,&quot;shutter_speed&quot;:&quot;0.005&quot;,&quot;title&quot;:&quot;&quot;,&quot;orientation&quot;:&quot;1&quot;}\" data-image-title=\"18 solidaridad\" data-image-description=\"\" data-image-caption=\"\" data-large-file=\"https:\/\/www.hoymercedes.com.ar\/principal\/wp-content\/uploads\/2019\/01\/18-solidaridad.jpg\" src=\"https:\/\/www.hoymercedes.com.ar\/principal\/wp-content\/uploads\/2019\/01\/18-solidaridad.jpg\" alt=\"\" class=\"wp-image-87015\" srcset=\"https:\/\/www.hoymercedes.com.ar\/principal\/wp-content\/uploads\/2019\/01\/18-solidaridad.jpg 750w, https:\/\/www.hoymercedes.com.ar\/principal\/wp-content\/uploads\/2019\/01\/18-solidaridad-150x100.jpg 150w, https:\/\/www.hoymercedes.com.ar\/principal\/wp-content\/uploads\/2019\/01\/18-solidaridad-630x420.jpg 630w, https:\/\/www.hoymercedes.com.ar\/principal\/wp-content\/uploads\/2019\/01\/18-solidaridad-720x480.jpg 720w, https:\/\/www.hoymercedes.com.ar\/principal\/wp-content\/uploads\/2019\/01\/18-solidaridad-360x240.jpg 360w\" sizes=\"auto, (max-width: 750px) 100vw, 750px\" \/><\/figure>\n\n\n\n<p>En di\u00e1logo\ncon distintos medios de comunicaci\u00f3n, Omar \u201cPelusa\u201d Gonz\u00e1lez que representa a &nbsp;All Boys Solidaria cont\u00f3 que &nbsp;era la cuarta columna que\nmoviliza Gendarmer\u00eda hacia la zona afectada. \u201cMuch\u00edsima gente de Mercedes\ncolabor\u00f3. En cada producto que enviamos, va la mano del mercedino para todos\naquellos que est\u00e1n sufriendo esta desgracia\u201d, resalt\u00f3.<\/p>\n\n\n\n<p>\u201cLa campa\u00f1a fue buena. Fueron\ncinco d\u00edas de recolecci\u00f3n de donaciones. Se mandaron cerca de 9 mil litros de\nagua, mil litros de leche larga vida, dos mil tetrapacks de caf\u00e9 con leche,\nbultos de ropa, una buena cantidad de alimentos no perecederos, remedios para\nuno ni\u00f1os de Chaco\u201d, relat\u00f3 Pelusa en los micr\u00f3fonos de Radio Santa Mar\u00eda. <\/p>\n\n\n\n<p>\u201cLa situaci\u00f3n es alarmante.\nLa mayor\u00eda de los argentinos no hemos tomado conciencia de lo que se est\u00e1\nviviendo. Para m\u00ed esta es grav\u00edsima. Ni siquiera se asemeja a la de febrero del\na\u00f1o pasado en Santa Victoria. Arranca en Concordia, sube por Santa Fe, Chaco,\nCorrientes, Misiones, Formosa, y todo el este de Salta est\u00e1 inundado\u201d, destac\u00f3\nel dirigente de All Boys que agradeci\u00f3 a instituciones como Gendarmer\u00eda\nNacional, a las Comisar\u00edas, a Caritas y al Municipio de Mercedes, as\u00ed como a\nlas vecinas Malena Del Giudice y Cecilia Langan.<\/p>\n\n\n\n<p>\u201cVa a traer secuelas\nterribles. El agua seguramente bajar\u00e1 dentro de un tiempo, pero lo que deja es\nterrible. Si no se empieza a trabajar realmente, pero de verdad. Estando\npresente de verdad, no desde un escritorio. Cerca del que est\u00e1 inundado\u201d, marc\u00f3\nOmar Gonz\u00e1lez en fuerte cr\u00edtica a los estados involucrados en la regi\u00f3n que se\nve afectada por inundaciones desde hace muchos a\u00f1os. <\/p>\n\n\n\n<p>Las donaciones enviadas\ndesde Mercedes permitir\u00e1n ayudar a los damnificados por el temporal y las\ninundaciones. La campa\u00f1a local continuar\u00eda a lo largo de la pr\u00f3xima semana para\nenviar un nuevo cami\u00f3n al norte del pa\u00eds. <\/p>\n","protected":false},"excerpt":{"rendered":"<p>Durante la tarde del jueves, y tras cinco d\u00edas de recolecci\u00f3n de donaciones, parti\u00f3 una tanda de ayuda para los &#8230; <a title=\"Parti\u00f3 la ayuda solidaria para los inundados en el norte del pa\u00eds\" class=\"read-more\" href=\"https:\/\/www.hoymercedes.com.ar\/principal\/2019\/01\/18\/partio-la-ayuda-solidaria-para-los-inundados-en-el-norte-del-pais\/\" aria-label=\"Leer m\u00e1s sobre Parti\u00f3 la ayuda solidaria para los inundados en el norte del pa\u00eds\">Leer m\u00e1s<\/a><\/p>\n","protected":false},"author":1,"featured_media":87015,"comment_status":"closed","ping_status":"open","sticky":false,"template":"","format":"standard","meta":{"_monsterinsights_skip_tracking":false,"_monsterinsights_sitenote_active":false,"_monsterinsights_sitenote_note":"","_monsterinsights_sitenote_category":0,"jetpack_post_was_ever_published":false,"_jetpack_newsletter_access":"","_jetpack_dont_email_post_to_subs":false,"_jetpack_newsletter_tier_id":0,"_jetpack_memberships_contains_paywalled_content":false,"_jetpack_memberships_contains_paid_content":false,"footnotes":"","jetpack_publicize_message":"","jetpack_publicize_feature_enabled":true,"jetpack_social_post_already_shared":true,"jetpack_social_options":{"image_generator_settings":{"template":"highway","default_image_id":0,"font":"","enabled":false},"version":2},"_wpas_customize_per_network":false},"categories":[8],"tags":[2908,3361],"class_list":["post-87014","post","type-post","status-publish","format-standard","has-post-thumbnail","hentry","category-sociedad","tag-inundaciones","tag-solidaridad","generate-columns","tablet-grid-50","mobile-grid-100","grid-parent","grid-50"],"jetpack_publicize_connections":[],"jetpack_featured_media_url":"https:\/\/www.hoymercedes.com.ar\/principal\/wp-content\/uploads\/2019\/01\/18-solidaridad.jpg","wps_subtitle":"Campa\u00f1a solidaria","jetpack_sharing_enabled":true,"_links":{"self":[{"href":"https:\/\/www.hoymercedes.com.ar\/principal\/wp-json\/wp\/v2\/posts\/87014","targetHints":{"allow":["GET"]}}],"collection":[{"href":"https:\/\/www.hoymercedes.com.ar\/principal\/wp-json\/wp\/v2\/posts"}],"about":[{"href":"https:\/\/www.hoymercedes.com.ar\/principal\/wp-json\/wp\/v2\/types\/post"}],"author":[{"embeddable":true,"href":"https:\/\/www.hoymercedes.com.ar\/principal\/wp-json\/wp\/v2\/users\/1"}],"replies":[{"embeddable":true,"href":"https:\/\/www.hoymercedes.com.ar\/principal\/wp-json\/wp\/v2\/comments?post=87014"}],"version-history":[{"count":0,"href":"https:\/\/www.hoymercedes.com.ar\/principal\/wp-json\/wp\/v2\/posts\/87014\/revisions"}],"wp:featuredmedia":[{"embeddable":true,"href":"https:\/\/www.hoymercedes.com.ar\/principal\/wp-json\/wp\/v2\/media\/87015"}],"wp:attachment":[{"href":"https:\/\/www.hoymercedes.com.ar\/principal\/wp-json\/wp\/v2\/media?parent=87014"}],"wp:term":[{"taxonomy":"category","embeddable":true,"href":"https:\/\/www.hoymercedes.com.ar\/principal\/wp-json\/wp\/v2\/categories?post=87014"},{"taxonomy":"post_tag","embeddable":true,"href":"https:\/\/www.hoymercedes.com.ar\/principal\/wp-json\/wp\/v2\/tags?post=87014"}],"curies":[{"name":"wp","href":"https:\/\/api.w.org\/{rel}","templated":true}]}}