{"id":8702,"date":"2011-10-28T11:30:25","date_gmt":"2011-10-28T11:30:25","guid":{"rendered":"http:\/\/www.hoymercedes.com.ar\/principal\/?p=8702"},"modified":"2011-10-28T11:30:25","modified_gmt":"2011-10-28T11:30:25","slug":"la-justicia-llega","status":"publish","type":"post","link":"https:\/\/www.hoymercedes.com.ar\/principal\/2011\/10\/28\/la-justicia-llega\/","title":{"rendered":"La justicia llega"},"content":{"rendered":"<p><span style=\"color: #000080;\"><strong>Por Marcelo Melo<\/strong><\/span><\/p>\n<p>La justicia llega. Siempre. Se conoci\u00f3 la sentencia a cadena perpetua para algunas de las personalidades m\u00e1s oscura denuestra historia: Astiz, Cavallo, Donda, Pern\u00edas, R\u00e1dice, entre otros. Pensaban, en su interior, que la impunidad que supieron exhibir ser\u00eda eterna, como la soberbia que les permit\u00eda atropellar la vida humana. Se infiltraban. Denunciaban. Torturaban. Asesinaban. Vejaciones a la condici\u00f3n del Ser de una profundidad inaudita.<\/p>\n<p>La ESMA fue uno de los m\u00e1s cruentos espacios que la \u00faltima Dictadura Miliar utiliz\u00f3 como \u00e1mbito de operaciones pol\u00edticas, militares e ideol\u00f3gicas. Sus huellas est\u00e1n hoy en nuestra sociedad libremente expuestas a partir de que N\u00e9stor Kirchner lo convirti\u00f3 en un s\u00edmbolo de lucha y defensa de los Derechos Humanos. A\u00fan sus paredes registran mensajes de los detenidos de aquella \u00e9poca. Ayer, sus familiares, y la argentina toda, los volvi\u00f3 a llorar, por dolor, pero, tambi\u00e9n por la alegr\u00eda de que la justicia de todos lleg\u00f3.<\/p>\n<p>Un d\u00eda hist\u00f3rico. Uno m\u00e1s en la argentina reciente de los Derechos Humanos. De la elevaci\u00f3n de la condici\u00f3n. Del uso correcto de la Memoria Colectiva para manifestarnos tan libremente como nos es posible.<\/p>\n<p>Caminar el sendero de la vida y el recuerdo de los que no est\u00e1n es nuestra obligaci\u00f3n. Tenerlos presentes y saber defenderlos de los a\u00fan latentes agravios pol\u00edticos e ideol\u00f3gicos que el conservadurismo suele lanzar es un deber ciudadano.<\/p>\n<p>Los represores y asesinos ahora juzgados y condenados fueron parte del m\u00e1s violento uso de los aparatos ideol\u00f3gicos y represivos del Estado en contra de la humanidad. Describir todo el da\u00f1o que han hecho, las atrocidades cometidas, las faltas perpetuadas es simplemente imposible, pero, a la vez, conocido por la sociedad gracias a un complejo proceso cultural que venimos viviendo.<\/p>\n<p>La justicia se ha manifestado y porque, como dice el proverbio griego, \u201cSoy hombre, nada humano me es ajeno\u201d no podemos menos que mostrar la satisfacci\u00f3n de que la justicia trabajo en pos de la integridad colectiva, individual y social.<\/p>\n","protected":false},"excerpt":{"rendered":"<p>Por Marcelo Melo La justicia llega. Siempre. Se conoci\u00f3 la sentencia a cadena perpetua para algunas de las personalidades m\u00e1s &#8230; <a title=\"La justicia llega\" class=\"read-more\" href=\"https:\/\/www.hoymercedes.com.ar\/principal\/2011\/10\/28\/la-justicia-llega\/\" aria-label=\"Leer m\u00e1s sobre La justicia llega\">Leer m\u00e1s<\/a><\/p>\n","protected":false},"author":1,"featured_media":0,"comment_status":"open","ping_status":"open","sticky":false,"template":"","format":"standard","meta":{"_monsterinsights_skip_tracking":false,"_monsterinsights_sitenote_active":false,"_monsterinsights_sitenote_note":"","_monsterinsights_sitenote_category":0,"jetpack_post_was_ever_published":false,"_jetpack_newsletter_access":"","_jetpack_dont_email_post_to_subs":false,"_jetpack_newsletter_tier_id":0,"_jetpack_memberships_contains_paywalled_content":false,"_jetpack_memberships_contains_paid_content":false,"footnotes":"","jetpack_publicize_message":"","jetpack_publicize_feature_enabled":true,"jetpack_social_post_already_shared":false,"jetpack_social_options":{"image_generator_settings":{"template":"highway","default_image_id":0,"font":"","enabled":false},"version":2},"_wpas_customize_per_network":false},"categories":[1],"tags":[],"class_list":["post-8702","post","type-post","status-publish","format-standard","hentry","category-opinion","generate-columns","tablet-grid-50","mobile-grid-100","grid-parent","grid-50"],"jetpack_publicize_connections":[],"jetpack_featured_media_url":"","wps_subtitle":"","jetpack_sharing_enabled":true,"_links":{"self":[{"href":"https:\/\/www.hoymercedes.com.ar\/principal\/wp-json\/wp\/v2\/posts\/8702","targetHints":{"allow":["GET"]}}],"collection":[{"href":"https:\/\/www.hoymercedes.com.ar\/principal\/wp-json\/wp\/v2\/posts"}],"about":[{"href":"https:\/\/www.hoymercedes.com.ar\/principal\/wp-json\/wp\/v2\/types\/post"}],"author":[{"embeddable":true,"href":"https:\/\/www.hoymercedes.com.ar\/principal\/wp-json\/wp\/v2\/users\/1"}],"replies":[{"embeddable":true,"href":"https:\/\/www.hoymercedes.com.ar\/principal\/wp-json\/wp\/v2\/comments?post=8702"}],"version-history":[{"count":0,"href":"https:\/\/www.hoymercedes.com.ar\/principal\/wp-json\/wp\/v2\/posts\/8702\/revisions"}],"wp:attachment":[{"href":"https:\/\/www.hoymercedes.com.ar\/principal\/wp-json\/wp\/v2\/media?parent=8702"}],"wp:term":[{"taxonomy":"category","embeddable":true,"href":"https:\/\/www.hoymercedes.com.ar\/principal\/wp-json\/wp\/v2\/categories?post=8702"},{"taxonomy":"post_tag","embeddable":true,"href":"https:\/\/www.hoymercedes.com.ar\/principal\/wp-json\/wp\/v2\/tags?post=8702"}],"curies":[{"name":"wp","href":"https:\/\/api.w.org\/{rel}","templated":true}]}}