{"id":87023,"date":"2019-01-18T20:51:43","date_gmt":"2019-01-18T23:51:43","guid":{"rendered":"http:\/\/www.hoymercedes.com.ar\/principal\/?p=87023"},"modified":"2019-01-18T20:51:50","modified_gmt":"2019-01-18T23:51:50","slug":"el-fronton-derroto-a-sportivo-baradero-y-mercedes-jugara-ante-lujan","status":"publish","type":"post","link":"https:\/\/www.hoymercedes.com.ar\/principal\/2019\/01\/18\/el-fronton-derroto-a-sportivo-baradero-y-mercedes-jugara-ante-lujan\/","title":{"rendered":"El Front\u00f3n derrot\u00f3 a Sportivo Baradero y Mercedes jugar\u00e1 ante Lujan"},"content":{"rendered":"\n<p>A poco m\u00e1s de una semana del debut en el Regional Amateur, El Front\u00f3n de San Andr\u00e9s de Giles sigue haciendo su puesta a punto jugando partidos amistosos y en esta oportunidad se midi\u00f3 ante Sportivo Baradero en condici\u00f3n de visitante.<\/p>\n\n\n\n<figure class=\"wp-block-image\"><img loading=\"lazy\" decoding=\"async\" width=\"696\" height=\"435\" data-attachment-id=\"87024\" data-permalink=\"https:\/\/www.hoymercedes.com.ar\/principal\/2019\/01\/18\/el-fronton-derroto-a-sportivo-baradero-y-mercedes-jugara-ante-lujan\/frontonamistoso-e1547758835643-696x435\/#main\" data-orig-file=\"https:\/\/www.hoymercedes.com.ar\/principal\/wp-content\/uploads\/2019\/01\/Frontonamistoso-e1547758835643-696x435.jpg\" data-orig-size=\"696,435\" data-comments-opened=\"0\" data-image-meta=\"{&quot;aperture&quot;:&quot;0&quot;,&quot;credit&quot;:&quot;&quot;,&quot;camera&quot;:&quot;&quot;,&quot;caption&quot;:&quot;&quot;,&quot;created_timestamp&quot;:&quot;0&quot;,&quot;copyright&quot;:&quot;&quot;,&quot;focal_length&quot;:&quot;0&quot;,&quot;iso&quot;:&quot;0&quot;,&quot;shutter_speed&quot;:&quot;0&quot;,&quot;title&quot;:&quot;&quot;,&quot;orientation&quot;:&quot;0&quot;}\" data-image-title=\"Frontonamistoso-e1547758835643-696&amp;#215;435\" data-image-description=\"\" data-image-caption=\"\" data-large-file=\"https:\/\/www.hoymercedes.com.ar\/principal\/wp-content\/uploads\/2019\/01\/Frontonamistoso-e1547758835643-696x435.jpg\" src=\"https:\/\/www.hoymercedes.com.ar\/principal\/wp-content\/uploads\/2019\/01\/Frontonamistoso-e1547758835643-696x435.jpg\" alt=\"\" class=\"wp-image-87024\" srcset=\"https:\/\/www.hoymercedes.com.ar\/principal\/wp-content\/uploads\/2019\/01\/Frontonamistoso-e1547758835643-696x435.jpg 696w, https:\/\/www.hoymercedes.com.ar\/principal\/wp-content\/uploads\/2019\/01\/Frontonamistoso-e1547758835643-696x435-150x94.jpg 150w, https:\/\/www.hoymercedes.com.ar\/principal\/wp-content\/uploads\/2019\/01\/Frontonamistoso-e1547758835643-696x435-630x394.jpg 630w\" sizes=\"auto, (max-width: 696px) 100vw, 696px\" \/><\/figure>\n\n\n\n<p>El primer equipo de Stopiello form\u00f3 con Caputto; Busca, T\u00e1mparo, Rold\u00e1n, Torres; Gussoni, Soria, Grosso, Gonz\u00e1lez; Paolacci y Alarc\u00f3n. Los titulares lograron un buen rendimiento y se impusieron 1 a 0 con gol del volante Gonz\u00e1lez. Pablo D\u00edaz por Busca fue el \u00fanico cambio.<\/p>\n\n\n\n<p>Luego, los suplentes salieron a la cancha. Valli; Casas, Gaynor, Randazzo, Ocampo; F. Tallarico, Crosetti, Jadra Tau, B. Tallarico; Lozano y Mansilla; fueron los elegidos por el DT. El recambio se luci\u00f3 al vencer 2 a 1 con goles del ingresante F. Dinardi y B. Tallarico. Casado tambi\u00e9n sum\u00f3 minutos en este encuentro.<\/p>\n\n\n\n<p><strong>Club Mercedes Vs. Luj\u00e1n<\/strong><\/p>\n\n\n\n<p>El blanquinegro hab\u00eda programado s\u00f3lo dos partidos de pretemporada, de los cuales uno, ante Independiente de Chivilcoy, no lo pudo jugar por lluvia, por lo que s\u00f3lo tendr\u00e1 una prueba futbol\u00edstica ante Luj\u00e1n, y ser\u00e1 este s\u00e1bado jugar\u00e1 ante Luj\u00e1n, equipo que milita en Primera C.<\/p>\n\n\n\n<p>El entrenador Walter D\u00edaz busca un central, debido a que Jossimar Mosquera se fue a Ferro de Las Flores en plena pretemporada y ahora buscar\u00e1 un defensor de iguales caracter\u00edsticas que el colombiano, pero con buen ritmo futbol\u00edstico, ya que el ex Arsenal de Sarand\u00ed ven\u00eda de mucho tiempo sin jugar y eso lo hac\u00eda estar algo relegado en el primer equipo blanquinegro.<\/p>\n","protected":false},"excerpt":{"rendered":"<p>A poco m\u00e1s de una semana del debut en el Regional Amateur, El Front\u00f3n de San Andr\u00e9s de Giles sigue &#8230; <a title=\"El Front\u00f3n derrot\u00f3 a Sportivo Baradero y Mercedes jugar\u00e1 ante Lujan\" class=\"read-more\" href=\"https:\/\/www.hoymercedes.com.ar\/principal\/2019\/01\/18\/el-fronton-derroto-a-sportivo-baradero-y-mercedes-jugara-ante-lujan\/\" aria-label=\"Leer m\u00e1s sobre El Front\u00f3n derrot\u00f3 a Sportivo Baradero y Mercedes jugar\u00e1 ante Lujan\">Leer m\u00e1s<\/a><\/p>\n","protected":false},"author":1,"featured_media":87024,"comment_status":"closed","ping_status":"open","sticky":false,"template":"","format":"standard","meta":{"_monsterinsights_skip_tracking":false,"_monsterinsights_sitenote_active":false,"_monsterinsights_sitenote_note":"","_monsterinsights_sitenote_category":0,"jetpack_post_was_ever_published":false,"_jetpack_newsletter_access":"","_jetpack_dont_email_post_to_subs":false,"_jetpack_newsletter_tier_id":0,"_jetpack_memberships_contains_paywalled_content":false,"_jetpack_memberships_contains_paid_content":false,"footnotes":"","jetpack_publicize_message":"","jetpack_publicize_feature_enabled":true,"jetpack_social_post_already_shared":true,"jetpack_social_options":{"image_generator_settings":{"template":"highway","default_image_id":0,"font":"","enabled":false},"version":2},"_wpas_customize_per_network":false},"categories":[21],"tags":[1812,14255],"class_list":["post-87023","post","type-post","status-publish","format-standard","has-post-thumbnail","hentry","category-deportes","tag-el-fronton","tag-regional-amateur","generate-columns","tablet-grid-50","mobile-grid-100","grid-parent","grid-50"],"jetpack_publicize_connections":[],"jetpack_featured_media_url":"https:\/\/www.hoymercedes.com.ar\/principal\/wp-content\/uploads\/2019\/01\/Frontonamistoso-e1547758835643-696x435.jpg","wps_subtitle":"Regional Amateur","jetpack_sharing_enabled":true,"_links":{"self":[{"href":"https:\/\/www.hoymercedes.com.ar\/principal\/wp-json\/wp\/v2\/posts\/87023","targetHints":{"allow":["GET"]}}],"collection":[{"href":"https:\/\/www.hoymercedes.com.ar\/principal\/wp-json\/wp\/v2\/posts"}],"about":[{"href":"https:\/\/www.hoymercedes.com.ar\/principal\/wp-json\/wp\/v2\/types\/post"}],"author":[{"embeddable":true,"href":"https:\/\/www.hoymercedes.com.ar\/principal\/wp-json\/wp\/v2\/users\/1"}],"replies":[{"embeddable":true,"href":"https:\/\/www.hoymercedes.com.ar\/principal\/wp-json\/wp\/v2\/comments?post=87023"}],"version-history":[{"count":0,"href":"https:\/\/www.hoymercedes.com.ar\/principal\/wp-json\/wp\/v2\/posts\/87023\/revisions"}],"wp:featuredmedia":[{"embeddable":true,"href":"https:\/\/www.hoymercedes.com.ar\/principal\/wp-json\/wp\/v2\/media\/87024"}],"wp:attachment":[{"href":"https:\/\/www.hoymercedes.com.ar\/principal\/wp-json\/wp\/v2\/media?parent=87023"}],"wp:term":[{"taxonomy":"category","embeddable":true,"href":"https:\/\/www.hoymercedes.com.ar\/principal\/wp-json\/wp\/v2\/categories?post=87023"},{"taxonomy":"post_tag","embeddable":true,"href":"https:\/\/www.hoymercedes.com.ar\/principal\/wp-json\/wp\/v2\/tags?post=87023"}],"curies":[{"name":"wp","href":"https:\/\/api.w.org\/{rel}","templated":true}]}}