{"id":87027,"date":"2019-01-19T09:53:49","date_gmt":"2019-01-19T12:53:49","guid":{"rendered":"http:\/\/www.hoymercedes.com.ar\/principal\/?p=87027"},"modified":"2019-01-18T22:04:42","modified_gmt":"2019-01-19T01:04:42","slug":"el-maxi-35-tiene-dos-lideres-por-zona","status":"publish","type":"post","link":"https:\/\/www.hoymercedes.com.ar\/principal\/2019\/01\/19\/el-maxi-35-tiene-dos-lideres-por-zona\/","title":{"rendered":"El Maxi 35 tiene dos l\u00edderes por zona"},"content":{"rendered":"\n<p>Se jug\u00f3 la segunda fecha del torneo de f\u00fatbol para jugadores mayores a 35 a\u00f1os organizado por la Direcci\u00f3n de Deportes de la Municipalidad de Mercedes y con los resultados que se dieron en el predio del Ex Instituto Mart\u00edn Rodr\u00edguez <\/p>\n\n\n\n<figure class=\"wp-block-image\"><img loading=\"lazy\" decoding=\"async\" width=\"1024\" height=\"768\" data-attachment-id=\"87028\" data-permalink=\"https:\/\/www.hoymercedes.com.ar\/principal\/2019\/01\/19\/el-maxi-35-tiene-dos-lideres-por-zona\/whatsapp-image-2019-01-15-at-00-10-23-2\/#main\" data-orig-file=\"https:\/\/www.hoymercedes.com.ar\/principal\/wp-content\/uploads\/2019\/01\/WhatsApp-Image-2019-01-15-at-00.10.23-1.jpeg\" data-orig-size=\"1032,774\" data-comments-opened=\"0\" data-image-meta=\"{&quot;aperture&quot;:&quot;0&quot;,&quot;credit&quot;:&quot;&quot;,&quot;camera&quot;:&quot;&quot;,&quot;caption&quot;:&quot;&quot;,&quot;created_timestamp&quot;:&quot;0&quot;,&quot;copyright&quot;:&quot;&quot;,&quot;focal_length&quot;:&quot;0&quot;,&quot;iso&quot;:&quot;0&quot;,&quot;shutter_speed&quot;:&quot;0&quot;,&quot;title&quot;:&quot;&quot;,&quot;orientation&quot;:&quot;0&quot;}\" data-image-title=\"WhatsApp Image 2019-01-15 at 00.10.23\" data-image-description=\"\" data-image-caption=\"\" data-large-file=\"https:\/\/www.hoymercedes.com.ar\/principal\/wp-content\/uploads\/2019\/01\/WhatsApp-Image-2019-01-15-at-00.10.23-1-1024x768.jpeg\" src=\"https:\/\/www.hoymercedes.com.ar\/principal\/wp-content\/uploads\/2019\/01\/WhatsApp-Image-2019-01-15-at-00.10.23-1-1024x768.jpeg\" alt=\"\" class=\"wp-image-87028\" srcset=\"https:\/\/www.hoymercedes.com.ar\/principal\/wp-content\/uploads\/2019\/01\/WhatsApp-Image-2019-01-15-at-00.10.23-1-1024x768.jpeg 1024w, https:\/\/www.hoymercedes.com.ar\/principal\/wp-content\/uploads\/2019\/01\/WhatsApp-Image-2019-01-15-at-00.10.23-1-150x113.jpeg 150w, https:\/\/www.hoymercedes.com.ar\/principal\/wp-content\/uploads\/2019\/01\/WhatsApp-Image-2019-01-15-at-00.10.23-1-630x473.jpeg 630w, https:\/\/www.hoymercedes.com.ar\/principal\/wp-content\/uploads\/2019\/01\/WhatsApp-Image-2019-01-15-at-00.10.23-1-320x240.jpeg 320w, https:\/\/www.hoymercedes.com.ar\/principal\/wp-content\/uploads\/2019\/01\/WhatsApp-Image-2019-01-15-at-00.10.23-1-100x75.jpeg 100w, https:\/\/www.hoymercedes.com.ar\/principal\/wp-content\/uploads\/2019\/01\/WhatsApp-Image-2019-01-15-at-00.10.23-1.jpeg 1032w\" sizes=\"auto, (max-width: 1024px) 100vw, 1024px\" \/><\/figure>\n\n\n\n<p><strong>Zona A<\/strong><br>El Marchetti 1: Mario Morales.<br>Oriente Sushi 0.<\/p>\n\n\n\n<p>Defensores I 0.<br>Los Pericos 1: Ezequiel Ivaldi.<\/p>\n\n\n\n<p>F 553 2: Lucas Ver\u00f3n 2.<br>Flandria Negro 1: Flavio De Rossi.<\/p>\n\n\n\n<p><strong>Zona B<\/strong><br>Holanda 2: Guillermo Musante y Julio Mart\u00ednez.<br>Flandria Amarillo 0.<\/p>\n\n\n\n<p>Los Mismos de Siempre 0.<br>KM 81 Olivera&nbsp; 5: Gabriel Mu\u00f1oz, Dario Souble, Juan Galarza, Guillermo Aizmendi y Marcelo Dell Aqua.<\/p>\n\n\n\n<p>Defensores II 0.<br>Defensores Seniors 4: Carlos Godoy, Danilo Soto, Daniel Scarafia y Pedro Freites.<\/p>\n\n\n\n<div class=\"wp-block-image\"><figure class=\"aligncenter\"><img loading=\"lazy\" decoding=\"async\" width=\"461\" height=\"365\" data-attachment-id=\"87029\" data-permalink=\"https:\/\/www.hoymercedes.com.ar\/principal\/2019\/01\/19\/el-maxi-35-tiene-dos-lideres-por-zona\/maxi-35-pos\/#main\" data-orig-file=\"https:\/\/www.hoymercedes.com.ar\/principal\/wp-content\/uploads\/2019\/01\/Maxi-35-pos.png\" data-orig-size=\"461,365\" data-comments-opened=\"0\" data-image-meta=\"{&quot;aperture&quot;:&quot;0&quot;,&quot;credit&quot;:&quot;&quot;,&quot;camera&quot;:&quot;&quot;,&quot;caption&quot;:&quot;&quot;,&quot;created_timestamp&quot;:&quot;0&quot;,&quot;copyright&quot;:&quot;&quot;,&quot;focal_length&quot;:&quot;0&quot;,&quot;iso&quot;:&quot;0&quot;,&quot;shutter_speed&quot;:&quot;0&quot;,&quot;title&quot;:&quot;&quot;,&quot;orientation&quot;:&quot;0&quot;}\" data-image-title=\"Maxi 35 pos\" data-image-description=\"\" data-image-caption=\"\" data-large-file=\"https:\/\/www.hoymercedes.com.ar\/principal\/wp-content\/uploads\/2019\/01\/Maxi-35-pos.png\" src=\"https:\/\/www.hoymercedes.com.ar\/principal\/wp-content\/uploads\/2019\/01\/Maxi-35-pos.png\" alt=\"\" class=\"wp-image-87029\" srcset=\"https:\/\/www.hoymercedes.com.ar\/principal\/wp-content\/uploads\/2019\/01\/Maxi-35-pos.png 461w, https:\/\/www.hoymercedes.com.ar\/principal\/wp-content\/uploads\/2019\/01\/Maxi-35-pos-150x119.png 150w\" sizes=\"auto, (max-width: 461px) 100vw, 461px\" \/><\/figure><\/div>\n\n\n\n<div class=\"wp-block-image\"><figure class=\"aligncenter\"><img loading=\"lazy\" decoding=\"async\" width=\"316\" height=\"564\" data-attachment-id=\"87030\" data-permalink=\"https:\/\/www.hoymercedes.com.ar\/principal\/2019\/01\/19\/el-maxi-35-tiene-dos-lideres-por-zona\/maxi-35-gol\/#main\" data-orig-file=\"https:\/\/www.hoymercedes.com.ar\/principal\/wp-content\/uploads\/2019\/01\/Maxi-35-gol.png\" data-orig-size=\"316,564\" data-comments-opened=\"0\" data-image-meta=\"{&quot;aperture&quot;:&quot;0&quot;,&quot;credit&quot;:&quot;&quot;,&quot;camera&quot;:&quot;&quot;,&quot;caption&quot;:&quot;&quot;,&quot;created_timestamp&quot;:&quot;0&quot;,&quot;copyright&quot;:&quot;&quot;,&quot;focal_length&quot;:&quot;0&quot;,&quot;iso&quot;:&quot;0&quot;,&quot;shutter_speed&quot;:&quot;0&quot;,&quot;title&quot;:&quot;&quot;,&quot;orientation&quot;:&quot;0&quot;}\" data-image-title=\"Maxi 35 gol\" data-image-description=\"\" data-image-caption=\"\" data-large-file=\"https:\/\/www.hoymercedes.com.ar\/principal\/wp-content\/uploads\/2019\/01\/Maxi-35-gol.png\" src=\"https:\/\/www.hoymercedes.com.ar\/principal\/wp-content\/uploads\/2019\/01\/Maxi-35-gol.png\" alt=\"\" class=\"wp-image-87030\" srcset=\"https:\/\/www.hoymercedes.com.ar\/principal\/wp-content\/uploads\/2019\/01\/Maxi-35-gol.png 316w, https:\/\/www.hoymercedes.com.ar\/principal\/wp-content\/uploads\/2019\/01\/Maxi-35-gol-84x150.png 84w\" sizes=\"auto, (max-width: 316px) 100vw, 316px\" \/><\/figure><\/div>\n","protected":false},"excerpt":{"rendered":"<p>Se jug\u00f3 la segunda fecha del torneo de f\u00fatbol para jugadores mayores a 35 a\u00f1os organizado por la Direcci\u00f3n de &#8230; <a title=\"El Maxi 35 tiene dos l\u00edderes por zona\" class=\"read-more\" href=\"https:\/\/www.hoymercedes.com.ar\/principal\/2019\/01\/19\/el-maxi-35-tiene-dos-lideres-por-zona\/\" aria-label=\"Leer m\u00e1s sobre El Maxi 35 tiene dos l\u00edderes por zona\">Leer m\u00e1s<\/a><\/p>\n","protected":false},"author":1,"featured_media":87028,"comment_status":"closed","ping_status":"open","sticky":false,"template":"","format":"standard","meta":{"_monsterinsights_skip_tracking":false,"_monsterinsights_sitenote_active":false,"_monsterinsights_sitenote_note":"","_monsterinsights_sitenote_category":0,"jetpack_post_was_ever_published":false,"_jetpack_newsletter_access":"","_jetpack_dont_email_post_to_subs":false,"_jetpack_newsletter_tier_id":0,"_jetpack_memberships_contains_paywalled_content":false,"_jetpack_memberships_contains_paid_content":false,"footnotes":"","jetpack_publicize_message":"","jetpack_publicize_feature_enabled":true,"jetpack_social_post_already_shared":true,"jetpack_social_options":{"image_generator_settings":{"template":"highway","default_image_id":0,"font":"","enabled":false},"version":2},"_wpas_customize_per_network":false},"categories":[21],"tags":[777,1003],"class_list":["post-87027","post","type-post","status-publish","format-standard","has-post-thumbnail","hentry","category-deportes","tag-direccion-de-deportes","tag-futbol","generate-columns","tablet-grid-50","mobile-grid-100","grid-parent","grid-50"],"jetpack_publicize_connections":[],"jetpack_featured_media_url":"https:\/\/www.hoymercedes.com.ar\/principal\/wp-content\/uploads\/2019\/01\/WhatsApp-Image-2019-01-15-at-00.10.23-1.jpeg","wps_subtitle":"Futbol","jetpack_sharing_enabled":true,"_links":{"self":[{"href":"https:\/\/www.hoymercedes.com.ar\/principal\/wp-json\/wp\/v2\/posts\/87027","targetHints":{"allow":["GET"]}}],"collection":[{"href":"https:\/\/www.hoymercedes.com.ar\/principal\/wp-json\/wp\/v2\/posts"}],"about":[{"href":"https:\/\/www.hoymercedes.com.ar\/principal\/wp-json\/wp\/v2\/types\/post"}],"author":[{"embeddable":true,"href":"https:\/\/www.hoymercedes.com.ar\/principal\/wp-json\/wp\/v2\/users\/1"}],"replies":[{"embeddable":true,"href":"https:\/\/www.hoymercedes.com.ar\/principal\/wp-json\/wp\/v2\/comments?post=87027"}],"version-history":[{"count":0,"href":"https:\/\/www.hoymercedes.com.ar\/principal\/wp-json\/wp\/v2\/posts\/87027\/revisions"}],"wp:featuredmedia":[{"embeddable":true,"href":"https:\/\/www.hoymercedes.com.ar\/principal\/wp-json\/wp\/v2\/media\/87028"}],"wp:attachment":[{"href":"https:\/\/www.hoymercedes.com.ar\/principal\/wp-json\/wp\/v2\/media?parent=87027"}],"wp:term":[{"taxonomy":"category","embeddable":true,"href":"https:\/\/www.hoymercedes.com.ar\/principal\/wp-json\/wp\/v2\/categories?post=87027"},{"taxonomy":"post_tag","embeddable":true,"href":"https:\/\/www.hoymercedes.com.ar\/principal\/wp-json\/wp\/v2\/tags?post=87027"}],"curies":[{"name":"wp","href":"https:\/\/api.w.org\/{rel}","templated":true}]}}