{"id":87045,"date":"2019-01-20T15:12:47","date_gmt":"2019-01-20T18:12:47","guid":{"rendered":"http:\/\/www.hoymercedes.com.ar\/principal\/?p=87045"},"modified":"2019-01-18T23:15:22","modified_gmt":"2019-01-19T02:15:22","slug":"javier-funcia-usara-el-numero-8-en-su-auto-este-ano","status":"publish","type":"post","link":"https:\/\/www.hoymercedes.com.ar\/principal\/2019\/01\/20\/javier-funcia-usara-el-numero-8-en-su-auto-este-ano\/","title":{"rendered":"Javier Funcia usar\u00e1 el n\u00famero 8 en su auto este a\u00f1o"},"content":{"rendered":"\n<p>Turismo 4000 Argentino\u00a0confirma el inicio del\u00a0Campeonato 2019, pactado entre los d\u00edas\u00a015, 16 y 17 de febrero en el Aut\u00f3dromo Roberto Mouras. Ser\u00e1 la primera fecha de un total de doce fechas que se realizar\u00e1n en diez fines de semana, con fechas confirmadas en\u00a0Olavarr\u00eda (Buenos Aires), Toay (La Pampa), Concepci\u00f3n del Uruguay (Entre R\u00edos) y R\u00edo Cuarto (C\u00f3rdoba).<\/p>\n\n\n\n<figure class=\"wp-block-image\"><img loading=\"lazy\" decoding=\"async\" width=\"960\" height=\"720\" data-attachment-id=\"78187\" data-permalink=\"https:\/\/www.hoymercedes.com.ar\/principal\/2018\/07\/05\/suerte-dispar-para-funcia-en-olavarria\/javier-funcia-en-olavarria\/#main\" data-orig-file=\"https:\/\/www.hoymercedes.com.ar\/principal\/wp-content\/uploads\/2018\/07\/Javier-Funcia-en-Olavarria.jpg\" data-orig-size=\"960,720\" data-comments-opened=\"0\" data-image-meta=\"{&quot;aperture&quot;:&quot;0&quot;,&quot;credit&quot;:&quot;&quot;,&quot;camera&quot;:&quot;&quot;,&quot;caption&quot;:&quot;&quot;,&quot;created_timestamp&quot;:&quot;0&quot;,&quot;copyright&quot;:&quot;&quot;,&quot;focal_length&quot;:&quot;0&quot;,&quot;iso&quot;:&quot;0&quot;,&quot;shutter_speed&quot;:&quot;0&quot;,&quot;title&quot;:&quot;&quot;,&quot;orientation&quot;:&quot;0&quot;}\" data-image-title=\"Javier Funcia en Olavarria\" data-image-description=\"\" data-image-caption=\"\" data-large-file=\"https:\/\/www.hoymercedes.com.ar\/principal\/wp-content\/uploads\/2018\/07\/Javier-Funcia-en-Olavarria.jpg\" src=\"https:\/\/www.hoymercedes.com.ar\/principal\/wp-content\/uploads\/2018\/07\/Javier-Funcia-en-Olavarria.jpg\" alt=\"\" class=\"wp-image-78187\" srcset=\"https:\/\/www.hoymercedes.com.ar\/principal\/wp-content\/uploads\/2018\/07\/Javier-Funcia-en-Olavarria.jpg 960w, https:\/\/www.hoymercedes.com.ar\/principal\/wp-content\/uploads\/2018\/07\/Javier-Funcia-en-Olavarria-150x113.jpg 150w, https:\/\/www.hoymercedes.com.ar\/principal\/wp-content\/uploads\/2018\/07\/Javier-Funcia-en-Olavarria-630x473.jpg 630w\" sizes=\"auto, (max-width: 960px) 100vw, 960px\" \/><\/figure>\n\n\n\n<p>En esta temporada, y tras el an\u00e1lisis realizado sobre los hechos deportivos ocurridos el a\u00f1o pasado, y con la opini\u00f3n de los pilotos participantes que as\u00ed se han manifestado,\u00a0la categor\u00eda decidi\u00f3 aplicar nuevamente el sistema de campeonato regular,\u00a0con desarrollo tradicional de principio a fin, obligando a los pilotos a ganar al menos una prueba final para poder disputar el campeonato a lo largo del a\u00f1o deportivo,\u00a0sin aplicaci\u00f3n del sistema Playoff, como ha ocurrido el a\u00f1o pasado.<\/p>\n\n\n\n<p>Un total de doce competencias se llevar\u00e1n a cabo en el pr\u00f3ximo campeonato. Entre los d\u00edas 15, 16 y 17 de febrero se disputar\u00e1 la primera competencia en el Aut\u00f3dromo Roberto Mouras (La Plata).<strong>\u00a0<\/strong>Ser\u00e1 el primero de diez fines de semana\u00a0en los que se disputar\u00e1n pruebas oficiales de Turismo 4000 Argentino, que program\u00f3 dos competencias en Toay (La Pampa) y en el \u00faltimo fin de semana del 2019, en el Aut\u00f3dromo Roberto Mouras.<\/p>\n\n\n\n<p><strong>CALENDARIO 2019 DE TURISMO 4000 ARGENTINO<\/strong><\/p>\n\n\n\n<table class=\"wp-block-table\"><tbody><tr><td>1<\/td><td>17-feb<\/td><td>ROBERTO MOURAS (LA PLATA)<\/td><\/tr><tr><td>2<\/td><td>17-mar<\/td><td>ROBERTO MOURAS (LA PLATA)<\/td><\/tr><tr><td>3<\/td><td>6-abr<\/td><td>Pcia. DE LA PAMPA (TOAY)<\/td><\/tr><tr><td>4<\/td><td>7-abr<\/td><td>Pcia. DE LA PAMPA (TOAY)<\/td><\/tr><tr><td>5<\/td><td>19-may<\/td><td>ROBERTO MOURAS (LA PLATA)<\/td><\/tr><tr><td>6<\/td><td>30-jun<\/td><td>Hnos. EMILIOZZI (OLAVARR\u00cdA)<\/td><\/tr><tr><td>7<\/td><td>21-jul<\/td><td>ROBERTO MOURAS (LA PLATA)<\/td><\/tr><tr><td>8<\/td><td>18-ago<\/td><td>Ciudad de RIO IV (CORDOBA)<\/td><\/tr><tr><td>9<\/td><td>15-sep<\/td><td>ROBERTO MOURAS (LA PLATA)<\/td><\/tr><tr><td>10<\/td><td>26-oct<\/td><td>C. del URUGUAY (ENTRE RIOS)<\/td><\/tr><tr><td>11<\/td><td>6-dic<\/td><td>ROBERTO MOURAS (LA PLATA)<\/td><\/tr><tr><td>12<\/td><td>7-dic<\/td><td>ROBERTO MOURAS (LA PLATA)<\/td><\/tr><\/tbody><\/table>\n\n\n\n<p><strong>RANKING 2019 TURISMO 4000 ARGENTINO<\/strong><\/p>\n\n\n\n<p>1 GERMAN PIETRANERA FORD<br>2 EMMANUEL P\u00c9REZ BRAVO CHEVROLET<br>3 JORGE GARGAGLIONE CHEVROLET<br>4 NICOLAS MATTA DODGE<br>5 JUAN CARLOS BAVA FORD<br>6 GONZALO ARAMBURU FORD<br>7 RICARDO ZUBIA CHEVROLET<br>8 JAVIER FUNCIA FORD<br>9 DAMIAN COVATTI FORD<br>10 JAVIER GUINDANI CHEVROLET<br>11 ANTONIO BARTUCCI CHEVROLET<br>12 MAXIMO TONLORENZI CHEVROLET<br>13 GONZALO GONZALEZ CHEVROLET<br>14 GABRIEL GRIJNIEWICZ DODGE<br>15 CLAUDIO RODRIGUEZ FORD<br>16 JUAN JOSE EGUIA CHEVROLET<br>17 FABIAN NOWAK CHEVROLET<br>18 RAMIRO DAILOFF CHEVROLET<br>19 SERGIO KOBACH CHEVROLET<br>20 GABRIEL SELVA CHEVROLET<br>21 DARIO RAPARI DODGE<br>22 CARLOS GREGORIETTI FORD<br>23 DOMINGO SAPIA CHEVROLET<br>24 NORBERTO RANDAZZO CHEVROLET<br>25 ANDRES KECHICHIAN DODGE<br>26 NILSON DE SA FORD<br>27 NATALIO JUGON FORD<br>28 FEDERICO LARROQUE DODGE<br>29 GERARDO FUHR CHEVROLET<br>30 MAURICIO GIOVANETTI CHEVROLET<br>81 NICOLAS BIONDO FORD<\/p>\n","protected":false},"excerpt":{"rendered":"<p>Turismo 4000 Argentino\u00a0confirma el inicio del\u00a0Campeonato 2019, pactado entre los d\u00edas\u00a015, 16 y 17 de febrero en el Aut\u00f3dromo Roberto &#8230; <a title=\"Javier Funcia usar\u00e1 el n\u00famero 8 en su auto este a\u00f1o\" class=\"read-more\" href=\"https:\/\/www.hoymercedes.com.ar\/principal\/2019\/01\/20\/javier-funcia-usara-el-numero-8-en-su-auto-este-ano\/\" aria-label=\"Leer m\u00e1s sobre Javier Funcia usar\u00e1 el n\u00famero 8 en su auto este a\u00f1o\">Leer m\u00e1s<\/a><\/p>\n","protected":false},"author":1,"featured_media":78187,"comment_status":"closed","ping_status":"open","sticky":false,"template":"","format":"standard","meta":{"_monsterinsights_skip_tracking":false,"_monsterinsights_sitenote_active":false,"_monsterinsights_sitenote_note":"","_monsterinsights_sitenote_category":0,"jetpack_post_was_ever_published":false,"_jetpack_newsletter_access":"","_jetpack_dont_email_post_to_subs":false,"_jetpack_newsletter_tier_id":0,"_jetpack_memberships_contains_paywalled_content":false,"_jetpack_memberships_contains_paid_content":false,"footnotes":"","jetpack_publicize_message":"","jetpack_publicize_feature_enabled":true,"jetpack_social_post_already_shared":true,"jetpack_social_options":{"image_generator_settings":{"template":"highway","default_image_id":0,"font":"","enabled":false},"version":2},"_wpas_customize_per_network":false},"categories":[21],"tags":[9273,6300],"class_list":["post-87045","post","type-post","status-publish","format-standard","has-post-thumbnail","hentry","category-deportes","tag-automovilismo","tag-javier-funcia","generate-columns","tablet-grid-50","mobile-grid-100","grid-parent","grid-50"],"jetpack_publicize_connections":[],"jetpack_featured_media_url":"https:\/\/www.hoymercedes.com.ar\/principal\/wp-content\/uploads\/2018\/07\/Javier-Funcia-en-Olavarria.jpg","wps_subtitle":"Automovilismo","jetpack_sharing_enabled":true,"_links":{"self":[{"href":"https:\/\/www.hoymercedes.com.ar\/principal\/wp-json\/wp\/v2\/posts\/87045","targetHints":{"allow":["GET"]}}],"collection":[{"href":"https:\/\/www.hoymercedes.com.ar\/principal\/wp-json\/wp\/v2\/posts"}],"about":[{"href":"https:\/\/www.hoymercedes.com.ar\/principal\/wp-json\/wp\/v2\/types\/post"}],"author":[{"embeddable":true,"href":"https:\/\/www.hoymercedes.com.ar\/principal\/wp-json\/wp\/v2\/users\/1"}],"replies":[{"embeddable":true,"href":"https:\/\/www.hoymercedes.com.ar\/principal\/wp-json\/wp\/v2\/comments?post=87045"}],"version-history":[{"count":0,"href":"https:\/\/www.hoymercedes.com.ar\/principal\/wp-json\/wp\/v2\/posts\/87045\/revisions"}],"wp:featuredmedia":[{"embeddable":true,"href":"https:\/\/www.hoymercedes.com.ar\/principal\/wp-json\/wp\/v2\/media\/78187"}],"wp:attachment":[{"href":"https:\/\/www.hoymercedes.com.ar\/principal\/wp-json\/wp\/v2\/media?parent=87045"}],"wp:term":[{"taxonomy":"category","embeddable":true,"href":"https:\/\/www.hoymercedes.com.ar\/principal\/wp-json\/wp\/v2\/categories?post=87045"},{"taxonomy":"post_tag","embeddable":true,"href":"https:\/\/www.hoymercedes.com.ar\/principal\/wp-json\/wp\/v2\/tags?post=87045"}],"curies":[{"name":"wp","href":"https:\/\/api.w.org\/{rel}","templated":true}]}}