{"id":87054,"date":"2019-01-19T14:49:08","date_gmt":"2019-01-19T17:49:08","guid":{"rendered":"http:\/\/www.hoymercedes.com.ar\/principal\/?p=87054"},"modified":"2019-01-19T12:03:18","modified_gmt":"2019-01-19T15:03:18","slug":"concluyen-obra-cloacal-en-calle-11-entre-30-y-32","status":"publish","type":"post","link":"https:\/\/www.hoymercedes.com.ar\/principal\/2019\/01\/19\/concluyen-obra-cloacal-en-calle-11-entre-30-y-32\/","title":{"rendered":"Concluyen obra cloacal en calle 11, entre 30 y 32"},"content":{"rendered":"\n<p>El\u00a0\u00e1rea\u00a0de Obras P\u00fablicas de la Municipalidad de Mercedes termin\u00f3 la obra que estaba realiz\u00e1ndose en la cuadra de la calle 11 entre las calles 30 y 32. La obra implic\u00f3 mejoras en la red cloacal que implicaron el recambio de la red y ahora realizan el hormigonado de la calle. <\/p>\n\n\n\n<figure class=\"wp-block-image\"><img loading=\"lazy\" decoding=\"async\" width=\"750\" height=\"421\" data-attachment-id=\"87056\" data-permalink=\"https:\/\/www.hoymercedes.com.ar\/principal\/2019\/01\/19\/concluyen-obra-cloacal-en-calle-11-entre-30-y-32\/19-muni-calle-11\/#main\" data-orig-file=\"https:\/\/www.hoymercedes.com.ar\/principal\/wp-content\/uploads\/2019\/01\/19-muni-calle-11.jpg\" data-orig-size=\"750,421\" data-comments-opened=\"0\" data-image-meta=\"{&quot;aperture&quot;:&quot;3.5&quot;,&quot;credit&quot;:&quot;&quot;,&quot;camera&quot;:&quot;Canon EOS 60D&quot;,&quot;caption&quot;:&quot;&quot;,&quot;created_timestamp&quot;:&quot;1547726702&quot;,&quot;copyright&quot;:&quot;&quot;,&quot;focal_length&quot;:&quot;23&quot;,&quot;iso&quot;:&quot;100&quot;,&quot;shutter_speed&quot;:&quot;0.003125&quot;,&quot;title&quot;:&quot;&quot;,&quot;orientation&quot;:&quot;1&quot;}\" data-image-title=\"19 muni calle 11\" data-image-description=\"\" data-image-caption=\"\" data-large-file=\"https:\/\/www.hoymercedes.com.ar\/principal\/wp-content\/uploads\/2019\/01\/19-muni-calle-11.jpg\" src=\"https:\/\/www.hoymercedes.com.ar\/principal\/wp-content\/uploads\/2019\/01\/19-muni-calle-11.jpg\" alt=\"\" class=\"wp-image-87056\" srcset=\"https:\/\/www.hoymercedes.com.ar\/principal\/wp-content\/uploads\/2019\/01\/19-muni-calle-11.jpg 750w, https:\/\/www.hoymercedes.com.ar\/principal\/wp-content\/uploads\/2019\/01\/19-muni-calle-11-150x84.jpg 150w, https:\/\/www.hoymercedes.com.ar\/principal\/wp-content\/uploads\/2019\/01\/19-muni-calle-11-630x354.jpg 630w\" sizes=\"auto, (max-width: 750px) 100vw, 750px\" \/><\/figure>\n\n\n\n<p>De acuerdo a la informaci\u00f3n brindada por el Jefe de Gabinete, Mat\u00edas Dematei, el asfaltado est\u00e1 fraguando y por lo tanto, la calle permanecer\u00e1 inhabilitada por unos 15 d\u00edas m\u00e1s. Primero estar\u00edan habilitando media calzada para la circulaci\u00f3n de los veh\u00edculos para luego habilitarla totalmente cuando se cumplan los tiempos de secado. <\/p>\n\n\n\n<p>\u00abDe utilizarse antes de tiempo causar\u00e1 inconvenientes y la obra no quedar\u00e1 como deber\u00eda. Por eso a los vecinos les pedimos paciencia y disculpas por los inconvenientes\u201d, manifest\u00f3 el funcionario. \u00a0\u00a0 \u00a0<\/p>\n\n\n\n<p>\u201cTodos sabemos que la red cloacal de la ciudad es muy vieja, y sabemos de los problemas que ello genera. En este caso nos encontramos que la ca\u00f1er\u00eda ya no exist\u00eda, los fluidos corr\u00edan por el conducto, pero no por la ca\u00f1er\u00eda, lo que produc\u00eda desmoronamientos constantes. \u201cTuvimos que cambiar toda la ca\u00f1er\u00eda en estos 100 metros y empalmarlos de un registro a otro\u00bb\u201d, explic\u00f3 el Jefe de Gabinete.<\/p>\n\n\n\n<figure class=\"wp-block-image\"><img loading=\"lazy\" decoding=\"async\" width=\"750\" height=\"500\" data-attachment-id=\"87055\" data-permalink=\"https:\/\/www.hoymercedes.com.ar\/principal\/2019\/01\/19\/concluyen-obra-cloacal-en-calle-11-entre-30-y-32\/19-muni-calle-11-2\/#main\" data-orig-file=\"https:\/\/www.hoymercedes.com.ar\/principal\/wp-content\/uploads\/2019\/01\/19-muni-calle-11-2.jpg\" data-orig-size=\"750,500\" data-comments-opened=\"0\" data-image-meta=\"{&quot;aperture&quot;:&quot;5.6&quot;,&quot;credit&quot;:&quot;&quot;,&quot;camera&quot;:&quot;Canon EOS 60D&quot;,&quot;caption&quot;:&quot;&quot;,&quot;created_timestamp&quot;:&quot;1547726624&quot;,&quot;copyright&quot;:&quot;&quot;,&quot;focal_length&quot;:&quot;55&quot;,&quot;iso&quot;:&quot;100&quot;,&quot;shutter_speed&quot;:&quot;0.003125&quot;,&quot;title&quot;:&quot;&quot;,&quot;orientation&quot;:&quot;1&quot;}\" data-image-title=\"19 muni calle 11 2\" data-image-description=\"\" data-image-caption=\"\" data-large-file=\"https:\/\/www.hoymercedes.com.ar\/principal\/wp-content\/uploads\/2019\/01\/19-muni-calle-11-2.jpg\" src=\"https:\/\/www.hoymercedes.com.ar\/principal\/wp-content\/uploads\/2019\/01\/19-muni-calle-11-2.jpg\" alt=\"\" class=\"wp-image-87055\" srcset=\"https:\/\/www.hoymercedes.com.ar\/principal\/wp-content\/uploads\/2019\/01\/19-muni-calle-11-2.jpg 750w, https:\/\/www.hoymercedes.com.ar\/principal\/wp-content\/uploads\/2019\/01\/19-muni-calle-11-2-150x100.jpg 150w, https:\/\/www.hoymercedes.com.ar\/principal\/wp-content\/uploads\/2019\/01\/19-muni-calle-11-2-630x420.jpg 630w, https:\/\/www.hoymercedes.com.ar\/principal\/wp-content\/uploads\/2019\/01\/19-muni-calle-11-2-720x480.jpg 720w, https:\/\/www.hoymercedes.com.ar\/principal\/wp-content\/uploads\/2019\/01\/19-muni-calle-11-2-360x240.jpg 360w\" sizes=\"auto, (max-width: 750px) 100vw, 750px\" \/><\/figure>\n","protected":false},"excerpt":{"rendered":"<p>El\u00a0\u00e1rea\u00a0de Obras P\u00fablicas de la Municipalidad de Mercedes termin\u00f3 la obra que estaba realiz\u00e1ndose en la cuadra de la calle &#8230; <a title=\"Concluyen obra cloacal en calle 11, entre 30 y 32\" class=\"read-more\" href=\"https:\/\/www.hoymercedes.com.ar\/principal\/2019\/01\/19\/concluyen-obra-cloacal-en-calle-11-entre-30-y-32\/\" aria-label=\"Leer m\u00e1s sobre Concluyen obra cloacal en calle 11, entre 30 y 32\">Leer m\u00e1s<\/a><\/p>\n","protected":false},"author":1,"featured_media":87055,"comment_status":"closed","ping_status":"open","sticky":false,"template":"","format":"standard","meta":{"_monsterinsights_skip_tracking":false,"_monsterinsights_sitenote_active":false,"_monsterinsights_sitenote_note":"","_monsterinsights_sitenote_category":0,"jetpack_post_was_ever_published":false,"_jetpack_newsletter_access":"","_jetpack_dont_email_post_to_subs":false,"_jetpack_newsletter_tier_id":0,"_jetpack_memberships_contains_paywalled_content":false,"_jetpack_memberships_contains_paid_content":false,"footnotes":"","jetpack_publicize_message":"","jetpack_publicize_feature_enabled":true,"jetpack_social_post_already_shared":true,"jetpack_social_options":{"image_generator_settings":{"template":"highway","default_image_id":0,"font":"","enabled":false},"version":2},"_wpas_customize_per_network":false},"categories":[30],"tags":[9901,244,5947],"class_list":["post-87054","post","type-post","status-publish","format-standard","has-post-thumbnail","hentry","category-municipio","tag-cloacas","tag-municipio-2","tag-obras-publicas","generate-columns","tablet-grid-50","mobile-grid-100","grid-parent","grid-50"],"jetpack_publicize_connections":[],"jetpack_featured_media_url":"https:\/\/www.hoymercedes.com.ar\/principal\/wp-content\/uploads\/2019\/01\/19-muni-calle-11-2.jpg","wps_subtitle":"Secando el asfalto","jetpack_sharing_enabled":true,"_links":{"self":[{"href":"https:\/\/www.hoymercedes.com.ar\/principal\/wp-json\/wp\/v2\/posts\/87054","targetHints":{"allow":["GET"]}}],"collection":[{"href":"https:\/\/www.hoymercedes.com.ar\/principal\/wp-json\/wp\/v2\/posts"}],"about":[{"href":"https:\/\/www.hoymercedes.com.ar\/principal\/wp-json\/wp\/v2\/types\/post"}],"author":[{"embeddable":true,"href":"https:\/\/www.hoymercedes.com.ar\/principal\/wp-json\/wp\/v2\/users\/1"}],"replies":[{"embeddable":true,"href":"https:\/\/www.hoymercedes.com.ar\/principal\/wp-json\/wp\/v2\/comments?post=87054"}],"version-history":[{"count":0,"href":"https:\/\/www.hoymercedes.com.ar\/principal\/wp-json\/wp\/v2\/posts\/87054\/revisions"}],"wp:featuredmedia":[{"embeddable":true,"href":"https:\/\/www.hoymercedes.com.ar\/principal\/wp-json\/wp\/v2\/media\/87055"}],"wp:attachment":[{"href":"https:\/\/www.hoymercedes.com.ar\/principal\/wp-json\/wp\/v2\/media?parent=87054"}],"wp:term":[{"taxonomy":"category","embeddable":true,"href":"https:\/\/www.hoymercedes.com.ar\/principal\/wp-json\/wp\/v2\/categories?post=87054"},{"taxonomy":"post_tag","embeddable":true,"href":"https:\/\/www.hoymercedes.com.ar\/principal\/wp-json\/wp\/v2\/tags?post=87054"}],"curies":[{"name":"wp","href":"https:\/\/api.w.org\/{rel}","templated":true}]}}