{"id":8706,"date":"2011-10-28T11:34:32","date_gmt":"2011-10-28T11:34:32","guid":{"rendered":"http:\/\/www.hoymercedes.com.ar\/principal\/?p=8706"},"modified":"2011-10-28T11:34:32","modified_gmt":"2011-10-28T11:34:32","slug":"benitez-tambien-habria-hecho-un-acuerdo-con-selva","status":"publish","type":"post","link":"https:\/\/www.hoymercedes.com.ar\/principal\/2011\/10\/28\/benitez-tambien-habria-hecho-un-acuerdo-con-selva\/","title":{"rendered":"Ben\u00edtez tambi\u00e9n habr\u00eda hecho un acuerdo con Selva"},"content":{"rendered":"<p>Luego del primer episodio en el cual se responsabilizaba a conocidos dirigentes de la UCR local que haber desplazo en sus boletas del domingo al candidato a Intendente del UDESO colocando en su reemplazo la de Selva y la en\u00e9rgica respuesta dada a conocer por el candidato Juan Manuel Torres y sus principales colaboradores, comenzaron a recaer comentarios similares sobre Juan Carlos Ben\u00edtez, candidato a Intendente por el Frente Popular que en el orden nacional encabez\u00f3 el ex presidente Eduardo Duhalde pero en este caso con un agregado, que de acuerdo a lo pactado con el actual intendente Carlos Selva, Juan Carlos Ben\u00edtez qui\u00e9n en la actualidad ocupa una banca en el Concejo Deliberante por Uni\u00f3n Pro obtenida en el 2009 por lo cual cuenta con mandato habilitado por dos a\u00f1os m\u00e1s, deber\u00eda hacerse cargo a partir de diciembre cuando Selva comience su tercer mandato gestionado el municipio de Mercedes nada menos que de un lugar realmente cr\u00edtico y sensible como es el Corral\u00f3n Municipal.<\/p>\n<p>Estos comentarios ganaron r\u00e1pidamente la calle comenzando a escucharse en muchos sectores importantes de la vida diaria de los mercedinos pero r\u00e1pidamente fueron neutralizados por el propio Concejal, qui\u00e9n adem\u00e1s es de acuerdo al derecho que le otorg\u00f3 haber ganado el llamado a concurso efectuado, el m\u00e1ximo responsable del Servicio de Iluminaci\u00f3n de la Municipalidad, cargo en el que se encuentra de licencia justamente por ocupar una banca en el HCD.<\/p>\n<p>Ben\u00edtez se refiri\u00f3 a dichos comentarios expresando <em>\u201ccreo que hay que ver bien de donde parten los mismos y en definitiva quienes son los que los hacen.<\/em><\/p>\n<p><em>Si me dicen que quienes hacen dicho comentario son vecinos comunes, con esto quiero decir que no tienen ninguna actividad como dirigentes pol\u00edticos en la ciudad podr\u00eda entender que lo hagan y hasta quiz\u00e1s aceptarlo, pero lo que no puedo hacer es directamente permitir y aceptar que los autores de los mismos sean dirigentes de otras fuerzas pol\u00edticas ajenas a la propia porque realmente est\u00e1n faltando a la verdad y al mismo tiempo haciendo un grave da\u00f1os a todos.<\/em><\/p>\n<p><em>La gente se piensa que es f\u00e1cil hablar de pronto con dos mil o tres mil personas antes de una elecci\u00f3n para convencerlos que voten en lugar de mi lista a la de cualquiera de los restantes candidatos para beneficiarlo en una lucha como se dio en nuestra ciudad entre dos representantes de un misma propuesta pol\u00edtica y de un modelo de gobierno similar como lo son Carlos Selva y Juan Ignacio Ustarroz, y lo m\u00e1s importante como hacerlo en secreto evitando que nadie se de cuenta de lo que estamos haciendo, algo que por cierto sale a la opini\u00f3n publica ahora cuando las elecciones pasaron y ya se conocen los resultados\u201d.<\/em><\/p>\n<p>M\u00e1s adelante Juan Carlos Ben\u00edtez sostuvo<em> \u201csi analizamos bien los resultados del domingo vemos claramente que los \u00fanicos que mantuvieron sus porcentajes y hasta aumentaron su caudal de votos fueron quienes salieron primero y segundo respectivamente, el resto hasta el octavo todos perdimos votos, incluso el que m\u00e1s sufri\u00f3 cortes teniendo en cuenta los votos obtenidos en relaci\u00f3n a los que sac\u00f3 el candidato a presidente de su partido fue Luis Colao con relaci\u00f3n a Binner, luego Gabriel \u00c1lvarez con Rodr\u00edguez Saa y luego casi de manera pareja tanto Juan Manuel Torres como yo y as\u00ed el resto.<\/em><\/p>\n<p><em>Entonces si bien en verdad que todos perdimos votos y que esos votos fueron a alg\u00fan lado, creo que se distribuyeron entre los dos grupos justicialista aunque la realidad nos indica que el actual intendente Carlos Selva se vio mucho m\u00e1s beneficiado en dicha distribuci\u00f3n peo nadie me puede negar que \u201cJuani\u201d capitaliz\u00f3 cerca de dos mil de esos votos que se transfirieron.<\/em><\/p>\n<p><em>Por eso quienes andan manifestando que hubo un acuerdo entre Selva y yo realmente no saben lo que est\u00e1n diciendo\u201d.<\/em><\/p>\n","protected":false},"excerpt":{"rendered":"<p>Luego del primer episodio en el cual se responsabilizaba a conocidos dirigentes de la UCR local que haber desplazo en &#8230; <a title=\"Ben\u00edtez tambi\u00e9n habr\u00eda hecho un acuerdo con Selva\" class=\"read-more\" href=\"https:\/\/www.hoymercedes.com.ar\/principal\/2011\/10\/28\/benitez-tambien-habria-hecho-un-acuerdo-con-selva\/\" aria-label=\"Leer m\u00e1s sobre Ben\u00edtez tambi\u00e9n habr\u00eda hecho un acuerdo con Selva\">Leer m\u00e1s<\/a><\/p>\n","protected":false},"author":1,"featured_media":0,"comment_status":"open","ping_status":"open","sticky":false,"template":"","format":"standard","meta":{"_monsterinsights_skip_tracking":false,"_monsterinsights_sitenote_active":false,"_monsterinsights_sitenote_note":"","_monsterinsights_sitenote_category":0,"jetpack_post_was_ever_published":false,"_jetpack_newsletter_access":"","_jetpack_dont_email_post_to_subs":false,"_jetpack_newsletter_tier_id":0,"_jetpack_memberships_contains_paywalled_content":false,"_jetpack_memberships_contains_paid_content":false,"footnotes":"","jetpack_publicize_message":"","jetpack_publicize_feature_enabled":true,"jetpack_social_post_already_shared":false,"jetpack_social_options":{"image_generator_settings":{"template":"highway","default_image_id":0,"font":"","enabled":false},"version":2},"_wpas_customize_per_network":false},"categories":[5],"tags":[313],"class_list":["post-8706","post","type-post","status-publish","format-standard","hentry","category-politica","tag-juan-carlos-benitez","generate-columns","tablet-grid-50","mobile-grid-100","grid-parent","grid-50"],"jetpack_publicize_connections":[],"jetpack_featured_media_url":"","wps_subtitle":"","jetpack_sharing_enabled":true,"_links":{"self":[{"href":"https:\/\/www.hoymercedes.com.ar\/principal\/wp-json\/wp\/v2\/posts\/8706","targetHints":{"allow":["GET"]}}],"collection":[{"href":"https:\/\/www.hoymercedes.com.ar\/principal\/wp-json\/wp\/v2\/posts"}],"about":[{"href":"https:\/\/www.hoymercedes.com.ar\/principal\/wp-json\/wp\/v2\/types\/post"}],"author":[{"embeddable":true,"href":"https:\/\/www.hoymercedes.com.ar\/principal\/wp-json\/wp\/v2\/users\/1"}],"replies":[{"embeddable":true,"href":"https:\/\/www.hoymercedes.com.ar\/principal\/wp-json\/wp\/v2\/comments?post=8706"}],"version-history":[{"count":0,"href":"https:\/\/www.hoymercedes.com.ar\/principal\/wp-json\/wp\/v2\/posts\/8706\/revisions"}],"wp:attachment":[{"href":"https:\/\/www.hoymercedes.com.ar\/principal\/wp-json\/wp\/v2\/media?parent=8706"}],"wp:term":[{"taxonomy":"category","embeddable":true,"href":"https:\/\/www.hoymercedes.com.ar\/principal\/wp-json\/wp\/v2\/categories?post=8706"},{"taxonomy":"post_tag","embeddable":true,"href":"https:\/\/www.hoymercedes.com.ar\/principal\/wp-json\/wp\/v2\/tags?post=8706"}],"curies":[{"name":"wp","href":"https:\/\/api.w.org\/{rel}","templated":true}]}}