{"id":87074,"date":"2019-01-20T12:30:00","date_gmt":"2019-01-20T15:30:00","guid":{"rendered":"http:\/\/www.hoymercedes.com.ar\/principal\/?p=87074"},"modified":"2019-01-20T11:01:35","modified_gmt":"2019-01-20T14:01:35","slug":"damian-lacoste-y-oscar-poltronieri-en-un-proyecto-de-lanzamiento-politico","status":"publish","type":"post","link":"https:\/\/www.hoymercedes.com.ar\/principal\/2019\/01\/20\/damian-lacoste-y-oscar-poltronieri-en-un-proyecto-de-lanzamiento-politico\/","title":{"rendered":"Dami\u00e1n Lacoste y Oscar Poltronieri, en un proyecto de lanzamiento pol\u00edtico"},"content":{"rendered":"\n<p>Por Diario El Oeste &#8211;<strong><em> El escenario central de la pol\u00edtica Nacional est\u00e1 abriendo camino a nuevos nombres. Se est\u00e1n reuniendo con Juan Magianlli. En estos d\u00edas habr\u00eda una reuni\u00f3n con los m\u00e1ximos referentes de la l\u00ednea pol\u00edtica. <\/em><\/strong><\/p>\n\n\n\n<figure class=\"wp-block-image\"><img loading=\"lazy\" decoding=\"async\" width=\"750\" height=\"500\" data-attachment-id=\"87075\" data-permalink=\"https:\/\/www.hoymercedes.com.ar\/principal\/2019\/01\/20\/damian-lacoste-y-oscar-poltronieri-en-un-proyecto-de-lanzamiento-politico\/20-lacoste\/#main\" data-orig-file=\"https:\/\/www.hoymercedes.com.ar\/principal\/wp-content\/uploads\/2019\/01\/20-lacoste.jpg\" data-orig-size=\"750,500\" data-comments-opened=\"0\" data-image-meta=\"{&quot;aperture&quot;:&quot;0&quot;,&quot;credit&quot;:&quot;&quot;,&quot;camera&quot;:&quot;&quot;,&quot;caption&quot;:&quot;&quot;,&quot;created_timestamp&quot;:&quot;0&quot;,&quot;copyright&quot;:&quot;&quot;,&quot;focal_length&quot;:&quot;0&quot;,&quot;iso&quot;:&quot;0&quot;,&quot;shutter_speed&quot;:&quot;0&quot;,&quot;title&quot;:&quot;&quot;,&quot;orientation&quot;:&quot;0&quot;}\" data-image-title=\"20 lacoste\" data-image-description=\"\" data-image-caption=\"\" data-large-file=\"https:\/\/www.hoymercedes.com.ar\/principal\/wp-content\/uploads\/2019\/01\/20-lacoste.jpg\" src=\"https:\/\/www.hoymercedes.com.ar\/principal\/wp-content\/uploads\/2019\/01\/20-lacoste.jpg\" alt=\"\" class=\"wp-image-87075\" srcset=\"https:\/\/www.hoymercedes.com.ar\/principal\/wp-content\/uploads\/2019\/01\/20-lacoste.jpg 750w, https:\/\/www.hoymercedes.com.ar\/principal\/wp-content\/uploads\/2019\/01\/20-lacoste-150x100.jpg 150w, https:\/\/www.hoymercedes.com.ar\/principal\/wp-content\/uploads\/2019\/01\/20-lacoste-630x420.jpg 630w, https:\/\/www.hoymercedes.com.ar\/principal\/wp-content\/uploads\/2019\/01\/20-lacoste-720x480.jpg 720w, https:\/\/www.hoymercedes.com.ar\/principal\/wp-content\/uploads\/2019\/01\/20-lacoste-360x240.jpg 360w\" sizes=\"auto, (max-width: 750px) 100vw, 750px\" \/><\/figure>\n\n\n\n<p>De la mano de Juan Magiamelli (reconocido\nactor pol\u00edtico y militar por sus operaciones en el plan c\u00f3ndor en las Malvinas\nen el a\u00f1o 1966); del lineamiento del diputado Olmedo, asesorado por cercanos de\nAldo Rico, y con la figura del h\u00e9roe nacional \u00d3scar Ismael Poltronieri, se\nllevan a cabo encuentros en los que se resuelven en las ciudades un\nacompa\u00f1amiento.<\/p>\n\n\n\n<p>El referente local que buscan convencer por la\nincesante actividad social y p\u00fablica ser\u00eda C\u00e9sar Dami\u00e1n \u201cEl Vasco\u201d Lacoste, (Conocido\n\u00faltimamente por intervenir en la usurpaci\u00f3n de la estaci\u00f3n de Altamira,\nrecuper\u00e1ndola y devolvi\u00e9ndosela al pueblo del lugar.<\/p>\n\n\n\n<p>En di\u00e1logo con El Oeste, la responsable de prensa del flamante nucleamiento, Mariela Sirello, describi\u00f3 diciendo que \u201ctambi\u00e9n por sus tareas solidarias con el soldado Poltronieri, cantante, referente p\u00fablico por enfrentar al consejo deliberantes de Mercedes a caballo seguido de sus corsarios del pueblo. En el marco de tratar de hacer posible el acompa\u00f1amiento de este \u00faltimo\u201d.<\/p>\n\n\n\n<p>Lacoste propone se llame a lo que est\u00e1n\norganizando: \u201cMovimiento Patri\u00f3tico Oscar Ismael Poltronieri\u201d.<\/p>\n\n\n\n<p><strong>Reuniones<\/strong><\/p>\n\n\n\n<p>El d\u00eda lunes 7 de enero se realiz\u00f3 la segunda\nreuni\u00f3n en la ciudad de Mercedes, en ella asistir\u00e1n Magiamelli, Poltronieri un\nrepresentante de los capallanes Nacionales Jorge Galarza en la que se\nresolver\u00e1n temas puntuales.<\/p>\n\n\n\n<p>Por ejemplo la intervenci\u00f3n del Movimiento Patri\u00f3tico\n\u00d3scar Ismael Poltronieri en la instalaci\u00f3n de perforaciones para brindarles\nagua potable a pueblos originarios del Chaco.<\/p>\n\n\n\n<p>Poltronieri ser\u00eda padrino del paraje La Sirena\ny negocia una r\u00e1pida intervenci\u00f3n de la mano de Lacoste.<\/p>\n\n\n\n<p>Tambi\u00e9n, la acci\u00f3n intenta conquistar un\nemblema perdido en la sociedad nacional, como La cultura del respeto, la\neducaci\u00f3n y el trabajo.<\/p>\n\n\n\n<p>La palabra clave que el movimiento utilizar\u00e1\nser\u00e1 Transformaci\u00f3n.<\/p>\n\n\n\n<p>\u00daltimamente se ve en las redes sociales con\nmucha actividad a Lacoste, junto a Poltronieri, inclusive hasta afuera de\nMercedes o con amigos en com\u00fan como el pugilista Walter Sequeira quien combati\u00f3\nel viernes en Mar del Plata.<\/p>\n\n\n\n<p>Colaboraci\u00f3n: Diario El Oeste de Mercedes<\/p>\n","protected":false},"excerpt":{"rendered":"<p>Por Diario El Oeste &#8211; El escenario central de la pol\u00edtica Nacional est\u00e1 abriendo camino a nuevos nombres. Se est\u00e1n &#8230; <a title=\"Dami\u00e1n Lacoste y Oscar Poltronieri, en un proyecto de lanzamiento pol\u00edtico\" class=\"read-more\" href=\"https:\/\/www.hoymercedes.com.ar\/principal\/2019\/01\/20\/damian-lacoste-y-oscar-poltronieri-en-un-proyecto-de-lanzamiento-politico\/\" aria-label=\"Leer m\u00e1s sobre Dami\u00e1n Lacoste y Oscar Poltronieri, en un proyecto de lanzamiento pol\u00edtico\">Leer m\u00e1s<\/a><\/p>\n","protected":false},"author":1,"featured_media":87075,"comment_status":"closed","ping_status":"open","sticky":false,"template":"","format":"standard","meta":{"_monsterinsights_skip_tracking":false,"_monsterinsights_sitenote_active":false,"_monsterinsights_sitenote_note":"","_monsterinsights_sitenote_category":0,"jetpack_post_was_ever_published":false,"_jetpack_newsletter_access":"","_jetpack_dont_email_post_to_subs":false,"_jetpack_newsletter_tier_id":0,"_jetpack_memberships_contains_paywalled_content":false,"_jetpack_memberships_contains_paid_content":false,"footnotes":"","jetpack_publicize_message":"","jetpack_publicize_feature_enabled":true,"jetpack_social_post_already_shared":true,"jetpack_social_options":{"image_generator_settings":{"template":"highway","default_image_id":0,"font":"","enabled":false},"version":2},"_wpas_customize_per_network":false},"categories":[5],"tags":[14403,14402,5319],"class_list":["post-87074","post","type-post","status-publish","format-standard","has-post-thumbnail","hentry","category-politica","tag-elecciones-2019","tag-partido-politico","tag-politica-2","generate-columns","tablet-grid-50","mobile-grid-100","grid-parent","grid-50"],"jetpack_publicize_connections":[],"jetpack_featured_media_url":"https:\/\/www.hoymercedes.com.ar\/principal\/wp-content\/uploads\/2019\/01\/20-lacoste.jpg","wps_subtitle":"Desde hace tres semanas","jetpack_sharing_enabled":true,"_links":{"self":[{"href":"https:\/\/www.hoymercedes.com.ar\/principal\/wp-json\/wp\/v2\/posts\/87074","targetHints":{"allow":["GET"]}}],"collection":[{"href":"https:\/\/www.hoymercedes.com.ar\/principal\/wp-json\/wp\/v2\/posts"}],"about":[{"href":"https:\/\/www.hoymercedes.com.ar\/principal\/wp-json\/wp\/v2\/types\/post"}],"author":[{"embeddable":true,"href":"https:\/\/www.hoymercedes.com.ar\/principal\/wp-json\/wp\/v2\/users\/1"}],"replies":[{"embeddable":true,"href":"https:\/\/www.hoymercedes.com.ar\/principal\/wp-json\/wp\/v2\/comments?post=87074"}],"version-history":[{"count":0,"href":"https:\/\/www.hoymercedes.com.ar\/principal\/wp-json\/wp\/v2\/posts\/87074\/revisions"}],"wp:featuredmedia":[{"embeddable":true,"href":"https:\/\/www.hoymercedes.com.ar\/principal\/wp-json\/wp\/v2\/media\/87075"}],"wp:attachment":[{"href":"https:\/\/www.hoymercedes.com.ar\/principal\/wp-json\/wp\/v2\/media?parent=87074"}],"wp:term":[{"taxonomy":"category","embeddable":true,"href":"https:\/\/www.hoymercedes.com.ar\/principal\/wp-json\/wp\/v2\/categories?post=87074"},{"taxonomy":"post_tag","embeddable":true,"href":"https:\/\/www.hoymercedes.com.ar\/principal\/wp-json\/wp\/v2\/tags?post=87074"}],"curies":[{"name":"wp","href":"https:\/\/api.w.org\/{rel}","templated":true}]}}