{"id":87127,"date":"2019-01-21T14:30:21","date_gmt":"2019-01-21T17:30:21","guid":{"rendered":"http:\/\/www.hoymercedes.com.ar\/principal\/?p=87127"},"modified":"2019-01-21T19:04:59","modified_gmt":"2019-01-21T22:04:59","slug":"perdida-total-en-una-casa-por-incendio-en-115-y-18","status":"publish","type":"post","link":"https:\/\/www.hoymercedes.com.ar\/principal\/2019\/01\/21\/perdida-total-en-una-casa-por-incendio-en-115-y-18\/","title":{"rendered":"P\u00e9rdida total en una casa por incendio en 115 y 18"},"content":{"rendered":"\n<p>Minutos\nantes del mediod\u00eda el cuerpo de Bomberos Voluntario debi\u00f3 hacerse presente en\nuna casa en 115 y 18 que estaba incendi\u00e1ndose. Dos veh\u00edculos autobomba y una dotaci\u00f3n\ncon personal se lleg\u00f3 hasta el lugar con una decena de bomberos, adem\u00e1s de\npersonal de Protecci\u00f3n Civil que solicit\u00f3 la intervenci\u00f3n del \u00e1rea de\nInspecci\u00f3n Municipal ya que habr\u00edan tenido fisuras en la construcci\u00f3n. <\/p>\n\n\n\n<figure class=\"wp-block-image\"><img loading=\"lazy\" decoding=\"async\" width=\"750\" height=\"500\" data-attachment-id=\"87128\" data-permalink=\"https:\/\/www.hoymercedes.com.ar\/principal\/2019\/01\/21\/perdida-total-en-una-casa-por-incendio-en-115-y-18\/21-bomberos-1\/#main\" data-orig-file=\"https:\/\/www.hoymercedes.com.ar\/principal\/wp-content\/uploads\/2019\/01\/21-bomberos-1.jpeg\" data-orig-size=\"750,500\" data-comments-opened=\"0\" data-image-meta=\"{&quot;aperture&quot;:&quot;0&quot;,&quot;credit&quot;:&quot;&quot;,&quot;camera&quot;:&quot;&quot;,&quot;caption&quot;:&quot;&quot;,&quot;created_timestamp&quot;:&quot;0&quot;,&quot;copyright&quot;:&quot;&quot;,&quot;focal_length&quot;:&quot;0&quot;,&quot;iso&quot;:&quot;0&quot;,&quot;shutter_speed&quot;:&quot;0&quot;,&quot;title&quot;:&quot;&quot;,&quot;orientation&quot;:&quot;0&quot;}\" data-image-title=\"21 bomberos 1\" data-image-description=\"\" data-image-caption=\"\" data-large-file=\"https:\/\/www.hoymercedes.com.ar\/principal\/wp-content\/uploads\/2019\/01\/21-bomberos-1.jpeg\" src=\"https:\/\/www.hoymercedes.com.ar\/principal\/wp-content\/uploads\/2019\/01\/21-bomberos-1.jpeg\" alt=\"\" class=\"wp-image-87128\" srcset=\"https:\/\/www.hoymercedes.com.ar\/principal\/wp-content\/uploads\/2019\/01\/21-bomberos-1.jpeg 750w, https:\/\/www.hoymercedes.com.ar\/principal\/wp-content\/uploads\/2019\/01\/21-bomberos-1-150x100.jpeg 150w, https:\/\/www.hoymercedes.com.ar\/principal\/wp-content\/uploads\/2019\/01\/21-bomberos-1-630x420.jpeg 630w, https:\/\/www.hoymercedes.com.ar\/principal\/wp-content\/uploads\/2019\/01\/21-bomberos-1-720x480.jpeg 720w, https:\/\/www.hoymercedes.com.ar\/principal\/wp-content\/uploads\/2019\/01\/21-bomberos-1-360x240.jpeg 360w\" sizes=\"auto, (max-width: 750px) 100vw, 750px\" \/><\/figure>\n\n\n\n<p>Desde el\ncuerpo de Bomberos Voluntarios informaron que el incendio podr\u00eda haberse\niniciado en uno de los dormitorios tomando las llamas el \u00e1rea de la cocina y\notras habitaciones. \u201cLa causa del incendio es dif\u00edcil de establecer. Aparentemente\nel fuego se inici\u00f3 en uno de los dormitorios que despu\u00e9s se generaliz\u00f3. El\nhabitante de la casa no estaba en el lugar\u201d expres\u00f3 el Jefe del cuerpo de\nBomberos Voluntarios Alfredo Ismael Guti\u00e9rrez. <\/p>\n\n\n\n<p>\u201cEl incendio se generaliz\u00f3 &nbsp;en la cocina y el dormitorio. Pero las altas temperaturas destruyen los pl\u00e1sticos y los muebles de aglomerados. Hubo grandes p\u00e9rdidas\u201d, agreg\u00f3 el Jefe del cuartel de calle 22 y 15. <\/p>\n\n\n\n<p>A trav\u00e9s de redes sociales comenz\u00f3 a circular los pedidos de colaboraci\u00f3n para quienes viv\u00edan all\u00ed, dos hermanos, uno de ellos profesor de escuelas secundarias. Las colaboraciones se reciben en av. 1 N 316, entre 14 y 16, (familia Nu\u00f1ez)<\/p>\n\n\n\n<figure class=\"wp-block-image\"><img loading=\"lazy\" decoding=\"async\" width=\"750\" height=\"500\" data-attachment-id=\"87129\" data-permalink=\"https:\/\/www.hoymercedes.com.ar\/principal\/2019\/01\/21\/perdida-total-en-una-casa-por-incendio-en-115-y-18\/21-bomberos-2\/#main\" data-orig-file=\"https:\/\/www.hoymercedes.com.ar\/principal\/wp-content\/uploads\/2019\/01\/21-bomberos-2.jpeg\" data-orig-size=\"750,500\" data-comments-opened=\"0\" data-image-meta=\"{&quot;aperture&quot;:&quot;0&quot;,&quot;credit&quot;:&quot;&quot;,&quot;camera&quot;:&quot;&quot;,&quot;caption&quot;:&quot;&quot;,&quot;created_timestamp&quot;:&quot;0&quot;,&quot;copyright&quot;:&quot;&quot;,&quot;focal_length&quot;:&quot;0&quot;,&quot;iso&quot;:&quot;0&quot;,&quot;shutter_speed&quot;:&quot;0&quot;,&quot;title&quot;:&quot;&quot;,&quot;orientation&quot;:&quot;0&quot;}\" data-image-title=\"21 bomberos 2\" data-image-description=\"\" data-image-caption=\"\" data-large-file=\"https:\/\/www.hoymercedes.com.ar\/principal\/wp-content\/uploads\/2019\/01\/21-bomberos-2.jpeg\" src=\"https:\/\/www.hoymercedes.com.ar\/principal\/wp-content\/uploads\/2019\/01\/21-bomberos-2.jpeg\" alt=\"\" class=\"wp-image-87129\" srcset=\"https:\/\/www.hoymercedes.com.ar\/principal\/wp-content\/uploads\/2019\/01\/21-bomberos-2.jpeg 750w, https:\/\/www.hoymercedes.com.ar\/principal\/wp-content\/uploads\/2019\/01\/21-bomberos-2-150x100.jpeg 150w, https:\/\/www.hoymercedes.com.ar\/principal\/wp-content\/uploads\/2019\/01\/21-bomberos-2-630x420.jpeg 630w, https:\/\/www.hoymercedes.com.ar\/principal\/wp-content\/uploads\/2019\/01\/21-bomberos-2-720x480.jpeg 720w, https:\/\/www.hoymercedes.com.ar\/principal\/wp-content\/uploads\/2019\/01\/21-bomberos-2-360x240.jpeg 360w\" sizes=\"auto, (max-width: 750px) 100vw, 750px\" \/><\/figure>\n","protected":false},"excerpt":{"rendered":"<p>Minutos antes del mediod\u00eda el cuerpo de Bomberos Voluntario debi\u00f3 hacerse presente en una casa en 115 y 18 que &#8230; <a title=\"P\u00e9rdida total en una casa por incendio en 115 y 18\" class=\"read-more\" href=\"https:\/\/www.hoymercedes.com.ar\/principal\/2019\/01\/21\/perdida-total-en-una-casa-por-incendio-en-115-y-18\/\" aria-label=\"Leer m\u00e1s sobre P\u00e9rdida total en una casa por incendio en 115 y 18\">Leer m\u00e1s<\/a><\/p>\n","protected":false},"author":1,"featured_media":87129,"comment_status":"closed","ping_status":"open","sticky":false,"template":"","format":"standard","meta":{"_monsterinsights_skip_tracking":false,"_monsterinsights_sitenote_active":false,"_monsterinsights_sitenote_note":"","_monsterinsights_sitenote_category":0,"jetpack_post_was_ever_published":false,"_jetpack_newsletter_access":"","_jetpack_dont_email_post_to_subs":false,"_jetpack_newsletter_tier_id":0,"_jetpack_memberships_contains_paywalled_content":false,"_jetpack_memberships_contains_paid_content":false,"footnotes":"","jetpack_publicize_message":"","jetpack_publicize_feature_enabled":true,"jetpack_social_post_already_shared":true,"jetpack_social_options":{"image_generator_settings":{"template":"highway","default_image_id":0,"font":"","enabled":false},"version":2},"_wpas_customize_per_network":false},"categories":[85],"tags":[865,286,3457],"class_list":["post-87127","post","type-post","status-publish","format-standard","has-post-thumbnail","hentry","category-policial","tag-bomberos-voluntarios","tag-incendio","tag-policiales","generate-columns","tablet-grid-50","mobile-grid-100","grid-parent","grid-50"],"jetpack_publicize_connections":[],"jetpack_featured_media_url":"https:\/\/www.hoymercedes.com.ar\/principal\/wp-content\/uploads\/2019\/01\/21-bomberos-2.jpeg","wps_subtitle":"En la ma\u00f1ana del lunes","jetpack_sharing_enabled":true,"_links":{"self":[{"href":"https:\/\/www.hoymercedes.com.ar\/principal\/wp-json\/wp\/v2\/posts\/87127","targetHints":{"allow":["GET"]}}],"collection":[{"href":"https:\/\/www.hoymercedes.com.ar\/principal\/wp-json\/wp\/v2\/posts"}],"about":[{"href":"https:\/\/www.hoymercedes.com.ar\/principal\/wp-json\/wp\/v2\/types\/post"}],"author":[{"embeddable":true,"href":"https:\/\/www.hoymercedes.com.ar\/principal\/wp-json\/wp\/v2\/users\/1"}],"replies":[{"embeddable":true,"href":"https:\/\/www.hoymercedes.com.ar\/principal\/wp-json\/wp\/v2\/comments?post=87127"}],"version-history":[{"count":0,"href":"https:\/\/www.hoymercedes.com.ar\/principal\/wp-json\/wp\/v2\/posts\/87127\/revisions"}],"wp:featuredmedia":[{"embeddable":true,"href":"https:\/\/www.hoymercedes.com.ar\/principal\/wp-json\/wp\/v2\/media\/87129"}],"wp:attachment":[{"href":"https:\/\/www.hoymercedes.com.ar\/principal\/wp-json\/wp\/v2\/media?parent=87127"}],"wp:term":[{"taxonomy":"category","embeddable":true,"href":"https:\/\/www.hoymercedes.com.ar\/principal\/wp-json\/wp\/v2\/categories?post=87127"},{"taxonomy":"post_tag","embeddable":true,"href":"https:\/\/www.hoymercedes.com.ar\/principal\/wp-json\/wp\/v2\/tags?post=87127"}],"curies":[{"name":"wp","href":"https:\/\/api.w.org\/{rel}","templated":true}]}}