{"id":87149,"date":"2019-01-21T18:38:43","date_gmt":"2019-01-21T21:38:43","guid":{"rendered":"http:\/\/www.hoymercedes.com.ar\/principal\/?p=87149"},"modified":"2019-01-21T18:20:42","modified_gmt":"2019-01-21T21:20:42","slug":"mudan-los-caps-san-francisco-y-san-martin-por-remodelacion","status":"publish","type":"post","link":"https:\/\/www.hoymercedes.com.ar\/principal\/2019\/01\/21\/mudan-los-caps-san-francisco-y-san-martin-por-remodelacion\/","title":{"rendered":"Mudan los CAPS San Francisco y San Mart\u00edn por remodelaci\u00f3n"},"content":{"rendered":"\n<p>Debido a la remodelaci\u00f3n y puesta en valor de los Centro de Atenci\u00f3n Primaria de la Salud de los barrios \u201cSan Francisco\u201d y \u201cSan Mart\u00edn\u201d, los CAPS fueron mudados, hasta tanto y en cuanto, las obras finalicen. La salita del barrio \u201cSan Francisco\u201d estar\u00e1 funcionando en el centro de atenci\u00f3n \u201cLomas del Pac\u00edfico\u201d (calle 106 entre 41 y 39), y el CAPS \u201cSan Mart\u00edn\u201d desempe\u00f1ar\u00e1 sus trabajos en el CIC (calle 10 y 65). Los horarios de atenci\u00f3n se mantendr\u00e1n como de costumbre.<\/p>\n\n\n\n<p><\/p>\n","protected":false},"excerpt":{"rendered":"<p>Debido a la remodelaci\u00f3n y puesta en valor de los Centro de Atenci\u00f3n Primaria de la Salud de los barrios &#8230; <a title=\"Mudan los CAPS San Francisco y San Mart\u00edn por remodelaci\u00f3n\" class=\"read-more\" href=\"https:\/\/www.hoymercedes.com.ar\/principal\/2019\/01\/21\/mudan-los-caps-san-francisco-y-san-martin-por-remodelacion\/\" aria-label=\"Leer m\u00e1s sobre Mudan los CAPS San Francisco y San Mart\u00edn por remodelaci\u00f3n\">Leer m\u00e1s<\/a><\/p>\n","protected":false},"author":1,"featured_media":87150,"comment_status":"closed","ping_status":"open","sticky":false,"template":"","format":"standard","meta":{"_monsterinsights_skip_tracking":false,"_monsterinsights_sitenote_active":false,"_monsterinsights_sitenote_note":"","_monsterinsights_sitenote_category":0,"jetpack_post_was_ever_published":false,"_jetpack_newsletter_access":"","_jetpack_dont_email_post_to_subs":false,"_jetpack_newsletter_tier_id":0,"_jetpack_memberships_contains_paywalled_content":false,"_jetpack_memberships_contains_paid_content":false,"footnotes":"","jetpack_publicize_message":"","jetpack_publicize_feature_enabled":true,"jetpack_social_post_already_shared":true,"jetpack_social_options":{"image_generator_settings":{"template":"highway","default_image_id":0,"font":"","enabled":false},"version":2},"_wpas_customize_per_network":false},"categories":[30],"tags":[1078,12693,244,134],"class_list":["post-87149","post","type-post","status-publish","format-standard","has-post-thumbnail","hentry","category-municipio","tag-caps","tag-mudanza","tag-municipio-2","tag-salud","generate-columns","tablet-grid-50","mobile-grid-100","grid-parent","grid-50"],"jetpack_publicize_connections":[],"jetpack_featured_media_url":"https:\/\/www.hoymercedes.com.ar\/principal\/wp-content\/uploads\/2019\/01\/21-caps-san-francisco.jpeg","wps_subtitle":"Atenci\u00f3n en salud","jetpack_sharing_enabled":true,"_links":{"self":[{"href":"https:\/\/www.hoymercedes.com.ar\/principal\/wp-json\/wp\/v2\/posts\/87149","targetHints":{"allow":["GET"]}}],"collection":[{"href":"https:\/\/www.hoymercedes.com.ar\/principal\/wp-json\/wp\/v2\/posts"}],"about":[{"href":"https:\/\/www.hoymercedes.com.ar\/principal\/wp-json\/wp\/v2\/types\/post"}],"author":[{"embeddable":true,"href":"https:\/\/www.hoymercedes.com.ar\/principal\/wp-json\/wp\/v2\/users\/1"}],"replies":[{"embeddable":true,"href":"https:\/\/www.hoymercedes.com.ar\/principal\/wp-json\/wp\/v2\/comments?post=87149"}],"version-history":[{"count":0,"href":"https:\/\/www.hoymercedes.com.ar\/principal\/wp-json\/wp\/v2\/posts\/87149\/revisions"}],"wp:featuredmedia":[{"embeddable":true,"href":"https:\/\/www.hoymercedes.com.ar\/principal\/wp-json\/wp\/v2\/media\/87150"}],"wp:attachment":[{"href":"https:\/\/www.hoymercedes.com.ar\/principal\/wp-json\/wp\/v2\/media?parent=87149"}],"wp:term":[{"taxonomy":"category","embeddable":true,"href":"https:\/\/www.hoymercedes.com.ar\/principal\/wp-json\/wp\/v2\/categories?post=87149"},{"taxonomy":"post_tag","embeddable":true,"href":"https:\/\/www.hoymercedes.com.ar\/principal\/wp-json\/wp\/v2\/tags?post=87149"}],"curies":[{"name":"wp","href":"https:\/\/api.w.org\/{rel}","templated":true}]}}